{"id":18340,"date":"2012-05-24T10:17:00","date_gmt":"2012-05-24T14:17:00","guid":{"rendered":"http:\/\/www.eltrabajo.cl\/portal\/?p=18340"},"modified":"2012-05-24T10:17:00","modified_gmt":"2012-05-24T14:17:00","slug":"%e2%80%98juanito%e2%80%99-pulgar-ha-fabricado-miles-de-creaciones-en-madera-en-8-anos","status":"publish","type":"post","link":"https:\/\/eltrabajo.cl\/portal\/%e2%80%98juanito%e2%80%99-pulgar-ha-fabricado-miles-de-creaciones-en-madera-en-8-anos\/","title":{"rendered":"\u2018Juanito\u2019 Pulgar ha fabricado miles de creaciones en madera en 8 a\u00f1os"},"content":{"rendered":"<figure id=\"attachment_18341\" aria-describedby=\"caption-attachment-18341\" style=\"width: 600px\" class=\"wp-caption alignnone\"><a href=\"http:\/\/www.eltrabajo.cl\/portal\/2012\/05\/%e2%80%98juanito%e2%80%99-pulgar-ha-fabricado-miles-de-creaciones-en-madera-en-8-anos\/artesano1\/\" rel=\"attachment wp-att-18341\"><img data-recalc-dims=\"1\" loading=\"lazy\" decoding=\"async\" class=\"size-full wp-image-18341\" title=\"Artesano1\" src=\"https:\/\/i0.wp.com\/www.eltrabajo.cl\/portal\/wp-content\/uploads\/2012\/05\/Artesano1.jpg?resize=600%2C450\" alt=\"\" width=\"600\" height=\"450\" srcset=\"https:\/\/i0.wp.com\/eltrabajo.cl\/portal\/wp-content\/uploads\/2012\/05\/Artesano1.jpg?w=600&amp;ssl=1 600w, https:\/\/i0.wp.com\/eltrabajo.cl\/portal\/wp-content\/uploads\/2012\/05\/Artesano1.jpg?resize=200%2C150&amp;ssl=1 200w, https:\/\/i0.wp.com\/eltrabajo.cl\/portal\/wp-content\/uploads\/2012\/05\/Artesano1.jpg?resize=300%2C225&amp;ssl=1 300w, https:\/\/i0.wp.com\/eltrabajo.cl\/portal\/wp-content\/uploads\/2012\/05\/Artesano1.jpg?resize=150%2C112&amp;ssl=1 150w, https:\/\/i0.wp.com\/eltrabajo.cl\/portal\/wp-content\/uploads\/2012\/05\/Artesano1.jpg?resize=400%2C300&amp;ssl=1 400w\" sizes=\"auto, (max-width: 600px) 100vw, 600px\" \/><\/a><figcaption id=\"caption-attachment-18341\" class=\"wp-caption-text\">Este es el taller artesanal en el que Juanito Pulgar hace sus creaciones art\u00edsticas, sillas, paneras, carretas y muchas otras figuras son creadas en este lugar.<\/figcaption><\/figure>\n<p>Roberto Gonz\u00e1lez Short &#8211; rgonzalez@eltrabajo.cl<\/p>\n<p>En el ejercicio natural de encontrar nuestra felicidad personal durante el tiempo de vida que recibimos en este mundo, muchos son quienes viajan a pa\u00edses lejanos para encontrarla, as\u00ed como otros que construyen largas carreras acad\u00e9micas en busca del \u2018Ed\u00e9n\u2019 anhelado, sin embargo, en Almendral Bajo vive un hombre que logr\u00f3 cultivar el oficio y una filosof\u00eda de vida que lo premia diariamente con su felicidad individual.<\/p>\n<figure id=\"attachment_18342\" aria-describedby=\"caption-attachment-18342\" style=\"width: 300px\" class=\"wp-caption alignright\"><a href=\"http:\/\/www.eltrabajo.cl\/portal\/2012\/05\/%e2%80%98juanito%e2%80%99-pulgar-ha-fabricado-miles-de-creaciones-en-madera-en-8-anos\/madrecita1\/\" rel=\"attachment wp-att-18342\"><img data-recalc-dims=\"1\" loading=\"lazy\" decoding=\"async\" class=\"size-medium wp-image-18342\" title=\"Madrecita1\" src=\"https:\/\/i0.wp.com\/www.eltrabajo.cl\/portal\/wp-content\/uploads\/2012\/05\/Madrecita1-300x225.jpg?resize=300%2C225\" alt=\"\" width=\"300\" height=\"225\" srcset=\"https:\/\/i0.wp.com\/eltrabajo.cl\/portal\/wp-content\/uploads\/2012\/05\/Madrecita1.jpg?resize=300%2C225&amp;ssl=1 300w, https:\/\/i0.wp.com\/eltrabajo.cl\/portal\/wp-content\/uploads\/2012\/05\/Madrecita1.jpg?resize=200%2C150&amp;ssl=1 200w, https:\/\/i0.wp.com\/eltrabajo.cl\/portal\/wp-content\/uploads\/2012\/05\/Madrecita1.jpg?resize=150%2C112&amp;ssl=1 150w, https:\/\/i0.wp.com\/eltrabajo.cl\/portal\/wp-content\/uploads\/2012\/05\/Madrecita1.jpg?resize=400%2C300&amp;ssl=1 400w, https:\/\/i0.wp.com\/eltrabajo.cl\/portal\/wp-content\/uploads\/2012\/05\/Madrecita1.jpg?w=600&amp;ssl=1 600w\" sizes=\"auto, (max-width: 300px) 100vw, 300px\" \/><\/a><figcaption id=\"caption-attachment-18342\" class=\"wp-caption-text\">Juanito Pulgar y su madre Adelita Rojas Zabala, se cuidan mutuamente, una manera de encontrar la felicidad personal\u2026 sin ir tan lejos.<\/figcaption><\/figure>\n<p>Se trata de \u2018Juanito\u2019 de Dios Pulgar, de 51 a\u00f1os, artesano y tapizador que se ha ganado el respeto de las personas gracias a su honradez, humildad y dedicaci\u00f3n a sus dos amores en la vida: sus creaciones artesanales y su madre Adelita Rojas Zabala de 84 a\u00f1os.<\/p>\n<p><strong>&#8211; \u00bfC\u00f3mo se ha ganado usted la vida?<\/strong><\/p>\n<p>&#8211; \u201cToda mi vida trabaj\u00e9 en actividades agr\u00edcolas y de construcci\u00f3n, sin embargo, en 2004 decid\u00ed dejar ese camino y decid\u00ed hacerle caso a las ideas que siempre me inquietaron y me puse a fabricar mis propias artesan\u00edas. A m\u00ed nadie me ense\u00f1\u00f3, poco a poco fui mejorando mis trabajos hasta la actualidad, soy favorecido por la vida, pues a\u00fan tengo a mi madre a mi lado, por ser soltero puedo dedicarme a mis artesan\u00edas y a cuidar de mi madrecita\u201d.<\/p>\n<p><strong>&#8211; \u00bfQu\u00e9 clase de trabajos realiza como artesano?<\/strong><\/p>\n<p>&#8211; \u201cYo fabrico \u2018pisos de tijera\u2019, mesas de tronco, sillas, living, artesas, esculturas, yugos y carretas, l\u00e1mparas de tallo de palmera, jardineras y paneras, todo esto me lo dict\u00f3 mi mente, pero lo que m\u00e1s me compran son las carretas\u201d.<\/p>\n<figure id=\"attachment_18345\" aria-describedby=\"caption-attachment-18345\" style=\"width: 300px\" class=\"wp-caption alignleft\"><a href=\"http:\/\/www.eltrabajo.cl\/portal\/2012\/05\/%e2%80%98juanito%e2%80%99-pulgar-ha-fabricado-miles-de-creaciones-en-madera-en-8-anos\/ayudante1\/\" rel=\"attachment wp-att-18345\"><img data-recalc-dims=\"1\" loading=\"lazy\" decoding=\"async\" class=\"size-medium wp-image-18345\" title=\"Ayudante1\" src=\"https:\/\/i0.wp.com\/www.eltrabajo.cl\/portal\/wp-content\/uploads\/2012\/05\/Ayudante1-300x217.jpg?resize=300%2C217\" alt=\"\" width=\"300\" height=\"217\" srcset=\"https:\/\/i0.wp.com\/eltrabajo.cl\/portal\/wp-content\/uploads\/2012\/05\/Ayudante1.jpg?resize=300%2C217&amp;ssl=1 300w, https:\/\/i0.wp.com\/eltrabajo.cl\/portal\/wp-content\/uploads\/2012\/05\/Ayudante1.jpg?resize=200%2C144&amp;ssl=1 200w, https:\/\/i0.wp.com\/eltrabajo.cl\/portal\/wp-content\/uploads\/2012\/05\/Ayudante1.jpg?resize=150%2C108&amp;ssl=1 150w, https:\/\/i0.wp.com\/eltrabajo.cl\/portal\/wp-content\/uploads\/2012\/05\/Ayudante1.jpg?resize=400%2C289&amp;ssl=1 400w, https:\/\/i0.wp.com\/eltrabajo.cl\/portal\/wp-content\/uploads\/2012\/05\/Ayudante1.jpg?w=600&amp;ssl=1 600w\" sizes=\"auto, (max-width: 300px) 100vw, 300px\" \/><\/a><figcaption id=\"caption-attachment-18345\" class=\"wp-caption-text\">Juanito Pulgar asegura que ha fabricado miles de artesan\u00edas en sus ocho a\u00f1os de trabajar en madera. Desde hace tres a\u00f1os tiene como ayudante a su sobrino Bryan Lara de once a\u00f1os.<\/figcaption><\/figure>\n<p><strong>&#8211; \u00bfDe d\u00f3nde le encargan trabajos?<\/strong><\/p>\n<p>&#8211; \u201cPara las fiestas dieciocheras recibo pedidos de Antofagasta para que les env\u00ede muchas carretas, tambi\u00e9n tengo clientes en Valpara\u00edso, Caj\u00f3n del Maipo, Chill\u00e1n, San Esteban, Los Andes y San Felipe, gracias a Dios el trabajo ahora me sobra\u201d.<\/p>\n<p><strong>&#8211; \u00bfEs usted tambi\u00e9n Tapicero?<\/strong><\/p>\n<p>&#8211; \u201cS\u00ed. Soy Tapicero, es algo que tambi\u00e9n hago muy bien, regularmente reparo decenas de sillas y sillones de hoteles y restaurantes, a veces he participado en ferias artesanales\u201d.<\/p>\n<p><strong>&#8211; \u00bfQu\u00e9 tanto apoyo recibes para desarrollar tu oficio?<\/strong><\/p>\n<p>&#8211; \u201cNo tengo, este oficio es muy duro, hasta preso he ido por intentar vender mis artesan\u00edas en la Plaza de Armas de San Felipe, por eso es que no vendo en esos lugares, pues a nosotros los artesanos es poco el apoyo que nos brindan, la verdad prefiero atender a mi clientela aqu\u00ed, pues es dif\u00edcil que las autoridades den permisos\u201d.<\/p>\n<p><strong>&#8211; \u00bfEs usted casado, con qui\u00e9n vive?<\/strong><\/p>\n<p>\u201cNo soy casado, a mi madrecita la cuido mucho, ella es mi fiel compa\u00f1era y por cuidarla es que hice mi taller artesanal al lado de su casa, as\u00ed ambos nos acompa\u00f1amos\u201d.<\/p>\n<p>Diario El Trabajo confirm\u00f3 que \u2018Juanito\u2019 cuenta con un sobrino de ayudante, seg\u00fan indic\u00f3 este artesano, este peque\u00f1o es muy inteligente, pues a su edad ya ha aprendido bastante.<\/p>\n<figure id=\"attachment_18347\" aria-describedby=\"caption-attachment-18347\" style=\"width: 300px\" class=\"wp-caption alignright\"><a href=\"http:\/\/www.eltrabajo.cl\/portal\/2012\/05\/%e2%80%98juanito%e2%80%99-pulgar-ha-fabricado-miles-de-creaciones-en-madera-en-8-anos\/sillon1-3\/\" rel=\"attachment wp-att-18347\"><img data-recalc-dims=\"1\" loading=\"lazy\" decoding=\"async\" class=\"size-medium wp-image-18347\" title=\"Sill\u00f3n1\" src=\"https:\/\/i0.wp.com\/www.eltrabajo.cl\/portal\/wp-content\/uploads\/2012\/05\/Sill%C3%B3n12-300x203.jpg?resize=300%2C203\" alt=\"\" width=\"300\" height=\"203\" srcset=\"https:\/\/i0.wp.com\/eltrabajo.cl\/portal\/wp-content\/uploads\/2012\/05\/Sill%C3%B3n12.jpg?resize=300%2C203&amp;ssl=1 300w, https:\/\/i0.wp.com\/eltrabajo.cl\/portal\/wp-content\/uploads\/2012\/05\/Sill%C3%B3n12.jpg?resize=200%2C135&amp;ssl=1 200w, https:\/\/i0.wp.com\/eltrabajo.cl\/portal\/wp-content\/uploads\/2012\/05\/Sill%C3%B3n12.jpg?resize=150%2C101&amp;ssl=1 150w, https:\/\/i0.wp.com\/eltrabajo.cl\/portal\/wp-content\/uploads\/2012\/05\/Sill%C3%B3n12.jpg?resize=400%2C270&amp;ssl=1 400w, https:\/\/i0.wp.com\/eltrabajo.cl\/portal\/wp-content\/uploads\/2012\/05\/Sill%C3%B3n12.jpg?w=600&amp;ssl=1 600w\" sizes=\"auto, (max-width: 300px) 100vw, 300px\" \/><\/a><figcaption id=\"caption-attachment-18347\" class=\"wp-caption-text\">Estas sillitas las fabrica Juanito en su taller.<\/figcaption><\/figure>\n<p>&nbsp;<\/p>\n<p>\u201cYo estudio en el Liceo Dar\u00edo Salas de Santa Mar\u00eda, en mis ratos libres y luego de hacer mis tareas escolares, ayudo al t\u00edo Juan a preparar la madera de sus pedidos, armar y desarmar muebles as\u00ed como a pintar algunos objetos; el t\u00edo a veces me regala alguna \u2018luquita\u2019\u201d, comenta Bryan Lara de apenas once a\u00f1os.<\/p>\n<p>Nuestro medio tambi\u00e9n habl\u00f3 con la madre de \u2018Juanito\u2019 para saber c\u00f3mo se sent\u00eda con la profesi\u00f3n de su hijo.<\/p>\n<p>\u201cYo tengo cinco hijos, aunque los quiero a todos, reconozco que \u2018Juanito\u2019 es el que cuida de m\u00ed, \u00e9l me fabric\u00f3 una sillita, a \u00e9l lo quiero mucho pues nunca me abandona\u201d, respondi\u00f3 la se\u00f1ora Adelita Rojas Zabala de 84 a\u00f1os.<\/p>\n<figure id=\"attachment_18344\" aria-describedby=\"caption-attachment-18344\" style=\"width: 300px\" class=\"wp-caption alignleft\"><a href=\"http:\/\/www.eltrabajo.cl\/portal\/2012\/05\/%e2%80%98juanito%e2%80%99-pulgar-ha-fabricado-miles-de-creaciones-en-madera-en-8-anos\/tetera1\/\" rel=\"attachment wp-att-18344\"><img data-recalc-dims=\"1\" loading=\"lazy\" decoding=\"async\" class=\"size-medium wp-image-18344\" title=\"Tetera1\" src=\"https:\/\/i0.wp.com\/www.eltrabajo.cl\/portal\/wp-content\/uploads\/2012\/05\/Tetera1-300x225.jpg?resize=300%2C225\" alt=\"\" width=\"300\" height=\"225\" srcset=\"https:\/\/i0.wp.com\/eltrabajo.cl\/portal\/wp-content\/uploads\/2012\/05\/Tetera1.jpg?resize=300%2C225&amp;ssl=1 300w, https:\/\/i0.wp.com\/eltrabajo.cl\/portal\/wp-content\/uploads\/2012\/05\/Tetera1.jpg?resize=200%2C150&amp;ssl=1 200w, https:\/\/i0.wp.com\/eltrabajo.cl\/portal\/wp-content\/uploads\/2012\/05\/Tetera1.jpg?resize=150%2C112&amp;ssl=1 150w, https:\/\/i0.wp.com\/eltrabajo.cl\/portal\/wp-content\/uploads\/2012\/05\/Tetera1.jpg?resize=400%2C300&amp;ssl=1 400w, https:\/\/i0.wp.com\/eltrabajo.cl\/portal\/wp-content\/uploads\/2012\/05\/Tetera1.jpg?w=600&amp;ssl=1 600w\" sizes=\"auto, (max-width: 300px) 100vw, 300px\" \/><\/a><figcaption id=\"caption-attachment-18344\" class=\"wp-caption-text\">Esta tetera gigante fue fabricada de un enorme tronco.<\/figcaption><\/figure>\n<p>Despu\u00e9s de visitar a \u2018Juanito\u2019, aprendimos que para encontrar la paz y el amor por lo que se hace en la vida no se requiere de recorrer grandes distancias ni tener mucho dinero, simplemente basta con saber establecer prioridades y atenderlas debidamente. Ya lo sabe, si tiene muebles que reparar o bien si quiere alguna artesan\u00eda para su casa o empresa, puede llamar al Fono: 97725 600.<\/p>\n","protected":false},"excerpt":{"rendered":"<p>Roberto Gonz\u00e1lez Short &#8211; rgonzalez@eltrabajo.cl En el ejercicio natural de encontrar nuestra felicidad personal durante el tiempo de vida que recibimos en este mundo, muchos son quienes viajan a pa\u00edses lejanos para&#8230;<\/p>\n","protected":false},"author":482,"featured_media":18341,"comment_status":"open","ping_status":"closed","sticky":false,"template":"","format":"standard","meta":{"advanced_seo_description":"","jetpack_seo_html_title":"","jetpack_seo_noindex":false,"_jetpack_memberships_contains_paid_content":false,"footnotes":""},"categories":[15],"tags":[],"class_list":["post-18340","post","type-post","status-publish","format-standard","has-post-thumbnail","hentry","category-comunidad"],"jetpack_featured_media_url":"https:\/\/i0.wp.com\/eltrabajo.cl\/portal\/wp-content\/uploads\/2012\/05\/Artesano1.jpg?fit=600%2C450&ssl=1","jetpack_sharing_enabled":true,"jetpack_likes_enabled":true,"jetpack-related-posts":[],"_links":{"self":[{"href":"https:\/\/eltrabajo.cl\/portal\/wp-json\/wp\/v2\/posts\/18340","targetHints":{"allow":["GET"]}}],"collection":[{"href":"https:\/\/eltrabajo.cl\/portal\/wp-json\/wp\/v2\/posts"}],"about":[{"href":"https:\/\/eltrabajo.cl\/portal\/wp-json\/wp\/v2\/types\/post"}],"author":[{"embeddable":true,"href":"https:\/\/eltrabajo.cl\/portal\/wp-json\/wp\/v2\/users\/482"}],"replies":[{"embeddable":true,"href":"https:\/\/eltrabajo.cl\/portal\/wp-json\/wp\/v2\/comments?post=18340"}],"version-history":[{"count":0,"href":"https:\/\/eltrabajo.cl\/portal\/wp-json\/wp\/v2\/posts\/18340\/revisions"}],"wp:featuredmedia":[{"embeddable":true,"href":"https:\/\/eltrabajo.cl\/portal\/wp-json\/wp\/v2\/media\/18341"}],"wp:attachment":[{"href":"https:\/\/eltrabajo.cl\/portal\/wp-json\/wp\/v2\/media?parent=18340"}],"wp:term":[{"taxonomy":"category","embeddable":true,"href":"https:\/\/eltrabajo.cl\/portal\/wp-json\/wp\/v2\/categories?post=18340"},{"taxonomy":"post_tag","embeddable":true,"href":"https:\/\/eltrabajo.cl\/portal\/wp-json\/wp\/v2\/tags?post=18340"}],"curies":[{"name":"wp","href":"https:\/\/api.w.org\/{rel}","templated":true}]}}