{"id":18355,"date":"2012-05-24T10:36:00","date_gmt":"2012-05-24T14:36:00","guid":{"rendered":"http:\/\/www.eltrabajo.cl\/portal\/?p=18355"},"modified":"2012-05-24T10:36:00","modified_gmt":"2012-05-24T14:36:00","slug":"con-ceremonia-religiosa-familiares-y-amigos-recordaron-a-carol-gonzalez","status":"publish","type":"post","link":"https:\/\/eltrabajo.cl\/portal\/con-ceremonia-religiosa-familiares-y-amigos-recordaron-a-carol-gonzalez\/","title":{"rendered":"Con ceremonia religiosa, familiares y amigos recordaron a Carol Gonz\u00e1lez"},"content":{"rendered":"<figure id=\"attachment_18356\" aria-describedby=\"caption-attachment-18356\" style=\"width: 600px\" class=\"wp-caption alignnone\"><a href=\"http:\/\/www.eltrabajo.cl\/portal\/2012\/05\/con-ceremonia-religiosa-familiares-y-amigos-recordaron-a-carol-gonzalez\/carol-1\/\" rel=\"attachment wp-att-18356\"><img data-recalc-dims=\"1\" loading=\"lazy\" decoding=\"async\" class=\"size-full wp-image-18356\" title=\"carol 1\" src=\"https:\/\/i0.wp.com\/www.eltrabajo.cl\/portal\/wp-content\/uploads\/2012\/05\/carol-1.jpg?resize=600%2C506\" alt=\"\" width=\"600\" height=\"506\" srcset=\"https:\/\/i0.wp.com\/eltrabajo.cl\/portal\/wp-content\/uploads\/2012\/05\/carol-1.jpg?w=600&amp;ssl=1 600w, https:\/\/i0.wp.com\/eltrabajo.cl\/portal\/wp-content\/uploads\/2012\/05\/carol-1.jpg?resize=177%2C150&amp;ssl=1 177w, https:\/\/i0.wp.com\/eltrabajo.cl\/portal\/wp-content\/uploads\/2012\/05\/carol-1.jpg?resize=300%2C253&amp;ssl=1 300w, https:\/\/i0.wp.com\/eltrabajo.cl\/portal\/wp-content\/uploads\/2012\/05\/carol-1.jpg?resize=150%2C126&amp;ssl=1 150w, https:\/\/i0.wp.com\/eltrabajo.cl\/portal\/wp-content\/uploads\/2012\/05\/carol-1.jpg?resize=400%2C337&amp;ssl=1 400w\" sizes=\"auto, (max-width: 600px) 100vw, 600px\" \/><\/a><figcaption id=\"caption-attachment-18356\" class=\"wp-caption-text\">Al cumplirse un mes de su muerte, familiares y amigos de Carol Gonz\u00e1lez la recordaron con una ceremonia en el mismo lugar del horrendo crimen.<\/figcaption><\/figure>\n<p>Pablo Salinas Sald\u00edas &#8211; <a href=\"mailto:psalinas@eltrabajo.cl\">psalinas@eltrabajo.cl<\/a><\/p>\n<p>Tras cumplirse un mes de la muerte de Carol Gonz\u00e1lez Cort\u00e9s, quien falleci\u00f3 al ser degollada y posteriormente quemada al interior de su veh\u00edculo el pasado 17 de abril, sus familiares, amigos y vecinos de la comuna de Rinconada celebraron una emotiva ceremonia religiosa en el mismo lugar donde dej\u00f3 de existir, ubicado a un costado del callej\u00f3n Los Campos.<\/p>\n<p>Durante el ceremonial presidido por el Di\u00e1cono Hern\u00e1n Lazo, intervinieron los padres de Carol y sus mejores amigas, quienes expresaron a la familia su hondo pesar por la tragedia que han tenido que sobrellevar: \u201cAl hablar de ella quisi\u00e9ramos destacar lo que nos ense\u00f1\u00f3 en el paso por nuestra amistad que cultiv\u00f3 con tanto cari\u00f1o; su empat\u00eda por el pr\u00f3jimo era admirable; se daba el trabajo de conocer a las personas antes de emitir un juicio; nos deleitaba con sus bromas; su carita llena de risa, preocupada siempre de sus hijos y los suyos; el cari\u00f1o alcanzaba para todos por su coraz\u00f3n tan grande y generoso\u201d, puntualizaron las amigas.<\/p>\n<p>Por su parte Gabriel Gonz\u00e1lez, el padre, destac\u00f3 la participaci\u00f3n de la comunidad que los ha acompa\u00f1ado en su profundo dolor por la p\u00e9rdida de su hija, dirigi\u00e9ndose muy emocionado a los asistentes: \u201cA la vera de este camino y junto a la morada de una familia de bien, el alma de mi hija se elev\u00f3 al cielo, pero aqu\u00ed mismo ha nacido una flor cuyo aroma solo ser\u00e1 percibido por la gente de bien y en el cielo ha nacido una estrella que iluminar\u00e1 el camino de toda persona de esta comunidad que cree y respeta la vida\u201d, se\u00f1al\u00f3 Gonz\u00e1lez.<\/p>\n","protected":false},"excerpt":{"rendered":"<p>Pablo Salinas Sald\u00edas &#8211; psalinas@eltrabajo.cl Tras cumplirse un mes de la muerte de Carol Gonz\u00e1lez Cort\u00e9s, quien falleci\u00f3 al ser degollada y posteriormente quemada al interior de su veh\u00edculo el pasado 17&#8230;<\/p>\n","protected":false},"author":482,"featured_media":18356,"comment_status":"open","ping_status":"closed","sticky":false,"template":"","format":"standard","meta":{"advanced_seo_description":"","jetpack_seo_html_title":"","jetpack_seo_noindex":false,"_jetpack_memberships_contains_paid_content":false,"footnotes":""},"categories":[15],"tags":[],"class_list":["post-18355","post","type-post","status-publish","format-standard","has-post-thumbnail","hentry","category-comunidad"],"jetpack_featured_media_url":"https:\/\/i0.wp.com\/eltrabajo.cl\/portal\/wp-content\/uploads\/2012\/05\/carol-1.jpg?fit=600%2C506&ssl=1","jetpack_sharing_enabled":true,"jetpack_likes_enabled":true,"jetpack-related-posts":[],"_links":{"self":[{"href":"https:\/\/eltrabajo.cl\/portal\/wp-json\/wp\/v2\/posts\/18355","targetHints":{"allow":["GET"]}}],"collection":[{"href":"https:\/\/eltrabajo.cl\/portal\/wp-json\/wp\/v2\/posts"}],"about":[{"href":"https:\/\/eltrabajo.cl\/portal\/wp-json\/wp\/v2\/types\/post"}],"author":[{"embeddable":true,"href":"https:\/\/eltrabajo.cl\/portal\/wp-json\/wp\/v2\/users\/482"}],"replies":[{"embeddable":true,"href":"https:\/\/eltrabajo.cl\/portal\/wp-json\/wp\/v2\/comments?post=18355"}],"version-history":[{"count":0,"href":"https:\/\/eltrabajo.cl\/portal\/wp-json\/wp\/v2\/posts\/18355\/revisions"}],"wp:featuredmedia":[{"embeddable":true,"href":"https:\/\/eltrabajo.cl\/portal\/wp-json\/wp\/v2\/media\/18356"}],"wp:attachment":[{"href":"https:\/\/eltrabajo.cl\/portal\/wp-json\/wp\/v2\/media?parent=18355"}],"wp:term":[{"taxonomy":"category","embeddable":true,"href":"https:\/\/eltrabajo.cl\/portal\/wp-json\/wp\/v2\/categories?post=18355"},{"taxonomy":"post_tag","embeddable":true,"href":"https:\/\/eltrabajo.cl\/portal\/wp-json\/wp\/v2\/tags?post=18355"}],"curies":[{"name":"wp","href":"https:\/\/api.w.org\/{rel}","templated":true}]}}