{"id":18360,"date":"2012-05-24T10:38:17","date_gmt":"2012-05-24T14:38:17","guid":{"rendered":"http:\/\/www.eltrabajo.cl\/portal\/?p=18360"},"modified":"2012-05-24T10:38:17","modified_gmt":"2012-05-24T14:38:17","slug":"servicio-de-salud-preparado-ante-posible-aumento-de-enfermedades-de-invierno","status":"publish","type":"post","link":"https:\/\/eltrabajo.cl\/portal\/servicio-de-salud-preparado-ante-posible-aumento-de-enfermedades-de-invierno\/","title":{"rendered":"Servicio de Salud preparado ante posible aumento de enfermedades de invierno"},"content":{"rendered":"<figure id=\"attachment_18361\" aria-describedby=\"caption-attachment-18361\" style=\"width: 300px\" class=\"wp-caption alignleft\"><a href=\"http:\/\/www.eltrabajo.cl\/portal\/2012\/05\/servicio-de-salud-preparado-ante-posible-aumento-de-enfermedades-de-invierno\/iris-boisier-2\/\" rel=\"attachment wp-att-18361\"><img data-recalc-dims=\"1\" loading=\"lazy\" decoding=\"async\" class=\"size-medium wp-image-18361\" title=\"iris boisier (2)\" src=\"https:\/\/i0.wp.com\/www.eltrabajo.cl\/portal\/wp-content\/uploads\/2012\/05\/iris-boisier-2-300x224.jpg?resize=300%2C224\" alt=\"\" width=\"300\" height=\"224\" srcset=\"https:\/\/i0.wp.com\/eltrabajo.cl\/portal\/wp-content\/uploads\/2012\/05\/iris-boisier-2.jpg?resize=300%2C224&amp;ssl=1 300w, https:\/\/i0.wp.com\/eltrabajo.cl\/portal\/wp-content\/uploads\/2012\/05\/iris-boisier-2.jpg?resize=200%2C150&amp;ssl=1 200w, https:\/\/i0.wp.com\/eltrabajo.cl\/portal\/wp-content\/uploads\/2012\/05\/iris-boisier-2.jpg?resize=150%2C112&amp;ssl=1 150w, https:\/\/i0.wp.com\/eltrabajo.cl\/portal\/wp-content\/uploads\/2012\/05\/iris-boisier-2.jpg?resize=400%2C299&amp;ssl=1 400w, https:\/\/i0.wp.com\/eltrabajo.cl\/portal\/wp-content\/uploads\/2012\/05\/iris-boisier-2.jpg?w=600&amp;ssl=1 600w\" sizes=\"auto, (max-width: 300px) 100vw, 300px\" \/><\/a><figcaption id=\"caption-attachment-18361\" class=\"wp-caption-text\">Preparada se encuentra la red de salud en Aconcagua para enfrentar las enfermedades de invierno, que hasta la fecha se han producido en poca cantidad.<\/figcaption><\/figure>\n<p>Como un a\u00f1o epidemiol\u00f3gico tranquilo calific\u00f3 la Subdirectora M\u00e9dica del Servicio de Salud Aconcagua, doctora Iris Boisier, este 2012, ya que durante estos meses m\u00e1s fr\u00edos no se han presentado dificultades de salud entre las personas.<\/p>\n<p>Seg\u00fan explic\u00f3 la profesional, se ha presentado s\u00f3lo un caso confirmado de influenza en la zona y siete casos de personas contagiadas con virus sincicial respiratorio, a diferencia de lo ocurrido el a\u00f1o pasado, en que se registraron 23 casos, lo que da cuenta de una baja frecuencia de enfermedades respiratorias.<\/p>\n<p>Existe adem\u00e1s una tendencia al aumento en la consulta de enfermedades respiratorias agudas en los servicios de urgencia, en los Sapu y en los centros de atenci\u00f3n primaria, lo que en todo caso no ha significado un problema para los equipos de salud, puesto que al igual que en a\u00f1os anteriores, la red se encuentra bastante preparada.<\/p>\n<p>\u201cYa en estos momentos estamos en la semana epidemiol\u00f3gica n\u00famero 20, partimos la campa\u00f1a de invierno con la vacunaci\u00f3n anti influenza, que llevamos como Servicio de Salud una muy buena cobertura; faltando dos semanas para terminar la campa\u00f1a, estamos en alrededor de un 88%, esperamos llegar a 90, hay algunos grupos que est\u00e1n un poco atrasados, por lo que pedimos a la poblaci\u00f3n que concurra\u201d.<\/p>\n<p>En este sentido la doctora Boisier se\u00f1al\u00f3 que el grupo que m\u00e1s ha respondido es el de las embarazadas, pero una situaci\u00f3n distinta ocurre con los adultos mayores y los ni\u00f1os entre 6 y 23 meses.<\/p>\n<p>En estos momentos adem\u00e1s la campa\u00f1a de invierno se encuentra en una etapa preventiva, donde el \u00e9nfasis se coloca en educar a la poblaci\u00f3n, para evitar la ocurrencia de las enfermedades.<\/p>\n<p>\u201cEsta campa\u00f1a (en la parte comunicacional) est\u00e1 orientada a ense\u00f1arle a la poblaci\u00f3n que tienen que lavarse frecuentemente las manos; al usar pa\u00f1uelos desechables, los tienen que usar solo una vez y eliminarlos; ventilar sus oficinas y hogares; y lo que es m\u00e1s importante y que afortunadamente la poblaci\u00f3n lo ha incorporado a sus conductas, que cuando tengan que toser lo hagan con el antebrazo, cubri\u00e9ndose la cara y la nariz\u201d.<\/p>\n<p>En tanto, mientras comienza a llegar el invierno, los casos de enfermedades respiratorias debieran ir en aumento, aunque si las temperaturas se mantienen tal como est\u00e1n o bajan muy levemente, los \u00edndices de enfermedades de invierno no debieran dispararse.<\/p>\n<p>\u201cEsperamos por ah\u00ed por el 18 de junio y 19 de julio tener la m\u00e1s alta cantidad de consultas por enfermedades respiratorias y casos, pero estamos preparados y eso es importante que la poblaci\u00f3n sepa\u201d, dijo la doctora.<\/p>\n<p>De hecho los servicios de urgencia, tal como ocurre todos los a\u00f1os, se refuerzan con kinesi\u00f3logo y con m\u00e1s horas m\u00e9dicas, profesionales que se comienzan a llamar en la medida que las consultas aumenten.<\/p>\n","protected":false},"excerpt":{"rendered":"<p>Como un a\u00f1o epidemiol\u00f3gico tranquilo calific\u00f3 la Subdirectora M\u00e9dica del Servicio de Salud Aconcagua, doctora Iris Boisier, este 2012, ya que durante estos meses m\u00e1s fr\u00edos no se han presentado dificultades de&#8230;<\/p>\n","protected":false},"author":482,"featured_media":18361,"comment_status":"open","ping_status":"closed","sticky":false,"template":"","format":"standard","meta":{"advanced_seo_description":"","jetpack_seo_html_title":"","jetpack_seo_noindex":false,"_jetpack_memberships_contains_paid_content":false,"footnotes":""},"categories":[1],"tags":[],"class_list":["post-18360","post","type-post","status-publish","format-standard","has-post-thumbnail","hentry","category-cronica"],"jetpack_featured_media_url":"https:\/\/i0.wp.com\/eltrabajo.cl\/portal\/wp-content\/uploads\/2012\/05\/iris-boisier-2.jpg?fit=600%2C449&ssl=1","jetpack_sharing_enabled":true,"jetpack_likes_enabled":true,"jetpack-related-posts":[],"_links":{"self":[{"href":"https:\/\/eltrabajo.cl\/portal\/wp-json\/wp\/v2\/posts\/18360","targetHints":{"allow":["GET"]}}],"collection":[{"href":"https:\/\/eltrabajo.cl\/portal\/wp-json\/wp\/v2\/posts"}],"about":[{"href":"https:\/\/eltrabajo.cl\/portal\/wp-json\/wp\/v2\/types\/post"}],"author":[{"embeddable":true,"href":"https:\/\/eltrabajo.cl\/portal\/wp-json\/wp\/v2\/users\/482"}],"replies":[{"embeddable":true,"href":"https:\/\/eltrabajo.cl\/portal\/wp-json\/wp\/v2\/comments?post=18360"}],"version-history":[{"count":0,"href":"https:\/\/eltrabajo.cl\/portal\/wp-json\/wp\/v2\/posts\/18360\/revisions"}],"wp:featuredmedia":[{"embeddable":true,"href":"https:\/\/eltrabajo.cl\/portal\/wp-json\/wp\/v2\/media\/18361"}],"wp:attachment":[{"href":"https:\/\/eltrabajo.cl\/portal\/wp-json\/wp\/v2\/media?parent=18360"}],"wp:term":[{"taxonomy":"category","embeddable":true,"href":"https:\/\/eltrabajo.cl\/portal\/wp-json\/wp\/v2\/categories?post=18360"},{"taxonomy":"post_tag","embeddable":true,"href":"https:\/\/eltrabajo.cl\/portal\/wp-json\/wp\/v2\/tags?post=18360"}],"curies":[{"name":"wp","href":"https:\/\/api.w.org\/{rel}","templated":true}]}}