{"id":18364,"date":"2012-05-24T10:43:15","date_gmt":"2012-05-24T14:43:15","guid":{"rendered":"http:\/\/www.eltrabajo.cl\/portal\/?p=18364"},"modified":"2012-05-24T10:43:15","modified_gmt":"2012-05-24T14:43:15","slug":"ind-y-municipio-sanfelipeno-inauguran-ligas-deportivas-escolares","status":"publish","type":"post","link":"https:\/\/eltrabajo.cl\/portal\/ind-y-municipio-sanfelipeno-inauguran-ligas-deportivas-escolares\/","title":{"rendered":"IND y municipio sanfelipe\u00f1o inauguran ligas deportivas escolares"},"content":{"rendered":"<figure id=\"attachment_18365\" aria-describedby=\"caption-attachment-18365\" style=\"width: 600px\" class=\"wp-caption alignnone\"><a href=\"http:\/\/www.eltrabajo.cl\/portal\/2012\/05\/ind-y-municipio-sanfelipeno-inauguran-ligas-deportivas-escolares\/inauguran-ligas-deportivas-2\/\" rel=\"attachment wp-att-18365\"><img data-recalc-dims=\"1\" loading=\"lazy\" decoding=\"async\" class=\"size-full wp-image-18365\" title=\"inauguran ligas deportivas (2)\" src=\"https:\/\/i0.wp.com\/www.eltrabajo.cl\/portal\/wp-content\/uploads\/2012\/05\/inauguran-ligas-deportivas-2.jpg?resize=600%2C400\" alt=\"\" width=\"600\" height=\"400\" srcset=\"https:\/\/i0.wp.com\/eltrabajo.cl\/portal\/wp-content\/uploads\/2012\/05\/inauguran-ligas-deportivas-2.jpg?w=600&amp;ssl=1 600w, https:\/\/i0.wp.com\/eltrabajo.cl\/portal\/wp-content\/uploads\/2012\/05\/inauguran-ligas-deportivas-2.jpg?resize=200%2C133&amp;ssl=1 200w, https:\/\/i0.wp.com\/eltrabajo.cl\/portal\/wp-content\/uploads\/2012\/05\/inauguran-ligas-deportivas-2.jpg?resize=300%2C200&amp;ssl=1 300w, https:\/\/i0.wp.com\/eltrabajo.cl\/portal\/wp-content\/uploads\/2012\/05\/inauguran-ligas-deportivas-2.jpg?resize=150%2C100&amp;ssl=1 150w, https:\/\/i0.wp.com\/eltrabajo.cl\/portal\/wp-content\/uploads\/2012\/05\/inauguran-ligas-deportivas-2.jpg?resize=400%2C266&amp;ssl=1 400w\" sizes=\"auto, (max-width: 600px) 100vw, 600px\" \/><\/a><figcaption id=\"caption-attachment-18365\" class=\"wp-caption-text\">El Director Regional del IND, Carlos Oliver, y el Alcalde Jaime Amar inauguraron oficialmente las Ligas Deportivas Escolares 2012.<\/figcaption><\/figure>\n<p>Con la presencia del Alcalde Jaime Amar y del Director Regional del IND, Carlos Oliver, se realiz\u00f3 la tarde de ayer mi\u00e9rcoles en el Estadio Fiscal de San Felipe, la inauguraci\u00f3n oficial de las Ligas Deportivas Escolares 2012 que organiza el Instituto Nacional de Deportes.<\/p>\n<p>La competencia se desarrolla en toda la regi\u00f3n con un promedio de cuatro ligas por provincia en las que participan m\u00e1s de 400 escolares por cada liga, en las disciplinas de baloncesto y f\u00fatbol en damas y varones. En el f\u00fatbol participan los menores nacidos en los a\u00f1os 2003 y 2004 en el b\u00e1squetbol los nacidos 2001-2002.<\/p>\n<figure id=\"attachment_18366\" aria-describedby=\"caption-attachment-18366\" style=\"width: 300px\" class=\"wp-caption alignright\"><a href=\"http:\/\/www.eltrabajo.cl\/portal\/2012\/05\/ind-y-municipio-sanfelipeno-inauguran-ligas-deportivas-escolares\/inauguran-ligas-deportivas-1\/\" rel=\"attachment wp-att-18366\"><img data-recalc-dims=\"1\" loading=\"lazy\" decoding=\"async\" class=\"size-medium wp-image-18366\" title=\"inauguran ligas deportivas (1)\" src=\"https:\/\/i0.wp.com\/www.eltrabajo.cl\/portal\/wp-content\/uploads\/2012\/05\/inauguran-ligas-deportivas-1-300x133.jpg?resize=300%2C133\" alt=\"\" width=\"300\" height=\"133\" srcset=\"https:\/\/i0.wp.com\/eltrabajo.cl\/portal\/wp-content\/uploads\/2012\/05\/inauguran-ligas-deportivas-1.jpg?resize=300%2C133&amp;ssl=1 300w, https:\/\/i0.wp.com\/eltrabajo.cl\/portal\/wp-content\/uploads\/2012\/05\/inauguran-ligas-deportivas-1.jpg?resize=200%2C89&amp;ssl=1 200w, https:\/\/i0.wp.com\/eltrabajo.cl\/portal\/wp-content\/uploads\/2012\/05\/inauguran-ligas-deportivas-1.jpg?resize=150%2C66&amp;ssl=1 150w, https:\/\/i0.wp.com\/eltrabajo.cl\/portal\/wp-content\/uploads\/2012\/05\/inauguran-ligas-deportivas-1.jpg?resize=400%2C178&amp;ssl=1 400w, https:\/\/i0.wp.com\/eltrabajo.cl\/portal\/wp-content\/uploads\/2012\/05\/inauguran-ligas-deportivas-1.jpg?w=600&amp;ssl=1 600w\" sizes=\"auto, (max-width: 300px) 100vw, 300px\" \/><\/a><figcaption id=\"caption-attachment-18366\" class=\"wp-caption-text\">Colegios y escuelas municipales, subvencionadas y particulares participan en las diferentes Ligas.<\/figcaption><\/figure>\n<p>En cada provincia se jugar\u00e1n cuatro ligas, dos en f\u00fatbol y dos en b\u00e1squetbol con una cobertura total de m\u00e1s de 2.200 ni\u00f1os entre los 8 y 11 a\u00f1os. En las Ligas participan colegios y escuelas municipales, subvencionados y particulares.<\/p>\n<p>Los coordinadores escolares de cada municipio organizan a los colegios de cada comuna, los que van clasific\u00e1ndose para competir con los ganadores comunales. Los ganadores provinciales clasifican a su vez a la gran final regional. Esta final se desarrollar\u00e1 entre septiembre y octubre en jornada \u00fanica.<\/p>\n<p>Durante esta semana las provincias de San Felipe y Los Andes iniciar\u00e1n sus competencias mientras que el resto de las provincias lo har\u00e1 durante la primera quincena de junio.<\/p>\n<p>\u00abEn general para todos estos ni\u00f1os de la provincia de San Felipe es muy importante que inicien este circuito, son sus primeras etapas y que a trav\u00e9s del deporte podemos formarlas. Es un privilegio de partir ac\u00e1 con este programa del Instituto del Deporte\u00bb, se\u00f1al\u00f3 el Alcalde Jaime Amar.<\/p>\n<p>\u00abEl a\u00f1o anterior se dio inicio a las Ligas Deportivas Escolares en b\u00e1squetbol y f\u00fatbol con dos ligas por provincia y este a\u00f1o las hemos duplicado a cuatro. M\u00e1s de dos mil ni\u00f1os van a participar y eso nos pone muy contentos, porque los ni\u00f1os inician sus espacios de participaci\u00f3n y van a poder participar de las distintas etapas que tiene el IND como los Juegos Escolares, los Juegos Binacionales y los CER\u00bb, concluy\u00f3 Carlos Oliver, Director Regional del IND.<\/p>\n","protected":false},"excerpt":{"rendered":"<p>Con la presencia del Alcalde Jaime Amar y del Director Regional del IND, Carlos Oliver, se realiz\u00f3 la tarde de ayer mi\u00e9rcoles en el Estadio Fiscal de San Felipe, la inauguraci\u00f3n oficial&#8230;<\/p>\n","protected":false},"author":482,"featured_media":18365,"comment_status":"open","ping_status":"closed","sticky":false,"template":"","format":"standard","meta":{"advanced_seo_description":"","jetpack_seo_html_title":"","jetpack_seo_noindex":false,"_jetpack_memberships_contains_paid_content":false,"footnotes":""},"categories":[15],"tags":[],"class_list":["post-18364","post","type-post","status-publish","format-standard","has-post-thumbnail","hentry","category-comunidad"],"jetpack_featured_media_url":"https:\/\/i0.wp.com\/eltrabajo.cl\/portal\/wp-content\/uploads\/2012\/05\/inauguran-ligas-deportivas-2.jpg?fit=600%2C400&ssl=1","jetpack_sharing_enabled":true,"jetpack_likes_enabled":true,"jetpack-related-posts":[],"_links":{"self":[{"href":"https:\/\/eltrabajo.cl\/portal\/wp-json\/wp\/v2\/posts\/18364","targetHints":{"allow":["GET"]}}],"collection":[{"href":"https:\/\/eltrabajo.cl\/portal\/wp-json\/wp\/v2\/posts"}],"about":[{"href":"https:\/\/eltrabajo.cl\/portal\/wp-json\/wp\/v2\/types\/post"}],"author":[{"embeddable":true,"href":"https:\/\/eltrabajo.cl\/portal\/wp-json\/wp\/v2\/users\/482"}],"replies":[{"embeddable":true,"href":"https:\/\/eltrabajo.cl\/portal\/wp-json\/wp\/v2\/comments?post=18364"}],"version-history":[{"count":0,"href":"https:\/\/eltrabajo.cl\/portal\/wp-json\/wp\/v2\/posts\/18364\/revisions"}],"wp:featuredmedia":[{"embeddable":true,"href":"https:\/\/eltrabajo.cl\/portal\/wp-json\/wp\/v2\/media\/18365"}],"wp:attachment":[{"href":"https:\/\/eltrabajo.cl\/portal\/wp-json\/wp\/v2\/media?parent=18364"}],"wp:term":[{"taxonomy":"category","embeddable":true,"href":"https:\/\/eltrabajo.cl\/portal\/wp-json\/wp\/v2\/categories?post=18364"},{"taxonomy":"post_tag","embeddable":true,"href":"https:\/\/eltrabajo.cl\/portal\/wp-json\/wp\/v2\/tags?post=18364"}],"curies":[{"name":"wp","href":"https:\/\/api.w.org\/{rel}","templated":true}]}}