{"id":18399,"date":"2012-05-25T09:43:19","date_gmt":"2012-05-25T13:43:19","guid":{"rendered":"http:\/\/www.eltrabajo.cl\/portal\/?p=18399"},"modified":"2012-05-25T09:43:19","modified_gmt":"2012-05-25T13:43:19","slug":"gran-sorpresa-promete-%e2%80%98talento-de-san-felipe%e2%80%99-con-%e2%80%98jesucristo-super-estrella%e2%80%99","status":"publish","type":"post","link":"https:\/\/eltrabajo.cl\/portal\/gran-sorpresa-promete-%e2%80%98talento-de-san-felipe%e2%80%99-con-%e2%80%98jesucristo-super-estrella%e2%80%99\/","title":{"rendered":"Gran sorpresa promete \u2018Talento de San Felipe\u2019 con \u2018Jesucristo S\u00faper Estrella\u2019"},"content":{"rendered":"<figure id=\"attachment_18400\" aria-describedby=\"caption-attachment-18400\" style=\"width: 600px\" class=\"wp-caption alignnone\"><a href=\"http:\/\/www.eltrabajo.cl\/portal\/2012\/05\/gran-sorpresa-promete-%e2%80%98talento-de-san-felipe%e2%80%99-con-%e2%80%98jesucristo-super-estrella%e2%80%99\/talentos1\/\" rel=\"attachment wp-att-18400\"><img data-recalc-dims=\"1\" loading=\"lazy\" decoding=\"async\" class=\"size-full wp-image-18400\" title=\"Talentos1\" src=\"https:\/\/i0.wp.com\/www.eltrabajo.cl\/portal\/wp-content\/uploads\/2012\/05\/Talentos1.jpg?resize=600%2C346\" alt=\"\" width=\"600\" height=\"346\" srcset=\"https:\/\/i0.wp.com\/eltrabajo.cl\/portal\/wp-content\/uploads\/2012\/05\/Talentos1.jpg?w=600&amp;ssl=1 600w, https:\/\/i0.wp.com\/eltrabajo.cl\/portal\/wp-content\/uploads\/2012\/05\/Talentos1.jpg?resize=200%2C115&amp;ssl=1 200w, https:\/\/i0.wp.com\/eltrabajo.cl\/portal\/wp-content\/uploads\/2012\/05\/Talentos1.jpg?resize=300%2C173&amp;ssl=1 300w, https:\/\/i0.wp.com\/eltrabajo.cl\/portal\/wp-content\/uploads\/2012\/05\/Talentos1.jpg?resize=150%2C86&amp;ssl=1 150w, https:\/\/i0.wp.com\/eltrabajo.cl\/portal\/wp-content\/uploads\/2012\/05\/Talentos1.jpg?resize=400%2C230&amp;ssl=1 400w\" sizes=\"auto, (max-width: 600px) 100vw, 600px\" \/><\/a><figcaption id=\"caption-attachment-18400\" class=\"wp-caption-text\">Ellos son \u2018Talento de San Felipe\u2019, del Taller de Interpretaci\u00f3n y Desarrollo de un Artista Integral. Este s\u00e1bado har\u00e1n de las suyas en el Gimnasio del Polit\u00e9cnico Roberto Humeres a las 20 horas.<\/figcaption><\/figure>\n<p>Roberto Gonz\u00e1lez S. &#8211; <a href=\"mailto:rgonzalez@eltrabajo.cl\">rgonzalez@eltrabajo.cl<\/a><\/p>\n<p>Los amantes de los musicales, el teatro y otras propuestas del arte universal, tienen una cita con la calidad y delirantes personajes que en \u2018Jesucristo S\u00faper Estrella\u2019 se presentar\u00e1n en el Gimnasio del Liceo Polit\u00e9cnico de San Felipe, este s\u00e1bado a las 20 horas. Este montaje contar\u00e1 con m\u00e1s de 34 artistas en escena y cuenta con el liderazgo de la profesora en canto, Rossana V\u00e1squez, adem\u00e1s de Diego Contreras y Sergio Espinoza, profesores de baile y actuaci\u00f3n respectivamente, quienes son tambi\u00e9n los encargados de que est\u00e9 cada elemento en su lugar para el evento.<\/p>\n<p>Diario El Trabajo habl\u00f3 con V\u00e1squez para conocer m\u00e1s sobre esta propuesta que de seguro tomar\u00e1 a muchos por sorpresa, ya que se trata de una adaptaci\u00f3n musical que difiere bastante al libreto original de Tim Rice, que fue presentado por primera vez en 1970 en Broadway, y que m\u00e1s tarde sacudir\u00eda a las masas en el West End de Londres.<\/p>\n<figure id=\"attachment_18401\" aria-describedby=\"caption-attachment-18401\" style=\"width: 300px\" class=\"wp-caption alignright\"><a href=\"http:\/\/www.eltrabajo.cl\/portal\/2012\/05\/gran-sorpresa-promete-%e2%80%98talento-de-san-felipe%e2%80%99-con-%e2%80%98jesucristo-super-estrella%e2%80%99\/calentando2\/\" rel=\"attachment wp-att-18401\"><img data-recalc-dims=\"1\" loading=\"lazy\" decoding=\"async\" class=\"size-medium wp-image-18401\" title=\"Calentando2\" src=\"https:\/\/i0.wp.com\/www.eltrabajo.cl\/portal\/wp-content\/uploads\/2012\/05\/Calentando2-300x193.jpg?resize=300%2C193\" alt=\"\" width=\"300\" height=\"193\" srcset=\"https:\/\/i0.wp.com\/eltrabajo.cl\/portal\/wp-content\/uploads\/2012\/05\/Calentando2.jpg?resize=300%2C193&amp;ssl=1 300w, https:\/\/i0.wp.com\/eltrabajo.cl\/portal\/wp-content\/uploads\/2012\/05\/Calentando2.jpg?resize=200%2C129&amp;ssl=1 200w, https:\/\/i0.wp.com\/eltrabajo.cl\/portal\/wp-content\/uploads\/2012\/05\/Calentando2.jpg?resize=150%2C96&amp;ssl=1 150w, https:\/\/i0.wp.com\/eltrabajo.cl\/portal\/wp-content\/uploads\/2012\/05\/Calentando2.jpg?resize=400%2C258&amp;ssl=1 400w, https:\/\/i0.wp.com\/eltrabajo.cl\/portal\/wp-content\/uploads\/2012\/05\/Calentando2.jpg?w=600&amp;ssl=1 600w\" sizes=\"auto, (max-width: 300px) 100vw, 300px\" \/><\/a><figcaption id=\"caption-attachment-18401\" class=\"wp-caption-text\">Estos talentosos artistas est\u00e1n ya listos, han ensayado por cuatro meses esta obra, una que usted no se puede perder.<\/figcaption><\/figure>\n<p>Aunque el argumento de Rice resalta los enfrentamientos pol\u00edticos y personales entre Jes\u00fas y Judas Iscariote, que no se narran en la Biblia, \u2018Talento San Felipe\u2019 pretende fusionar estos elementos iniciales para realizar una metamorfosis en escena, capaz de sostener con los mismos personajes, a un nuevo \u2018Jesucristo S\u00faper Estrella.<\/p>\n<p><strong>&#8211; \u00bfQu\u00e9 est\u00e1 proponiendo \u2018Talento San Felipe\u2019 ahora?<\/strong><\/p>\n<p>&#8211; \u201cEstoy invitando a toda la comunidad de San Felipe a disfrutar de nuestro primer y gran desaf\u00edo llamado \u2018Jesucristo S\u00faper Estrella\u2019, que es una \u00f3pera rock ambientada en la tem\u00e1tica del conflicto que actualmente tienen los j\u00f3venes con la educaci\u00f3n, o sea, no tiene que ver con los otros \u2018Jesucristos\u2019 que ha visto la gente anteriormente\u201d.<\/p>\n<p><strong>&#8211; \u00bfDesde cu\u00e1ndo existe este grupo de j\u00f3venes artistas?<\/strong><\/p>\n<p>&#8211; \u201c\u2019Talento San Felipe\u2019 est\u00e1 funcionando a partir de junio de 2011, contamos con el apoyo absoluto de nuestro Alcalde Jaime Amar, hace menos de un mes pasamos a ser parte de la Oficina de Cultura que dirige la se\u00f1ora Patricia Lolas, por fin alguien se hizo cargo de este proyecto integrado por j\u00f3venes que est\u00e1n, en su mayor\u00eda, en riesgo social, pero que quieren estar unidos a trav\u00e9s del Arte\u201d.<\/p>\n<figure id=\"attachment_18403\" aria-describedby=\"caption-attachment-18403\" style=\"width: 210px\" class=\"wp-caption alignleft\"><a href=\"http:\/\/www.eltrabajo.cl\/portal\/2012\/05\/gran-sorpresa-promete-%e2%80%98talento-de-san-felipe%e2%80%99-con-%e2%80%98jesucristo-super-estrella%e2%80%99\/rossana1-2\/\" rel=\"attachment wp-att-18403\"><img data-recalc-dims=\"1\" loading=\"lazy\" decoding=\"async\" class=\"size-medium wp-image-18403 \" title=\"Rossana1\" src=\"https:\/\/i0.wp.com\/www.eltrabajo.cl\/portal\/wp-content\/uploads\/2012\/05\/Rossana11-300x279.jpg?resize=210%2C195\" alt=\"\" width=\"210\" height=\"195\" srcset=\"https:\/\/i0.wp.com\/eltrabajo.cl\/portal\/wp-content\/uploads\/2012\/05\/Rossana11.jpg?resize=300%2C279&amp;ssl=1 300w, https:\/\/i0.wp.com\/eltrabajo.cl\/portal\/wp-content\/uploads\/2012\/05\/Rossana11.jpg?resize=161%2C150&amp;ssl=1 161w, https:\/\/i0.wp.com\/eltrabajo.cl\/portal\/wp-content\/uploads\/2012\/05\/Rossana11.jpg?resize=150%2C139&amp;ssl=1 150w, https:\/\/i0.wp.com\/eltrabajo.cl\/portal\/wp-content\/uploads\/2012\/05\/Rossana11.jpg?resize=400%2C372&amp;ssl=1 400w, https:\/\/i0.wp.com\/eltrabajo.cl\/portal\/wp-content\/uploads\/2012\/05\/Rossana11.jpg?w=600&amp;ssl=1 600w\" sizes=\"auto, (max-width: 210px) 100vw, 210px\" \/><\/a><figcaption id=\"caption-attachment-18403\" class=\"wp-caption-text\">Profesora de Canto, Rossana V\u00e1squez, Directora del Grupo Art\u00edstico \u2018Talento de San Felipe\u2019.<\/figcaption><\/figure>\n<p><strong>&#8211; \u00bfQui\u00e9nes est\u00e1n detr\u00e1s de este Musical?<\/strong><\/p>\n<p>&#8211; \u201cEste Musical lo monta la Productora E2 Eventos. En cuanto a lo que es Canto, Coros, Interpretaci\u00f3n y T\u00e9cnica Vocal, estoy a cargo yo; en lo referente a la danza y toda la expresi\u00f3n corporal, est\u00e1 dirigido por el Profesor Diego Contreras, y Sergio Espinoza est\u00e1 al frente de todo lo referente a la Actuaci\u00f3n del grupo\u201d.<\/p>\n<p><strong>&#8211; Se rumora de algo muy diferente al \u2018Jesucristo de Tim Rice original, \u00bfde qu\u00e9 se trata?<\/strong><\/p>\n<p>&#8211; \u201cSiempre que uno mira \u2018Jesucristo S\u00faper Estrella\u2019, se encuentra a un Jes\u00fas con su manto, los ap\u00f3stoles con sus t\u00fanicas, sin embargo nosotros haremos algo vanguardista, s\u00faper 2012, la protagonista principal de este Musical es una ni\u00f1a de nueve a\u00f1os, ella se llama Lisbeth Raymonsson, todo el trabajo es una sorpresa, hay que verlo y hay que saber esperar el final, pues es inesperado\u201d.<\/p>\n<p><strong>&#8211; \u00bfQu\u00e9 mensaje pretende transmitir \u2018Talento San Felipe\u2019 con este Musical?<\/strong><\/p>\n<p>\u201cNuestro planteamiento medular con \u2018Jesucristo S\u00faper Estrella\u2019, es que queremos compartir con el mundo que hay j\u00f3venes por ah\u00ed que s\u00ed quieren una Educaci\u00f3n digna y de calidad, pero que no quieren sostener peleas, guerras ni encapucharse para lograrlo. La Obra tiene tres Actos\u201d.<\/p>\n<p>Seg\u00fan lo reportado por V\u00e1squez a Diario El Trabajo, el respaldo del Alcalde Amar para realizar este primer montaje ha sido muy amplio, mientras que destac\u00f3 el talento de sus muchachos, todos ellos procedentes de distintos centros educativos de la provincia.<\/p>\n","protected":false},"excerpt":{"rendered":"<p>Roberto Gonz\u00e1lez S. &#8211; rgonzalez@eltrabajo.cl Los amantes de los musicales, el teatro y otras propuestas del arte universal, tienen una cita con la calidad y delirantes personajes que en \u2018Jesucristo S\u00faper Estrella\u2019&#8230;<\/p>\n","protected":false},"author":482,"featured_media":18400,"comment_status":"open","ping_status":"closed","sticky":false,"template":"","format":"standard","meta":{"advanced_seo_description":"","jetpack_seo_html_title":"","jetpack_seo_noindex":false,"_jetpack_memberships_contains_paid_content":false,"footnotes":""},"categories":[15],"tags":[],"class_list":["post-18399","post","type-post","status-publish","format-standard","has-post-thumbnail","hentry","category-comunidad"],"jetpack_featured_media_url":"https:\/\/i0.wp.com\/eltrabajo.cl\/portal\/wp-content\/uploads\/2012\/05\/Talentos1.jpg?fit=600%2C346&ssl=1","jetpack_sharing_enabled":true,"jetpack_likes_enabled":true,"jetpack-related-posts":[],"_links":{"self":[{"href":"https:\/\/eltrabajo.cl\/portal\/wp-json\/wp\/v2\/posts\/18399","targetHints":{"allow":["GET"]}}],"collection":[{"href":"https:\/\/eltrabajo.cl\/portal\/wp-json\/wp\/v2\/posts"}],"about":[{"href":"https:\/\/eltrabajo.cl\/portal\/wp-json\/wp\/v2\/types\/post"}],"author":[{"embeddable":true,"href":"https:\/\/eltrabajo.cl\/portal\/wp-json\/wp\/v2\/users\/482"}],"replies":[{"embeddable":true,"href":"https:\/\/eltrabajo.cl\/portal\/wp-json\/wp\/v2\/comments?post=18399"}],"version-history":[{"count":0,"href":"https:\/\/eltrabajo.cl\/portal\/wp-json\/wp\/v2\/posts\/18399\/revisions"}],"wp:featuredmedia":[{"embeddable":true,"href":"https:\/\/eltrabajo.cl\/portal\/wp-json\/wp\/v2\/media\/18400"}],"wp:attachment":[{"href":"https:\/\/eltrabajo.cl\/portal\/wp-json\/wp\/v2\/media?parent=18399"}],"wp:term":[{"taxonomy":"category","embeddable":true,"href":"https:\/\/eltrabajo.cl\/portal\/wp-json\/wp\/v2\/categories?post=18399"},{"taxonomy":"post_tag","embeddable":true,"href":"https:\/\/eltrabajo.cl\/portal\/wp-json\/wp\/v2\/tags?post=18399"}],"curies":[{"name":"wp","href":"https:\/\/api.w.org\/{rel}","templated":true}]}}