{"id":18406,"date":"2012-05-25T09:45:39","date_gmt":"2012-05-25T13:45:39","guid":{"rendered":"http:\/\/www.eltrabajo.cl\/portal\/?p=18406"},"modified":"2012-05-25T09:45:39","modified_gmt":"2012-05-25T13:45:39","slug":"vecinos-de-rinconada-de-guzmanes-tendran-asegurado-el-suministro-de-agua","status":"publish","type":"post","link":"https:\/\/eltrabajo.cl\/portal\/vecinos-de-rinconada-de-guzmanes-tendran-asegurado-el-suministro-de-agua\/","title":{"rendered":"Vecinos de Rinconada de Guzmanes tendr\u00e1n asegurado el suministro de agua"},"content":{"rendered":"<figure id=\"attachment_18407\" aria-describedby=\"caption-attachment-18407\" style=\"width: 600px\" class=\"wp-caption alignnone\"><a href=\"http:\/\/www.eltrabajo.cl\/portal\/2012\/05\/vecinos-de-rinconada-de-guzmanes-tendran-asegurado-el-suministro-de-agua\/reunion-en-guzmanes-por-agua-2\/\" rel=\"attachment wp-att-18407\"><img data-recalc-dims=\"1\" loading=\"lazy\" decoding=\"async\" class=\"size-full wp-image-18407\" title=\"reunion en guzmanes por agua (2)\" src=\"https:\/\/i0.wp.com\/www.eltrabajo.cl\/portal\/wp-content\/uploads\/2012\/05\/reunion-en-guzmanes-por-agua-2.jpg?resize=600%2C450\" alt=\"\" width=\"600\" height=\"450\" srcset=\"https:\/\/i0.wp.com\/eltrabajo.cl\/portal\/wp-content\/uploads\/2012\/05\/reunion-en-guzmanes-por-agua-2.jpg?w=600&amp;ssl=1 600w, https:\/\/i0.wp.com\/eltrabajo.cl\/portal\/wp-content\/uploads\/2012\/05\/reunion-en-guzmanes-por-agua-2.jpg?resize=200%2C150&amp;ssl=1 200w, https:\/\/i0.wp.com\/eltrabajo.cl\/portal\/wp-content\/uploads\/2012\/05\/reunion-en-guzmanes-por-agua-2.jpg?resize=300%2C225&amp;ssl=1 300w, https:\/\/i0.wp.com\/eltrabajo.cl\/portal\/wp-content\/uploads\/2012\/05\/reunion-en-guzmanes-por-agua-2.jpg?resize=150%2C112&amp;ssl=1 150w, https:\/\/i0.wp.com\/eltrabajo.cl\/portal\/wp-content\/uploads\/2012\/05\/reunion-en-guzmanes-por-agua-2.jpg?resize=400%2C300&amp;ssl=1 400w\" sizes=\"auto, (max-width: 600px) 100vw, 600px\" \/><\/a><figcaption id=\"caption-attachment-18407\" class=\"wp-caption-text\">En la escuela de Guzmanes se realiz\u00f3 la reuni\u00f3n que cont\u00f3 con la presencia de diversas autoridades y vecinos del sector.<\/figcaption><\/figure>\n<p><strong>PUTAENDO.-<\/strong> En una reuni\u00f3n que convoc\u00f3 la presencia de connotadas autoridades y debido a la importancia que generaron las declaraciones a Diario El Trabajo de la presidenta del comit\u00e9 de Agua Potable Rural (APR) de Guzmanes, Sara G\u00f3mez, la tarde de este mi\u00e9rcoles en la escuela del sector se realiz\u00f3 una de las reuniones m\u00e1s masivas del \u00faltimo tiempo relacionada con la problem\u00e1tica de los comit\u00e9s de APR.<\/p>\n<p>En la ocasi\u00f3n asistieron el Director Regional de la DOH, Christian V\u00e9liz; diputado Gaspar Rivas S\u00e1nchez; la gobernadora Patricia Boffa; los consejeros regionales Eduardo Le\u00f3n e Iv\u00e1n Reyes; el Alcalde Guillermo Reyes; los concejales Silvia Arancibia, Julio Aravena y Manuel Olivares; el Presidente de la Junta de Vigilancia del R\u00edo Putaendo, Miguel Vega, acompa\u00f1ado de Jos\u00e9 Manuel C\u00e1rter; adem\u00e1s de dirigentes representantes de comit\u00e9s de agua potable de otros sectores como Quebrada Herrera y Piguch\u00e9n.<\/p>\n<p>Cristian V\u00e9liz asegur\u00f3 que \u201cjam\u00e1s estuvo en riesgo que a ra\u00edz de la obra del embalse Chacrillas se pudiera entorpecer el normal flujo de agua que favorece tanto el canal unificado de la Junta de Vigilancia del R\u00edo Putaendo, como tambi\u00e9n a trav\u00e9s de esa v\u00eda al APR de Rinconada de Guzmanes. Tampoco, de acuerdo al proyecto y a lo que va a suceder, estar\u00e1 en riesgo este flujo de agua para el APR\u201d.<\/p>\n<figure id=\"attachment_18408\" aria-describedby=\"caption-attachment-18408\" style=\"width: 300px\" class=\"wp-caption alignright\"><a href=\"http:\/\/www.eltrabajo.cl\/portal\/2012\/05\/vecinos-de-rinconada-de-guzmanes-tendran-asegurado-el-suministro-de-agua\/cristian-veliz-director-regional-doh\/\" rel=\"attachment wp-att-18408\"><img data-recalc-dims=\"1\" loading=\"lazy\" decoding=\"async\" class=\"size-medium wp-image-18408\" title=\"cristian veliz director regional DOH\" src=\"https:\/\/i0.wp.com\/www.eltrabajo.cl\/portal\/wp-content\/uploads\/2012\/05\/cristian-veliz-director-regional-DOH-300x225.jpg?resize=300%2C225\" alt=\"\" width=\"300\" height=\"225\" srcset=\"https:\/\/i0.wp.com\/eltrabajo.cl\/portal\/wp-content\/uploads\/2012\/05\/cristian-veliz-director-regional-DOH.jpg?resize=300%2C225&amp;ssl=1 300w, https:\/\/i0.wp.com\/eltrabajo.cl\/portal\/wp-content\/uploads\/2012\/05\/cristian-veliz-director-regional-DOH.jpg?resize=200%2C150&amp;ssl=1 200w, https:\/\/i0.wp.com\/eltrabajo.cl\/portal\/wp-content\/uploads\/2012\/05\/cristian-veliz-director-regional-DOH.jpg?resize=150%2C112&amp;ssl=1 150w, https:\/\/i0.wp.com\/eltrabajo.cl\/portal\/wp-content\/uploads\/2012\/05\/cristian-veliz-director-regional-DOH.jpg?resize=400%2C300&amp;ssl=1 400w, https:\/\/i0.wp.com\/eltrabajo.cl\/portal\/wp-content\/uploads\/2012\/05\/cristian-veliz-director-regional-DOH.jpg?w=600&amp;ssl=1 600w\" sizes=\"auto, (max-width: 300px) 100vw, 300px\" \/><\/a><figcaption id=\"caption-attachment-18408\" class=\"wp-caption-text\">El Director Regional de la DOH, Cristian V\u00e9liz, garantiz\u00f3 el suministro de agua para el comit\u00e9 de APR Guzmanes.<\/figcaption><\/figure>\n<p>En cuanto al acuerdo bilateral que existe entre la Junta de Vigilancia y el Comit\u00e9 de Agua Potable Rural de Guzmanes, dijo que \u201cadem\u00e1s de las buenas intenciones que han manifestado ambas partes, la DOH les ha se\u00f1alado en esta reuni\u00f3n que est\u00e1 dispuesta a constituirse como garante en cualquier acuerdo\u201d.<\/p>\n<p>Seg\u00fan el personero regional, se espera en definitiva que a futuro, cuando el embalse est\u00e9 construido, las obras no solamente favorezcan a los regantes, sino a los comit\u00e9s de agua potable.<\/p>\n<p>Consultado el presidente de la Junta de Vigilancia del R\u00edo Putaendo, Miguel Vega, sobre la postura del organismo que encabeza para llegar a un acuerdo conveniente con el comit\u00e9, dijo que \u201ctenemos la mejor disposici\u00f3n para poder beneficiar a este sector con un buen contrato, ya sea en cuanto a precio y en cuanto a tiempo\u201d.<\/p>\n<p>Enfatiz\u00f3 que cuando la DOH ponga a la venta las 7 mil acciones correspondientes a derechos de agua, pueda considerar a este comit\u00e9, a objeto que tengan derechos permanentes. Consultado si por lo pronto se considera que en el nuevo acuerdo que se suscriba, aumenten los valores, dijo que es lo m\u00e1s probable.<\/p>\n<p>La presidenta del comit\u00e9, Sara G\u00f3mez, dijo estar muy conforme con el resultado de la reuni\u00f3n, se\u00f1alando que \u201clas alternativas que nos traen son buenas, principalmente porque nos da mucha tranquilidad, para nosotros transmitirlas a nuestros asociados y as\u00ed, el embalse sea realmente una bendici\u00f3n para la comuna\u201d.<\/p>\n<p>Por su parte, la concejal Silvia Arancibia se\u00f1al\u00f3 que \u201cha sido una reuni\u00f3n muy provechosa porque la DOH trajo definiciones a la comunidad, asegurando el agua de bebida y una soluci\u00f3n a futuro. Agradezco al diputado Gaspar Rivas y a la gobernadora Patricia Boffa por habernos escuchado y gestionado este encuentro, que deja muy conformes a los vecinos de Rinconada de Guzmanes\u201d.<\/p>\n<p>En tanto Guillermo Reyes dijo que la reuni\u00f3n hab\u00eda sido muy provechosa y que los comit\u00e9s de agua potable rural ten\u00edan casi los mismos clientes que tiene Esval, por lo que le parec\u00eda que este tema deb\u00eda ser tomado en cuenta por las autoridades, agregando que este acuerdo consensuado con el compromiso de entregar de un porcentaje de los 40 millones de metros c\u00fabicos que tiene el Estado para los comit\u00e9s de agua potable, le parec\u00eda un muy buen anuncio y esperaba que se concretara a la brevedad.<\/p>\n<p>Finalmente Sara G\u00f3mez, presidenta del APR de Guzmanes, agradeci\u00f3 a Radio FM Vida, Putaendo Informa y Diario El Trabajo por su importante aporte a la difusi\u00f3n de esta problem\u00e1tica denunciada, lo que logr\u00f3 que las autoridades escucharan su reclamo y visitaran el sector, destacando la importancia que tienen para los sectores rurales los medios de comunicaci\u00f3n que escuchan y se hacen parte de los problemas de la gente.<\/p>\n<p><strong>Patricio Gallardo M.<\/strong><\/p>\n","protected":false},"excerpt":{"rendered":"<p>PUTAENDO.- En una reuni\u00f3n que convoc\u00f3 la presencia de connotadas autoridades y debido a la importancia que generaron las declaraciones a Diario El Trabajo de la presidenta del comit\u00e9 de Agua Potable&#8230;<\/p>\n","protected":false},"author":482,"featured_media":18407,"comment_status":"open","ping_status":"closed","sticky":false,"template":"","format":"standard","meta":{"advanced_seo_description":"","jetpack_seo_html_title":"","jetpack_seo_noindex":false,"_jetpack_memberships_contains_paid_content":false,"footnotes":""},"categories":[15],"tags":[],"class_list":["post-18406","post","type-post","status-publish","format-standard","has-post-thumbnail","hentry","category-comunidad"],"jetpack_featured_media_url":"https:\/\/i0.wp.com\/eltrabajo.cl\/portal\/wp-content\/uploads\/2012\/05\/reunion-en-guzmanes-por-agua-2.jpg?fit=600%2C450&ssl=1","jetpack_sharing_enabled":true,"jetpack_likes_enabled":true,"jetpack-related-posts":[],"_links":{"self":[{"href":"https:\/\/eltrabajo.cl\/portal\/wp-json\/wp\/v2\/posts\/18406","targetHints":{"allow":["GET"]}}],"collection":[{"href":"https:\/\/eltrabajo.cl\/portal\/wp-json\/wp\/v2\/posts"}],"about":[{"href":"https:\/\/eltrabajo.cl\/portal\/wp-json\/wp\/v2\/types\/post"}],"author":[{"embeddable":true,"href":"https:\/\/eltrabajo.cl\/portal\/wp-json\/wp\/v2\/users\/482"}],"replies":[{"embeddable":true,"href":"https:\/\/eltrabajo.cl\/portal\/wp-json\/wp\/v2\/comments?post=18406"}],"version-history":[{"count":0,"href":"https:\/\/eltrabajo.cl\/portal\/wp-json\/wp\/v2\/posts\/18406\/revisions"}],"wp:featuredmedia":[{"embeddable":true,"href":"https:\/\/eltrabajo.cl\/portal\/wp-json\/wp\/v2\/media\/18407"}],"wp:attachment":[{"href":"https:\/\/eltrabajo.cl\/portal\/wp-json\/wp\/v2\/media?parent=18406"}],"wp:term":[{"taxonomy":"category","embeddable":true,"href":"https:\/\/eltrabajo.cl\/portal\/wp-json\/wp\/v2\/categories?post=18406"},{"taxonomy":"post_tag","embeddable":true,"href":"https:\/\/eltrabajo.cl\/portal\/wp-json\/wp\/v2\/tags?post=18406"}],"curies":[{"name":"wp","href":"https:\/\/api.w.org\/{rel}","templated":true}]}}