{"id":18411,"date":"2012-05-25T09:58:52","date_gmt":"2012-05-25T13:58:52","guid":{"rendered":"http:\/\/www.eltrabajo.cl\/portal\/?p=18411"},"modified":"2012-05-25T09:58:52","modified_gmt":"2012-05-25T13:58:52","slug":"cuando-nina-la-profesora-la-expulso-de-grupo-de-gimnasia-por-ser-%e2%80%98bajita%e2%80%99","status":"publish","type":"post","link":"https:\/\/eltrabajo.cl\/portal\/cuando-nina-la-profesora-la-expulso-de-grupo-de-gimnasia-por-ser-%e2%80%98bajita%e2%80%99\/","title":{"rendered":"Cuando ni\u00f1a la profesora la expuls\u00f3 de grupo de gimnasia por ser \u2018bajita\u2019"},"content":{"rendered":"<figure id=\"attachment_18412\" aria-describedby=\"caption-attachment-18412\" style=\"width: 600px\" class=\"wp-caption alignnone\"><a href=\"http:\/\/www.eltrabajo.cl\/portal\/2012\/05\/cuando-nina-la-profesora-la-expulso-de-grupo-de-gimnasia-por-ser-%e2%80%98bajita%e2%80%99\/madre1-5\/\" rel=\"attachment wp-att-18412\"><img data-recalc-dims=\"1\" loading=\"lazy\" decoding=\"async\" class=\"size-full wp-image-18412\" title=\"Madre1\" src=\"https:\/\/i0.wp.com\/www.eltrabajo.cl\/portal\/wp-content\/uploads\/2012\/05\/Madre1.jpg?resize=600%2C450\" alt=\"\" width=\"600\" height=\"450\" srcset=\"https:\/\/i0.wp.com\/eltrabajo.cl\/portal\/wp-content\/uploads\/2012\/05\/Madre1.jpg?w=600&amp;ssl=1 600w, https:\/\/i0.wp.com\/eltrabajo.cl\/portal\/wp-content\/uploads\/2012\/05\/Madre1.jpg?resize=200%2C150&amp;ssl=1 200w, https:\/\/i0.wp.com\/eltrabajo.cl\/portal\/wp-content\/uploads\/2012\/05\/Madre1.jpg?resize=300%2C225&amp;ssl=1 300w, https:\/\/i0.wp.com\/eltrabajo.cl\/portal\/wp-content\/uploads\/2012\/05\/Madre1.jpg?resize=150%2C112&amp;ssl=1 150w, https:\/\/i0.wp.com\/eltrabajo.cl\/portal\/wp-content\/uploads\/2012\/05\/Madre1.jpg?resize=400%2C300&amp;ssl=1 400w\" sizes=\"auto, (max-width: 600px) 100vw, 600px\" \/><\/a><figcaption id=\"caption-attachment-18412\" class=\"wp-caption-text\">Filomena Delgado y sus dos hijas, Valentina y Francisca S\u00e1nchez. Sus hijas nacieron con una estatura \u2018normal\u2019.<\/figcaption><\/figure>\n<p><strong>Mujer con enanismo habla sobre la discriminaci\u00f3n contra la gente \u2018Especial\u2019<\/strong><\/p>\n<p>Roberto Gonz\u00e1lez S. &#8211; <a href=\"mailto:rgonzalez@eltrabajo.cl\">rgonzalez@eltrabajo.cl<\/a><\/p>\n<p>Quiz\u00e1 sea usted de las personas que, en su justo derecho al amor propio, se preocupa diariamente por su apariencia personal, peor a\u00fan, en la adolescencia que es cuando sufrimos regularmente del acn\u00e9 y otros cambios hormonales que a veces llaman la atenci\u00f3n de los dem\u00e1s, se dir\u00e1 usted al espejo que la vida no es f\u00e1cil y efectivamente tienes raz\u00f3n al respecto, sin embargo, hoy conoceremos a Filomena Delgado Cuevas, una sanfelipe\u00f1a que s\u00ed ha tenido que pagar el precio de la discriminaci\u00f3n por el simple hecho de ser\u2026 diferente.<\/p>\n<figure id=\"attachment_18413\" aria-describedby=\"caption-attachment-18413\" style=\"width: 200px\" class=\"wp-caption alignright\"><a href=\"http:\/\/www.eltrabajo.cl\/portal\/2012\/05\/cuando-nina-la-profesora-la-expulso-de-grupo-de-gimnasia-por-ser-%e2%80%98bajita%e2%80%99\/expulsada1\/\" rel=\"attachment wp-att-18413\"><img data-recalc-dims=\"1\" loading=\"lazy\" decoding=\"async\" class=\"size-medium wp-image-18413\" title=\"Expulsada1\" src=\"https:\/\/i0.wp.com\/www.eltrabajo.cl\/portal\/wp-content\/uploads\/2012\/05\/Expulsada1-200x300.jpg?resize=200%2C300\" alt=\"\" width=\"200\" height=\"300\" srcset=\"https:\/\/i0.wp.com\/eltrabajo.cl\/portal\/wp-content\/uploads\/2012\/05\/Expulsada1.jpg?resize=200%2C300&amp;ssl=1 200w, https:\/\/i0.wp.com\/eltrabajo.cl\/portal\/wp-content\/uploads\/2012\/05\/Expulsada1.jpg?resize=100%2C150&amp;ssl=1 100w, https:\/\/i0.wp.com\/eltrabajo.cl\/portal\/wp-content\/uploads\/2012\/05\/Expulsada1.jpg?resize=400%2C599&amp;ssl=1 400w, https:\/\/i0.wp.com\/eltrabajo.cl\/portal\/wp-content\/uploads\/2012\/05\/Expulsada1.jpg?w=683&amp;ssl=1 683w\" sizes=\"auto, (max-width: 200px) 100vw, 200px\" \/><\/a><figcaption id=\"caption-attachment-18413\" class=\"wp-caption-text\">De este grupo de Revista y Gimnasia fue expulsada Filomena cuando era ni\u00f1a, la raz\u00f3n: Su estatura.<\/figcaption><\/figure>\n<p>Naci\u00f3 el mi\u00e9rcoles 2 de abril de 1980 en San Felipe, ella es la cuarta de cinco hijos que nacieron del matrimonio conformado por Ren\u00e9 Delgado y su esposa Ver\u00f3nica Cuevas. A la peque\u00f1a Filomena se le dictamin\u00f3 Acondroplasia cuando naci\u00f3, un trastorno del crecimiento \u00f3seo que afecta a un ser humano cada 25.000 nacimientos. Diario El Trabajo habl\u00f3 con Ver\u00f3nica Cuevas, madre de Filomena, para conocer c\u00f3mo reaccion\u00f3 ella al enterarse de que su ni\u00f1a era diferente.<\/p>\n<p>\u201cCuando el doctor que me atendi\u00f3 supo que mi hija Filomena ser\u00eda bajita, me dijo que mi hija ser\u00eda una \u2018enana pachacha\u2019, me sent\u00ed triste en ese momento, pero pronto ella ilumin\u00f3 nuestras vidas y lo de la estatura nunca m\u00e1s tuvo importancia para la familia (\u2026) Cada vez que ella fue discriminada fuera de la casa, siempre supe animarla y ense\u00f1arle a defenderse con dignidad, pero sin violencia\u201d, respondi\u00f3 la se\u00f1ora Cuevas.<\/p>\n<p><strong>A SOLAS CON UNA GANADORA<\/strong><\/p>\n<p><strong>&#8211; \u00bfCu\u00e1ndo te diste cuenta de que eras una persona \u2018diferente\u2019?<\/strong><\/p>\n<p>&#8211; \u201cMe di cuenta de que yo era diferente, cuando a mis siete a\u00f1os una profesora de Educaci\u00f3n F\u00edsica me expuls\u00f3 del grupo de Revista y Gimnasia en la que yo participaba. Esa \u2018t\u00eda\u2019 era nueva. Horrorizada y avergonzada, comprend\u00ed que algo era diferente, pues esa profesora me dijo que yo no participar\u00eda por ser tan peque\u00f1a\u201d.<\/p>\n<p><strong>&#8211; \u00bfC\u00f3mo fue tu adolescencia?<\/strong><\/p>\n<p>&#8211; \u201cEn mi adolescencia, las burlas y sobrenombres de mis compa\u00f1eros de clases se incrementaron en mi contra, directamente y en mi cara se re\u00edan de m\u00ed y me sacaban en cara mi estatura. Otra profesora se burlaba de m\u00ed en p\u00fablico, iniciaba chistes y bromeaba por mi estatura, el resto lo hac\u00edan mis compa\u00f1eros\u201d.<\/p>\n<p><strong>&#8211; \u00bfC\u00f3mo te sent\u00edas cuando te hac\u00edan estas cosas?<\/strong><\/p>\n<p>&#8211; \u201cMuy mal, cuando miraba a cabros j\u00f3venes que me gustaban, me sent\u00eda morir, porque no era correspondida, estaba segura de que mi gran sue\u00f1o en la vida, el de ser madre y formar un hogar, jam\u00e1s se me har\u00eda posible, a\u00fan as\u00ed logr\u00e9 terminar mi B\u00e1sica en San Felipe y continu\u00e9 mi Media en Los Andes; las cosas no mejoraron all\u00e1, la burla siempre estaba presente\u201d.<\/p>\n<figure id=\"attachment_18418\" aria-describedby=\"caption-attachment-18418\" style=\"width: 210px\" class=\"wp-caption alignleft\"><a href=\"http:\/\/www.eltrabajo.cl\/portal\/2012\/05\/cuando-nina-la-profesora-la-expulso-de-grupo-de-gimnasia-por-ser-%e2%80%98bajita%e2%80%99\/luis1-4\/\" rel=\"attachment wp-att-18418\"><img data-recalc-dims=\"1\" loading=\"lazy\" decoding=\"async\" class=\"size-medium wp-image-18418 \" title=\"Luis1\" src=\"https:\/\/i0.wp.com\/www.eltrabajo.cl\/portal\/wp-content\/uploads\/2012\/05\/Luis12-300x268.jpg?resize=210%2C188\" alt=\"\" width=\"210\" height=\"188\" srcset=\"https:\/\/i0.wp.com\/eltrabajo.cl\/portal\/wp-content\/uploads\/2012\/05\/Luis12.jpg?resize=300%2C268&amp;ssl=1 300w, https:\/\/i0.wp.com\/eltrabajo.cl\/portal\/wp-content\/uploads\/2012\/05\/Luis12.jpg?resize=167%2C150&amp;ssl=1 167w, https:\/\/i0.wp.com\/eltrabajo.cl\/portal\/wp-content\/uploads\/2012\/05\/Luis12.jpg?resize=150%2C134&amp;ssl=1 150w, https:\/\/i0.wp.com\/eltrabajo.cl\/portal\/wp-content\/uploads\/2012\/05\/Luis12.jpg?resize=400%2C358&amp;ssl=1 400w, https:\/\/i0.wp.com\/eltrabajo.cl\/portal\/wp-content\/uploads\/2012\/05\/Luis12.jpg?w=600&amp;ssl=1 600w\" sizes=\"auto, (max-width: 210px) 100vw, 210px\" \/><\/a><figcaption id=\"caption-attachment-18418\" class=\"wp-caption-text\">Luis S\u00e1nchez, orgulloso esposo de Filomena Delgado.<\/figcaption><\/figure>\n<p><strong>&#8211; \u00bfAcad\u00e9micamente lograste tus metas?<\/strong><\/p>\n<p>&#8211; \u201cTermin\u00e9 mi carrera de T\u00e9cnico en Vestuario, aprend\u00ed mucho y termin\u00e9 mis estudios b\u00e1sicos, a\u00fan as\u00ed, las empresas no me contratan en nada, quiz\u00e1 los empresarios suponen que no soy capaz de hacer bien un trabajo, y me niegan esa oportunidad\u201d.<\/p>\n<p><strong>&#8211; Tienes una familia ahora, \u00bfc\u00f3mo conociste a tu esposo?<\/strong><\/p>\n<p>&#8211; \u201cEn un velorio, ah\u00ed conoc\u00ed a mi esposo Luis S\u00e1nchez, el padre de mis dos hijas. Nuestro pololeo inici\u00f3 cuando yo le envi\u00e9 una carta, luego de tantas cosas que compart\u00edamos como amigos, le hice la pregunta: \u2018\u00bfT\u00fa andar\u00edas con una chiquitita de porte, pero grande de coraz\u00f3n?\u2019, \u00e9l me respondi\u00f3 que s\u00ed\u201d.<\/p>\n<p><strong>&#8211; \u00bfC\u00f3mo fueron tus experiencias de parto?<\/strong><\/p>\n<p>&#8211; \u201cMis partos fueron normales, mis peque\u00f1as, Valentina de ocho y Francisca de dos a\u00f1os, nacieron de 38 semanas de gestaci\u00f3n, ellas son la esencia de mi vida, me siento una mujer completa, soy feliz y no le envidio nada a nadie, s\u00f3lo le digo a la Sociedad, que no nos cierren las puertas laboralmente, todas las personas que somos \u2018especiales\u2019, tenemos iguales derechos que el resto de los dem\u00e1s\u201d.<\/p>\n<p>Diario El Trabajo tambi\u00e9n habl\u00f3 unas palabras con Luis S\u00e1nchez, esposo de Filomena.<\/p>\n<p>\u201cYo estoy muy orgulloso de ella, una ganadora, una mujer con quien conform\u00e9 una familia y la madre de mis dos preciosas hijas, a ella, por ganar esta batalla personal de la discriminaci\u00f3n, por eso la felicito\u201d.<\/p>\n","protected":false},"excerpt":{"rendered":"<p>Mujer con enanismo habla sobre la discriminaci\u00f3n contra la gente \u2018Especial\u2019 Roberto Gonz\u00e1lez S. &#8211; rgonzalez@eltrabajo.cl Quiz\u00e1 sea usted de las personas que, en su justo derecho al amor propio, se preocupa&#8230;<\/p>\n","protected":false},"author":482,"featured_media":18412,"comment_status":"open","ping_status":"closed","sticky":false,"template":"","format":"standard","meta":{"advanced_seo_description":"","jetpack_seo_html_title":"","jetpack_seo_noindex":false,"_jetpack_memberships_contains_paid_content":false,"footnotes":""},"categories":[15],"tags":[],"class_list":["post-18411","post","type-post","status-publish","format-standard","has-post-thumbnail","hentry","category-comunidad"],"jetpack_featured_media_url":"https:\/\/i0.wp.com\/eltrabajo.cl\/portal\/wp-content\/uploads\/2012\/05\/Madre1.jpg?fit=600%2C450&ssl=1","jetpack_sharing_enabled":true,"jetpack_likes_enabled":true,"jetpack-related-posts":[],"_links":{"self":[{"href":"https:\/\/eltrabajo.cl\/portal\/wp-json\/wp\/v2\/posts\/18411","targetHints":{"allow":["GET"]}}],"collection":[{"href":"https:\/\/eltrabajo.cl\/portal\/wp-json\/wp\/v2\/posts"}],"about":[{"href":"https:\/\/eltrabajo.cl\/portal\/wp-json\/wp\/v2\/types\/post"}],"author":[{"embeddable":true,"href":"https:\/\/eltrabajo.cl\/portal\/wp-json\/wp\/v2\/users\/482"}],"replies":[{"embeddable":true,"href":"https:\/\/eltrabajo.cl\/portal\/wp-json\/wp\/v2\/comments?post=18411"}],"version-history":[{"count":0,"href":"https:\/\/eltrabajo.cl\/portal\/wp-json\/wp\/v2\/posts\/18411\/revisions"}],"wp:featuredmedia":[{"embeddable":true,"href":"https:\/\/eltrabajo.cl\/portal\/wp-json\/wp\/v2\/media\/18412"}],"wp:attachment":[{"href":"https:\/\/eltrabajo.cl\/portal\/wp-json\/wp\/v2\/media?parent=18411"}],"wp:term":[{"taxonomy":"category","embeddable":true,"href":"https:\/\/eltrabajo.cl\/portal\/wp-json\/wp\/v2\/categories?post=18411"},{"taxonomy":"post_tag","embeddable":true,"href":"https:\/\/eltrabajo.cl\/portal\/wp-json\/wp\/v2\/tags?post=18411"}],"curies":[{"name":"wp","href":"https:\/\/api.w.org\/{rel}","templated":true}]}}