{"id":18427,"date":"2012-05-25T10:01:58","date_gmt":"2012-05-25T14:01:58","guid":{"rendered":"http:\/\/www.eltrabajo.cl\/portal\/?p=18427"},"modified":"2012-05-25T10:01:59","modified_gmt":"2012-05-25T14:01:59","slug":"trabajadoras-de-casa-particular-esperan-aprobacion-de-ley-que-regula-sus-horarios","status":"publish","type":"post","link":"https:\/\/eltrabajo.cl\/portal\/trabajadoras-de-casa-particular-esperan-aprobacion-de-ley-que-regula-sus-horarios\/","title":{"rendered":"Trabajadoras de casa particular esperan aprobaci\u00f3n de Ley que regula sus horarios"},"content":{"rendered":"<figure id=\"attachment_18428\" aria-describedby=\"caption-attachment-18428\" style=\"width: 300px\" class=\"wp-caption alignleft\"><a href=\"http:\/\/www.eltrabajo.cl\/portal\/2012\/05\/trabajadoras-de-casa-particular-esperan-aprobacion-de-ley-que-regula-sus-horarios\/bernardina-munoz-1\/\" rel=\"attachment wp-att-18428\"><img data-recalc-dims=\"1\" loading=\"lazy\" decoding=\"async\" class=\"size-medium wp-image-18428\" title=\"Bernardina Mu\u00f1oz, 1\" src=\"https:\/\/i0.wp.com\/www.eltrabajo.cl\/portal\/wp-content\/uploads\/2012\/05\/Bernardina-Mu%C3%B1oz-1-300x202.jpg?resize=300%2C202\" alt=\"\" width=\"300\" height=\"202\" srcset=\"https:\/\/i0.wp.com\/eltrabajo.cl\/portal\/wp-content\/uploads\/2012\/05\/Bernardina-Mu%C3%B1oz-1.jpg?resize=300%2C202&amp;ssl=1 300w, https:\/\/i0.wp.com\/eltrabajo.cl\/portal\/wp-content\/uploads\/2012\/05\/Bernardina-Mu%C3%B1oz-1.jpg?resize=200%2C135&amp;ssl=1 200w, https:\/\/i0.wp.com\/eltrabajo.cl\/portal\/wp-content\/uploads\/2012\/05\/Bernardina-Mu%C3%B1oz-1.jpg?resize=150%2C101&amp;ssl=1 150w, https:\/\/i0.wp.com\/eltrabajo.cl\/portal\/wp-content\/uploads\/2012\/05\/Bernardina-Mu%C3%B1oz-1.jpg?resize=400%2C270&amp;ssl=1 400w, https:\/\/i0.wp.com\/eltrabajo.cl\/portal\/wp-content\/uploads\/2012\/05\/Bernardina-Mu%C3%B1oz-1.jpg?w=600&amp;ssl=1 600w\" sizes=\"auto, (max-width: 300px) 100vw, 300px\" \/><\/a><figcaption id=\"caption-attachment-18428\" class=\"wp-caption-text\">La presidenta de Anecap, Bernardina Mu\u00f1oz, valor\u00f3 el proyecto que busca regular las horas de trabajo de las trabajadoras de casa particular.<\/figcaption><\/figure>\n<p>Como un avance calific\u00f3 la presidenta de las Trabajadoras de Casa particular de nuestro pa\u00eds, Bernardina Mu\u00f1oz, el proyecto de Ley que se discute en el parlamento y que dice relaci\u00f3n con el horario de trabajo que deben cumplir.<\/p>\n<p>La iniciativa legal pretende regular la cantidad de horas de trabajo de estas trabajadoras, y baja a 45 el horario, al igual que cualquier otro trabajador en el pa\u00eds.<\/p>\n<p>Seg\u00fan explic\u00f3 Mu\u00f1oz, durante la semana pasada expusieron la iniciativa legal en la Comisi\u00f3n de Trabajo de la C\u00e1mara de Diputados, donde se encuentra en discusi\u00f3n.<\/p>\n<p>El proyecto de Ley naci\u00f3 luego de un intenso trabajo de 10 meses con la Ministra Evelyn Matthei, proceso que Mu\u00f1oz calific\u00f3 como complejo, ya que como Asociaci\u00f3n les cost\u00f3 formar una mesa de trabajo con el Gobierno.<\/p>\n<p>Con esta iniciativa, seg\u00fan la dirigenta se regula la cantidad de horas que deben trabajar las empleadas de casa particular, y establece un m\u00e1ximo de 9 horas diarias de lunes a viernes y no de 12 horas diarias como sucede actualmente y de lunes a s\u00e1bado.<\/p>\n<p>Adem\u00e1s el proyecto regula el pago de horas extras, ya que actualmente las horas extras no son canceladas y son tomadas como parte de su trabajo normal.<\/p>\n<p>\u201cCon este nuevo proyecto de Ley, que ya entr\u00f3 al Senado, viene a regular eso y se van a tener que pagar las horas extras\u201d.<\/p>\n<p>Mu\u00f1oz espera que esta ley sea aprobada como m\u00e1ximo en los meses de septiembre o noviembre. \u201cNosotros pens\u00e1bamos que era una de las leyes que se iba a dar el 21 de Mayo, pero pensamos que el 21 de noviembre, que es el d\u00eda de las trabajadoras\u201d.<\/p>\n<p>Adem\u00e1s junto con este proyecto de Ley est\u00e1n solicitando que se ratifique el convenio 89, dijo Mu\u00f1oz, que se basa en la fiscalizaci\u00f3n laboral, y que busca comprobar que el empleador est\u00e1 realmente cumpliendo con la normativa legal.<\/p>\n","protected":false},"excerpt":{"rendered":"<p>Como un avance calific\u00f3 la presidenta de las Trabajadoras de Casa particular de nuestro pa\u00eds, Bernardina Mu\u00f1oz, el proyecto de Ley que se discute en el parlamento y que dice relaci\u00f3n con&#8230;<\/p>\n","protected":false},"author":482,"featured_media":18428,"comment_status":"open","ping_status":"closed","sticky":false,"template":"","format":"standard","meta":{"advanced_seo_description":"","jetpack_seo_html_title":"","jetpack_seo_noindex":false,"_jetpack_memberships_contains_paid_content":false,"footnotes":""},"categories":[1],"tags":[],"class_list":["post-18427","post","type-post","status-publish","format-standard","has-post-thumbnail","hentry","category-cronica"],"jetpack_featured_media_url":"https:\/\/i0.wp.com\/eltrabajo.cl\/portal\/wp-content\/uploads\/2012\/05\/Bernardina-Mu%C3%B1oz-1.jpg?fit=600%2C405&ssl=1","jetpack_sharing_enabled":true,"jetpack_likes_enabled":true,"jetpack-related-posts":[],"_links":{"self":[{"href":"https:\/\/eltrabajo.cl\/portal\/wp-json\/wp\/v2\/posts\/18427","targetHints":{"allow":["GET"]}}],"collection":[{"href":"https:\/\/eltrabajo.cl\/portal\/wp-json\/wp\/v2\/posts"}],"about":[{"href":"https:\/\/eltrabajo.cl\/portal\/wp-json\/wp\/v2\/types\/post"}],"author":[{"embeddable":true,"href":"https:\/\/eltrabajo.cl\/portal\/wp-json\/wp\/v2\/users\/482"}],"replies":[{"embeddable":true,"href":"https:\/\/eltrabajo.cl\/portal\/wp-json\/wp\/v2\/comments?post=18427"}],"version-history":[{"count":0,"href":"https:\/\/eltrabajo.cl\/portal\/wp-json\/wp\/v2\/posts\/18427\/revisions"}],"wp:featuredmedia":[{"embeddable":true,"href":"https:\/\/eltrabajo.cl\/portal\/wp-json\/wp\/v2\/media\/18428"}],"wp:attachment":[{"href":"https:\/\/eltrabajo.cl\/portal\/wp-json\/wp\/v2\/media?parent=18427"}],"wp:term":[{"taxonomy":"category","embeddable":true,"href":"https:\/\/eltrabajo.cl\/portal\/wp-json\/wp\/v2\/categories?post=18427"},{"taxonomy":"post_tag","embeddable":true,"href":"https:\/\/eltrabajo.cl\/portal\/wp-json\/wp\/v2\/tags?post=18427"}],"curies":[{"name":"wp","href":"https:\/\/api.w.org\/{rel}","templated":true}]}}