{"id":18431,"date":"2012-05-25T10:04:38","date_gmt":"2012-05-25T14:04:38","guid":{"rendered":"http:\/\/www.eltrabajo.cl\/portal\/?p=18431"},"modified":"2012-05-25T10:04:38","modified_gmt":"2012-05-25T14:04:38","slug":"critican-procedimiento-de-carabineros-por-trabajador-victima-de-asalto","status":"publish","type":"post","link":"https:\/\/eltrabajo.cl\/portal\/critican-procedimiento-de-carabineros-por-trabajador-victima-de-asalto\/","title":{"rendered":"Critican procedimiento de Carabineros por trabajador v\u00edctima de asalto"},"content":{"rendered":"<figure id=\"attachment_18433\" aria-describedby=\"caption-attachment-18433\" style=\"width: 300px\" class=\"wp-caption alignleft\"><a href=\"http:\/\/www.eltrabajo.cl\/portal\/2012\/05\/critican-procedimiento-de-carabineros-por-trabajador-victima-de-asalto\/claudio-pantoja\/\" rel=\"attachment wp-att-18433\"><img data-recalc-dims=\"1\" loading=\"lazy\" decoding=\"async\" class=\"size-medium wp-image-18433\" title=\"claudio Pantoja\" src=\"https:\/\/i0.wp.com\/www.eltrabajo.cl\/portal\/wp-content\/uploads\/2012\/05\/claudio-Pantoja-300x225.jpg?resize=300%2C225\" alt=\"\" width=\"300\" height=\"225\" srcset=\"https:\/\/i0.wp.com\/eltrabajo.cl\/portal\/wp-content\/uploads\/2012\/05\/claudio-Pantoja.jpg?resize=300%2C225&amp;ssl=1 300w, https:\/\/i0.wp.com\/eltrabajo.cl\/portal\/wp-content\/uploads\/2012\/05\/claudio-Pantoja.jpg?resize=200%2C150&amp;ssl=1 200w, https:\/\/i0.wp.com\/eltrabajo.cl\/portal\/wp-content\/uploads\/2012\/05\/claudio-Pantoja.jpg?resize=150%2C112&amp;ssl=1 150w, https:\/\/i0.wp.com\/eltrabajo.cl\/portal\/wp-content\/uploads\/2012\/05\/claudio-Pantoja.jpg?resize=400%2C300&amp;ssl=1 400w, https:\/\/i0.wp.com\/eltrabajo.cl\/portal\/wp-content\/uploads\/2012\/05\/claudio-Pantoja.jpg?w=600&amp;ssl=1 600w\" sizes=\"auto, (max-width: 300px) 100vw, 300px\" \/><\/a><figcaption id=\"caption-attachment-18433\" class=\"wp-caption-text\">Claudio Pantoja critic\u00f3 el accionar de Carabineros, quienes no se habr\u00edan ajustado al procedimiento policial.<\/figcaption><\/figure>\n<p>Su preocupaci\u00f3n por lo que calific\u00f3 como una \u2018ola de robos\u2019 que se est\u00e1 produciendo en la comuna, manifest\u00f3 el dirigente social de Curim\u00f3n, Claudio Pantoja.<\/p>\n<p>Seg\u00fan se\u00f1al\u00f3 Pantoja, en el \u00faltimo tiempo ya se habr\u00edan registrado dos robos, tanto en el sector de Curim\u00f3n como en Tierras Blancas. En el primero habr\u00eda sido un empresario el afectado, a quien se le rob\u00f3 una cierta cantidad de joyas y dinero, mientras que en Tierras Blancas no se alcanz\u00f3 a concretar el atraco, ya que el due\u00f1o de casa se encontraba en su vivienda al momento en que los antisociales trataron de ingresar.<\/p>\n<p>La situaci\u00f3n, seg\u00fan Pantoja, se vuelve m\u00e1s compleja cuando en la noche del martes un sujeto ingres\u00f3 a la empresa Exser, al parecer para cometer un robo.<\/p>\n<p>La preocupaci\u00f3n del dirigente es que en esa situaci\u00f3n, uno de los trabajadores que se encontraba en su jornada laboral, result\u00f3 lesionado, a lo que se suma el proceder de Carabineros.<\/p>\n<p>\u201cA eso de las 9 de la noche un individuo entr\u00f3 hasta la planta, se encontr\u00f3 con un trabajador, un operador de planta de la empresa (su hijo, Sebasti\u00e1n Pantoja) y lo agredi\u00f3 con un palo, que le produjo una fractura en su antebrazo derecho\u201d.<\/p>\n<p>Debido a esta situaci\u00f3n se habr\u00eda llamado a Carabineros, los que, por la informaci\u00f3n que maneja el dirigente, no habr\u00eda adoptado el procedimiento correcto seg\u00fan la normativa.<\/p>\n<p>\u201cEl proceder de Carabineros, simplemente decir: \u2018de nuevo est\u00e1n llamando, ni siquiera prestan la cancha para jugar y pasan llamando\u2019; decir despu\u00e9s textual de un carabinero: \u2018Paguen 50 lucas para que pillen al compadre y le saquen la cresta\u2019, entonces esos t\u00e9rminos de parte de un funcionario no se pueden ocupar\u201d.<\/p>\n<figure id=\"attachment_18432\" aria-describedby=\"caption-attachment-18432\" style=\"width: 300px\" class=\"wp-caption alignright\"><a href=\"http:\/\/www.eltrabajo.cl\/portal\/2012\/05\/critican-procedimiento-de-carabineros-por-trabajador-victima-de-asalto\/mayor-arancibia-2\/\" rel=\"attachment wp-att-18432\"><img data-recalc-dims=\"1\" loading=\"lazy\" decoding=\"async\" class=\"size-medium wp-image-18432\" title=\"mayor Arancibia\" src=\"https:\/\/i0.wp.com\/www.eltrabajo.cl\/portal\/wp-content\/uploads\/2012\/05\/mayor-Arancibia-300x225.jpg?resize=300%2C225\" alt=\"\" width=\"300\" height=\"225\" srcset=\"https:\/\/i0.wp.com\/eltrabajo.cl\/portal\/wp-content\/uploads\/2012\/05\/mayor-Arancibia.jpg?resize=300%2C225&amp;ssl=1 300w, https:\/\/i0.wp.com\/eltrabajo.cl\/portal\/wp-content\/uploads\/2012\/05\/mayor-Arancibia.jpg?resize=200%2C150&amp;ssl=1 200w, https:\/\/i0.wp.com\/eltrabajo.cl\/portal\/wp-content\/uploads\/2012\/05\/mayor-Arancibia.jpg?resize=150%2C112&amp;ssl=1 150w, https:\/\/i0.wp.com\/eltrabajo.cl\/portal\/wp-content\/uploads\/2012\/05\/mayor-Arancibia.jpg?resize=400%2C300&amp;ssl=1 400w, https:\/\/i0.wp.com\/eltrabajo.cl\/portal\/wp-content\/uploads\/2012\/05\/mayor-Arancibia.jpg?w=600&amp;ssl=1 600w\" sizes=\"auto, (max-width: 300px) 100vw, 300px\" \/><\/a><figcaption id=\"caption-attachment-18432\" class=\"wp-caption-text\">El Mayor de Carabineros, Marcelo Arancibia, se\u00f1al\u00f3 que cuando una persona se sienta afectada por el accionar del personal policial, debe acercarse a la unidad a realizar el reclamo para comenzar una investigaci\u00f3n.<\/figcaption><\/figure>\n<p>Seg\u00fan lo se\u00f1alado por Pantoja, los carabineros que acudieron a la emergencia, tomaron al trabajador afectado y lo llevaron al hospital donde lo habr\u00edan dejado solo.<\/p>\n<p>\u201cYo me acerqu\u00e9 al hospital a ver qu\u00e9 pasaba y este trabajador estaba esperando afuera del hospital, ni siquiera lo pasaron a la hoja rama para que lo atendieran, estaba ah\u00ed y le dije yo te llevo hasta la planta, lleg\u00f3 la jefatura y la jefatura de la empresa lo llev\u00f3 a la Achs y a la Cl\u00ednica R\u00edo Blanco donde fue tratado, y tiene una contusi\u00f3n de car\u00e1cter grave en su brazo derecho\u201d.<\/p>\n<p>El hecho habr\u00eda ocurrido alrededor de las 20:30 horas, mientras que Carabineros habr\u00eda llegado cerca de las 21:45 horas.<\/p>\n<p><strong>CARABINEROS<\/strong><\/p>\n<p>Consultado el Comisario de San Felipe, Mayo Marcelo Arancibia, el oficial se\u00f1al\u00f3 que existe una denuncia por agresi\u00f3n que se registr\u00f3 el d\u00eda martes, hecha por el afectado.<\/p>\n<p>En ese caso, Arancibia dijo que el personal de Carabineros concurri\u00f3 a ese procedimiento, ingresaron a la empresa donde se hab\u00eda producido la situaci\u00f3n, entrevistaron al afectado y se le prest\u00f3 auxilio, traslad\u00e1ndolo hasta el hospital San Camilo, donde se le dej\u00f3 para constatar las lesiones que le hab\u00edan producido.<\/p>\n<p>\u201cAnte esa situaci\u00f3n Carabineros esper\u00f3 que se atendiera al afectado, pero por situaciones que se est\u00e1n averiguando esta persona no se atendi\u00f3 en el centro asistencial y posteriormente efectu\u00f3 la denuncia por agresi\u00f3n el d\u00eda de ayer (mi\u00e9rcoles). Fue tra\u00eddo a la unidad policial, donde se le mostraron fotograf\u00edas de sospechosos que habr\u00edan sido participantes en este tipo de procedimiento\u201d.<\/p>\n<p>Asimismo Arancibia dijo que en cualquier situaci\u00f3n que una persona se sienta mal atendido por el personal policial, tiene que recurrir a la unidad para ser atendido y as\u00ed esclarecer el procedimiento policial.<\/p>\n","protected":false},"excerpt":{"rendered":"<p>Su preocupaci\u00f3n por lo que calific\u00f3 como una \u2018ola de robos\u2019 que se est\u00e1 produciendo en la comuna, manifest\u00f3 el dirigente social de Curim\u00f3n, Claudio Pantoja. Seg\u00fan se\u00f1al\u00f3 Pantoja, en el \u00faltimo&#8230;<\/p>\n","protected":false},"author":482,"featured_media":18433,"comment_status":"open","ping_status":"closed","sticky":false,"template":"","format":"standard","meta":{"advanced_seo_description":"","jetpack_seo_html_title":"","jetpack_seo_noindex":false,"_jetpack_memberships_contains_paid_content":false,"footnotes":""},"categories":[1],"tags":[],"class_list":["post-18431","post","type-post","status-publish","format-standard","has-post-thumbnail","hentry","category-cronica"],"jetpack_featured_media_url":"https:\/\/i0.wp.com\/eltrabajo.cl\/portal\/wp-content\/uploads\/2012\/05\/claudio-Pantoja.jpg?fit=600%2C451&ssl=1","jetpack_sharing_enabled":true,"jetpack_likes_enabled":true,"jetpack-related-posts":[],"_links":{"self":[{"href":"https:\/\/eltrabajo.cl\/portal\/wp-json\/wp\/v2\/posts\/18431","targetHints":{"allow":["GET"]}}],"collection":[{"href":"https:\/\/eltrabajo.cl\/portal\/wp-json\/wp\/v2\/posts"}],"about":[{"href":"https:\/\/eltrabajo.cl\/portal\/wp-json\/wp\/v2\/types\/post"}],"author":[{"embeddable":true,"href":"https:\/\/eltrabajo.cl\/portal\/wp-json\/wp\/v2\/users\/482"}],"replies":[{"embeddable":true,"href":"https:\/\/eltrabajo.cl\/portal\/wp-json\/wp\/v2\/comments?post=18431"}],"version-history":[{"count":0,"href":"https:\/\/eltrabajo.cl\/portal\/wp-json\/wp\/v2\/posts\/18431\/revisions"}],"wp:featuredmedia":[{"embeddable":true,"href":"https:\/\/eltrabajo.cl\/portal\/wp-json\/wp\/v2\/media\/18433"}],"wp:attachment":[{"href":"https:\/\/eltrabajo.cl\/portal\/wp-json\/wp\/v2\/media?parent=18431"}],"wp:term":[{"taxonomy":"category","embeddable":true,"href":"https:\/\/eltrabajo.cl\/portal\/wp-json\/wp\/v2\/categories?post=18431"},{"taxonomy":"post_tag","embeddable":true,"href":"https:\/\/eltrabajo.cl\/portal\/wp-json\/wp\/v2\/tags?post=18431"}],"curies":[{"name":"wp","href":"https:\/\/api.w.org\/{rel}","templated":true}]}}