{"id":18436,"date":"2012-05-25T10:07:15","date_gmt":"2012-05-25T14:07:15","guid":{"rendered":"http:\/\/www.eltrabajo.cl\/portal\/?p=18436"},"modified":"2012-05-25T10:07:15","modified_gmt":"2012-05-25T14:07:15","slug":"entre-lagrimas-y-un-%e2%80%98hasta-siempre%e2%80%99-se-despide-fiscal-yasmina-aspe-de-san-felipe","status":"publish","type":"post","link":"https:\/\/eltrabajo.cl\/portal\/entre-lagrimas-y-un-%e2%80%98hasta-siempre%e2%80%99-se-despide-fiscal-yasmina-aspe-de-san-felipe\/","title":{"rendered":"Entre l\u00e1grimas y un \u2018hasta siempre\u2019 se despide Fiscal Yasmina Aspe de San Felipe"},"content":{"rendered":"<figure id=\"attachment_18437\" aria-describedby=\"caption-attachment-18437\" style=\"width: 300px\" class=\"wp-caption alignleft\"><a href=\"http:\/\/www.eltrabajo.cl\/portal\/2012\/05\/entre-lagrimas-y-un-%e2%80%98hasta-siempre%e2%80%99-se-despide-fiscal-yasmina-aspe-de-san-felipe\/yasmina-aspe\/\" rel=\"attachment wp-att-18437\"><img data-recalc-dims=\"1\" loading=\"lazy\" decoding=\"async\" class=\"size-medium wp-image-18437\" title=\"Yasmina Aspe\" src=\"https:\/\/i0.wp.com\/www.eltrabajo.cl\/portal\/wp-content\/uploads\/2012\/05\/Yasmina-Aspe-300x225.jpg?resize=300%2C225\" alt=\"\" width=\"300\" height=\"225\" srcset=\"https:\/\/i0.wp.com\/eltrabajo.cl\/portal\/wp-content\/uploads\/2012\/05\/Yasmina-Aspe.jpg?resize=300%2C225&amp;ssl=1 300w, https:\/\/i0.wp.com\/eltrabajo.cl\/portal\/wp-content\/uploads\/2012\/05\/Yasmina-Aspe.jpg?resize=200%2C150&amp;ssl=1 200w, https:\/\/i0.wp.com\/eltrabajo.cl\/portal\/wp-content\/uploads\/2012\/05\/Yasmina-Aspe.jpg?resize=150%2C112&amp;ssl=1 150w, https:\/\/i0.wp.com\/eltrabajo.cl\/portal\/wp-content\/uploads\/2012\/05\/Yasmina-Aspe.jpg?resize=400%2C300&amp;ssl=1 400w, https:\/\/i0.wp.com\/eltrabajo.cl\/portal\/wp-content\/uploads\/2012\/05\/Yasmina-Aspe.jpg?w=600&amp;ssl=1 600w\" sizes=\"auto, (max-width: 300px) 100vw, 300px\" \/><\/a><figcaption id=\"caption-attachment-18437\" class=\"wp-caption-text\">Con sentimientos encontrados, la Fiscal Yasmina Aspe Rosas se despide de San Felipe para reanudar sus funciones en el Ministerio P\u00fablico de San Felipe.<\/figcaption><\/figure>\n<p>Pablo Salinas Sald\u00edas &#8211; <a href=\"mailto:psalinas@eltrabajo.cl\">psalinas@eltrabajo.cl<\/a><\/p>\n<p>Tras nueve a\u00f1os desempe\u00f1\u00e1ndose como Fiscal adjunto en el Ministerio P\u00fablico de San Felipe, Yasmina Ayleen Aspe Rosas se trasladar\u00e1 con el mismo cargo hasta la Fiscal\u00eda de Antofagasta, situaci\u00f3n que ha provocado una gran tristeza entre sus compa\u00f1eros de trabajo y en ella misma tras su pronta partida, debido al profesionalismo que la ha llevado a cumplir sus funciones en favor de la justicia en esta zona.<\/p>\n<p>Su llegada al Ministerio P\u00fablico de San Felipe inicia cuando se instaur\u00f3 la Reforma Procesal en la Quinta Regi\u00f3n, en conjunto con el equipo que conform\u00f3 la Fiscal\u00eda Local en el mes de noviembre del a\u00f1o 2003, un a\u00f1o se desempe\u00f1\u00f3 como abogado asistente hasta el a\u00f1o 2004 donde fue nombrada como Fiscal Adjunto hasta la actualidad.<\/p>\n<p><strong>Mujer Emprendedora<\/strong><\/p>\n<p>Proveniente del Norte del pa\u00eds, estudi\u00f3 Derecho en la Universidad Andr\u00e9s Bello en la regi\u00f3n Metropolitana, donde cumpli\u00f3 funciones en el Centro de Atenci\u00f3n de V\u00edctimas de Delitos Violentos en esa zona, uno de los primeros creados en Chile y en los Tribunales del Crimen, siempre vinculada con el Derecho Penal.<\/p>\n<p>Con el carisma que la caracteriza, se inici\u00f3 como Fiscal en San Felipe donde estuvo a cargo de distintas especialidades de Responsabilidad Penal Adolescente, Violencia Intrafamiliar y Delitos Sexuales de alta complejidad donde han resultado da\u00f1ados menores de edad.<\/p>\n<p>Seg\u00fan nos cuenta, sus primeras expectativas eran retornar a Santiago cuando ingres\u00f3 a la Fiscal\u00eda de San Felipe, pero con el tiempo desisti\u00f3: \u201cEn el primer a\u00f1o que trabaj\u00e9 ac\u00e1 logr\u00e9 encantarme con el lugar y particularmente con el equipo, funcionarios que en su mayor\u00eda de ellos a\u00fan est\u00e1n presentes, gente muy comprometida con su trabajo, eso motiv\u00f3 a radicarme en San Felipe junto a mi familia\u201d, recuerda Yasmina Aspe.<\/p>\n<p><strong>Lado Humano detr\u00e1s de la Fiscal<\/strong><\/p>\n<p>Dentro de sus innumerables causas que ha llevado a juicio durante todos estos a\u00f1os, la representante del Ministerio P\u00fablico recuerda algunos en particular y que tocaron profundamente su lado humano: \u201cRecuerdo un ni\u00f1o de 9 a\u00f1os de edad que estaba siendo asistido en centro asistencial por m\u00faltiples lesiones en cuerpo y Carabineros me informa de lo ocurrido, entreg\u00e1ndome fotograf\u00edas muy impactantes y con una frialdad absoluta sus padres ven esa fotograf\u00eda, fue una causa que caus\u00f3 conmoci\u00f3n nacional, no s\u00f3lo por las lesiones que ten\u00eda ya que adem\u00e1s ten\u00eda un grado de desnutrici\u00f3n muy importante, donde ambos padres se les llev\u00f3 a juicio oral, siendo condenados a penas efectivas a pesar que no manten\u00edan antecedentes anteriores. El ni\u00f1o hab\u00eda vivido una situaci\u00f3n de tortura durante el tiempo que estuvo con los pap\u00e1s, ya que antes viv\u00eda con los abuelos; desde el primer d\u00eda lo comenzaron a agredir, tanto f\u00edsica como psicol\u00f3gicamente\u201d, relata la Fiscal.<\/p>\n<p><strong>Justicia para las v\u00edctimas<\/strong><\/p>\n<p>\u201cOtra causa que recuerdo fue una mam\u00e1 que llega con una informaci\u00f3n que una amiga de su hija hab\u00eda intentado suicidarse, y hab\u00edan unas sospechas que esto pudo haber sido ocasionado porque estas ni\u00f1as visitan un taller y eso origin\u00f3 una investigaci\u00f3n. Se citaron a las mam\u00e1s y a las ni\u00f1as, se descubre que el intento suicida de esta ni\u00f1a que result\u00f3 con graves heridas y tuvo que ser trasladada hacia Vi\u00f1a del Mar, hab\u00eda sido porque fue agredida por un sujeto que a su vez manten\u00eda conductas impropias con otras ni\u00f1as, causa que se llev\u00f3 a juicio y fue condenado si mal no recuerdo a diez a\u00f1os y un d\u00eda. Fue una condena importante de lograr a prop\u00f3sito que el hecho no fue informado oportunamente\u201d, puntualiza Aspe.<\/p>\n<p><strong>Sentimientos Encontrados<\/strong><\/p>\n<p>No obstante por una decisi\u00f3n personal, Yasmina Aspe Rosas a partir del 1 de junio deja a su familia en San Felipe y se instalar\u00e1 con todo su profesionalismo en el Ministerio P\u00fablico de Antofagasta, dejando un gran legado en nuestra provincia como una destacable persecutora de los delitos sexuales del cual a muchos dej\u00f3 tras las rejas.<\/p>\n<p>Conocida la noticia de su partida gener\u00f3 emoci\u00f3n entre su equipo de trabajo, quienes la recordar\u00e1n como una gran profesional de la Justicia. A solo un d\u00eda de abandonar la zona, s\u00f3lo tuvo palabras para decir que estaba con sentimientos encontrados, enmudeciendo para luego dejar caer algunas l\u00e1grimas. Nos queda claro la tristeza de su partida, su destacable sencillez y calidad humana.<\/p>\n<p>Diario El Trabajo se suma a los buenos deseos de \u00e9xito y prosperidad en sus pr\u00f3ximas labores como Fiscal en el norte del pa\u00eds, agradecidos de su cordialidad y buena disposici\u00f3n con la opini\u00f3n p\u00fablica.<\/p>\n","protected":false},"excerpt":{"rendered":"<p>Pablo Salinas Sald\u00edas &#8211; psalinas@eltrabajo.cl Tras nueve a\u00f1os desempe\u00f1\u00e1ndose como Fiscal adjunto en el Ministerio P\u00fablico de San Felipe, Yasmina Ayleen Aspe Rosas se trasladar\u00e1 con el mismo cargo hasta la Fiscal\u00eda&#8230;<\/p>\n","protected":false},"author":482,"featured_media":18437,"comment_status":"open","ping_status":"closed","sticky":false,"template":"","format":"standard","meta":{"advanced_seo_description":"","jetpack_seo_html_title":"","jetpack_seo_noindex":false,"_jetpack_memberships_contains_paid_content":false,"footnotes":""},"categories":[15],"tags":[],"class_list":["post-18436","post","type-post","status-publish","format-standard","has-post-thumbnail","hentry","category-comunidad"],"jetpack_featured_media_url":"https:\/\/i0.wp.com\/eltrabajo.cl\/portal\/wp-content\/uploads\/2012\/05\/Yasmina-Aspe.jpg?fit=600%2C451&ssl=1","jetpack_sharing_enabled":true,"jetpack_likes_enabled":true,"jetpack-related-posts":[],"_links":{"self":[{"href":"https:\/\/eltrabajo.cl\/portal\/wp-json\/wp\/v2\/posts\/18436","targetHints":{"allow":["GET"]}}],"collection":[{"href":"https:\/\/eltrabajo.cl\/portal\/wp-json\/wp\/v2\/posts"}],"about":[{"href":"https:\/\/eltrabajo.cl\/portal\/wp-json\/wp\/v2\/types\/post"}],"author":[{"embeddable":true,"href":"https:\/\/eltrabajo.cl\/portal\/wp-json\/wp\/v2\/users\/482"}],"replies":[{"embeddable":true,"href":"https:\/\/eltrabajo.cl\/portal\/wp-json\/wp\/v2\/comments?post=18436"}],"version-history":[{"count":0,"href":"https:\/\/eltrabajo.cl\/portal\/wp-json\/wp\/v2\/posts\/18436\/revisions"}],"wp:featuredmedia":[{"embeddable":true,"href":"https:\/\/eltrabajo.cl\/portal\/wp-json\/wp\/v2\/media\/18437"}],"wp:attachment":[{"href":"https:\/\/eltrabajo.cl\/portal\/wp-json\/wp\/v2\/media?parent=18436"}],"wp:term":[{"taxonomy":"category","embeddable":true,"href":"https:\/\/eltrabajo.cl\/portal\/wp-json\/wp\/v2\/categories?post=18436"},{"taxonomy":"post_tag","embeddable":true,"href":"https:\/\/eltrabajo.cl\/portal\/wp-json\/wp\/v2\/tags?post=18436"}],"curies":[{"name":"wp","href":"https:\/\/api.w.org\/{rel}","templated":true}]}}