{"id":18450,"date":"2012-05-28T10:05:26","date_gmt":"2012-05-28T14:05:26","guid":{"rendered":"http:\/\/www.eltrabajo.cl\/portal\/?p=18450"},"modified":"2012-05-28T10:05:26","modified_gmt":"2012-05-28T14:05:26","slug":"obispado-y-museo-buen-pastor-abren-sus-puertas-en-dia-del-patrimonio","status":"publish","type":"post","link":"https:\/\/eltrabajo.cl\/portal\/obispado-y-museo-buen-pastor-abren-sus-puertas-en-dia-del-patrimonio\/","title":{"rendered":"Obispado y Museo Buen Pastor abren sus puertas en D\u00eda del Patrimonio"},"content":{"rendered":"<p>&nbsp;<\/p>\n<figure id=\"attachment_18451\" aria-describedby=\"caption-attachment-18451\" style=\"width: 600px\" class=\"wp-caption alignnone\"><a href=\"http:\/\/www.eltrabajo.cl\/portal\/2012\/05\/obispado-y-museo-buen-pastor-abren-sus-puertas-en-dia-del-patrimonio\/asistentes\/\" rel=\"attachment wp-att-18451\"><img data-recalc-dims=\"1\" loading=\"lazy\" decoding=\"async\" class=\"size-full wp-image-18451\" title=\"asistentes\" src=\"https:\/\/i0.wp.com\/www.eltrabajo.cl\/portal\/wp-content\/uploads\/2012\/05\/asistentes.jpg?resize=600%2C450\" alt=\"\" width=\"600\" height=\"450\" srcset=\"https:\/\/i0.wp.com\/eltrabajo.cl\/portal\/wp-content\/uploads\/2012\/05\/asistentes.jpg?w=600&amp;ssl=1 600w, https:\/\/i0.wp.com\/eltrabajo.cl\/portal\/wp-content\/uploads\/2012\/05\/asistentes.jpg?resize=200%2C150&amp;ssl=1 200w, https:\/\/i0.wp.com\/eltrabajo.cl\/portal\/wp-content\/uploads\/2012\/05\/asistentes.jpg?resize=300%2C225&amp;ssl=1 300w, https:\/\/i0.wp.com\/eltrabajo.cl\/portal\/wp-content\/uploads\/2012\/05\/asistentes.jpg?resize=150%2C112&amp;ssl=1 150w, https:\/\/i0.wp.com\/eltrabajo.cl\/portal\/wp-content\/uploads\/2012\/05\/asistentes.jpg?resize=400%2C300&amp;ssl=1 400w\" sizes=\"auto, (max-width: 600px) 100vw, 600px\" \/><\/a><figcaption id=\"caption-attachment-18451\" class=\"wp-caption-text\">A pesar del mal tiempo que afect\u00f3 al valle de Aconcagua este fin de semana, bastantes fueron las personas que llegaron a admirar y conocer los objetos que forman parte del Museo.<\/figcaption><\/figure>\n<p>Este domingo se celebr\u00f3 a nivel nacional, el D\u00eda del Patrimonio Nacional, y la fecha tambi\u00e9n fue conmemorada en la comuna de San Felipe. La fecha adem\u00e1s coincidi\u00f3 con la reapertura de las dependencias del Obispado y del Museo Buen Pastor, las que resultaron sumamente afectadas por el terremoto del 27 de febrero del 2010 y que s\u00f3lo dos a\u00f1os despu\u00e9s fue posible terminar de arreglar.<\/p>\n<p>Las puertas del Obispado fueron abiertas al p\u00fablico desde las 10:00 horas, instancia en que los visitantes, bastante escasos en horas de la ma\u00f1ana, pudieron visitar todos los rincones del edificio, entre los que se cuentan la oficina del Obispo Cristian Contreras, los dormitorios que utilizaban los seminaristas, el comedor y la cocina, dos de las salas que resultaron m\u00e1s afectadas con el fuerte sismo sentido en la madrugada del 27 de febrero de 2010. En tanto al medio d\u00eda del domingo, continuaron las actividades en el Museo Buen Pastor.<\/p>\n<figure id=\"attachment_18452\" aria-describedby=\"caption-attachment-18452\" style=\"width: 300px\" class=\"wp-caption alignright\"><a href=\"http:\/\/www.eltrabajo.cl\/portal\/2012\/05\/obispado-y-museo-buen-pastor-abren-sus-puertas-en-dia-del-patrimonio\/obispado\/\" rel=\"attachment wp-att-18452\"><img data-recalc-dims=\"1\" loading=\"lazy\" decoding=\"async\" class=\"size-medium wp-image-18452\" title=\"obispado\" src=\"https:\/\/i0.wp.com\/www.eltrabajo.cl\/portal\/wp-content\/uploads\/2012\/05\/obispado-300x225.jpg?resize=300%2C225\" alt=\"\" width=\"300\" height=\"225\" srcset=\"https:\/\/i0.wp.com\/eltrabajo.cl\/portal\/wp-content\/uploads\/2012\/05\/obispado.jpg?resize=300%2C225&amp;ssl=1 300w, https:\/\/i0.wp.com\/eltrabajo.cl\/portal\/wp-content\/uploads\/2012\/05\/obispado.jpg?resize=200%2C150&amp;ssl=1 200w, https:\/\/i0.wp.com\/eltrabajo.cl\/portal\/wp-content\/uploads\/2012\/05\/obispado.jpg?resize=150%2C112&amp;ssl=1 150w, https:\/\/i0.wp.com\/eltrabajo.cl\/portal\/wp-content\/uploads\/2012\/05\/obispado.jpg?resize=400%2C300&amp;ssl=1 400w, https:\/\/i0.wp.com\/eltrabajo.cl\/portal\/wp-content\/uploads\/2012\/05\/obispado.jpg?w=600&amp;ssl=1 600w\" sizes=\"auto, (max-width: 300px) 100vw, 300px\" \/><\/a><figcaption id=\"caption-attachment-18452\" class=\"wp-caption-text\">Esta es la oficina personal del Obispo Cristi\u00e1n Contreras, lugar donde realizar las audiencias con la comunidad.<\/figcaption><\/figure>\n<p>En ese lugar los asistentes pudieron participar de una eucarist\u00eda, posteriormente la presentaci\u00f3n de la Escuela de M\u00fasica de Putaendo, para luego realizar la bendici\u00f3n de las salas que fueron reabiertas luego de que fueran reparadas en estos dos a\u00f1os. Al lugar lleg\u00f3 un importante n\u00famero de personas, las que pudieron recorrer y conocer los objetos que forman parte de este museo, que durante a\u00f1os las hermanas han podido mantener y que luego del terremoto se hizo m\u00e1s complejo.<\/p>\n<p>\u201cHa sido bastante dif\u00edcil, con el trabajo de la comunidad, el grupo de amigos del museo y bastante apoyo de la sociedad, tanto aqu\u00ed en San Felipe, tanto en los otros pueblos tambi\u00e9n y las ciudades\u201d, dijo la hermana Eliana Letelier, directora del Museo Buen Pastor.<\/p>\n<p>\u201cAnteriormente, el museo estaba compuesto por siete salas, en las cuales se expon\u00edan los distintos elementos que componen la muestra, sin embargo con esta remodelaci\u00f3n quedaron disponibles solo tres salas, por lo que su readecuaci\u00f3n ha sido compleja tambi\u00e9n\u201d, reconoce la Hermana Eliana.<\/p>\n<figure id=\"attachment_18453\" aria-describedby=\"caption-attachment-18453\" style=\"width: 300px\" class=\"wp-caption alignleft\"><a href=\"http:\/\/www.eltrabajo.cl\/portal\/2012\/05\/obispado-y-museo-buen-pastor-abren-sus-puertas-en-dia-del-patrimonio\/buen-pastor\/\" rel=\"attachment wp-att-18453\"><img data-recalc-dims=\"1\" loading=\"lazy\" decoding=\"async\" class=\"size-medium wp-image-18453\" title=\"buen pastor\" src=\"https:\/\/i0.wp.com\/www.eltrabajo.cl\/portal\/wp-content\/uploads\/2012\/05\/buen-pastor-300x214.jpg?resize=300%2C214\" alt=\"\" width=\"300\" height=\"214\" srcset=\"https:\/\/i0.wp.com\/eltrabajo.cl\/portal\/wp-content\/uploads\/2012\/05\/buen-pastor.jpg?resize=300%2C214&amp;ssl=1 300w, https:\/\/i0.wp.com\/eltrabajo.cl\/portal\/wp-content\/uploads\/2012\/05\/buen-pastor.jpg?resize=200%2C142&amp;ssl=1 200w, https:\/\/i0.wp.com\/eltrabajo.cl\/portal\/wp-content\/uploads\/2012\/05\/buen-pastor.jpg?resize=150%2C107&amp;ssl=1 150w, https:\/\/i0.wp.com\/eltrabajo.cl\/portal\/wp-content\/uploads\/2012\/05\/buen-pastor.jpg?resize=400%2C285&amp;ssl=1 400w, https:\/\/i0.wp.com\/eltrabajo.cl\/portal\/wp-content\/uploads\/2012\/05\/buen-pastor.jpg?w=600&amp;ssl=1 600w\" sizes=\"auto, (max-width: 300px) 100vw, 300px\" \/><\/a><figcaption id=\"caption-attachment-18453\" class=\"wp-caption-text\">Gracias a los trabajos de reparaci\u00f3n, se pudo abrir las puertas del Museo Buen Pastor, y este D\u00eda del Patrimonio Nacional la comunidad pudo apreciar nuevamente los objetos que forman parte de la exposici\u00f3n.<\/figcaption><\/figure>\n<p>\u201cEntonces distinguir, separar y clasificar es lo m\u00e1s importante\u201d.<\/p>\n<p>Asimismo, la religiosa calific\u00f3 como interesante la participaci\u00f3n de la comunidad en el D\u00eda del Patrimonio Nacional, ya que a pesar del mal tiempo hasta el lugar lleg\u00f3 un importante n\u00famero de personas.<\/p>\n","protected":false},"excerpt":{"rendered":"<p>&nbsp; Este domingo se celebr\u00f3 a nivel nacional, el D\u00eda del Patrimonio Nacional, y la fecha tambi\u00e9n fue conmemorada en la comuna de San Felipe. La fecha adem\u00e1s coincidi\u00f3 con la reapertura&#8230;<\/p>\n","protected":false},"author":482,"featured_media":18451,"comment_status":"open","ping_status":"closed","sticky":false,"template":"","format":"standard","meta":{"advanced_seo_description":"","jetpack_seo_html_title":"","jetpack_seo_noindex":false,"_jetpack_memberships_contains_paid_content":false,"footnotes":""},"categories":[15],"tags":[],"class_list":["post-18450","post","type-post","status-publish","format-standard","has-post-thumbnail","hentry","category-comunidad"],"jetpack_featured_media_url":"https:\/\/i0.wp.com\/eltrabajo.cl\/portal\/wp-content\/uploads\/2012\/05\/asistentes.jpg?fit=600%2C450&ssl=1","jetpack_sharing_enabled":true,"jetpack_likes_enabled":true,"jetpack-related-posts":[],"_links":{"self":[{"href":"https:\/\/eltrabajo.cl\/portal\/wp-json\/wp\/v2\/posts\/18450","targetHints":{"allow":["GET"]}}],"collection":[{"href":"https:\/\/eltrabajo.cl\/portal\/wp-json\/wp\/v2\/posts"}],"about":[{"href":"https:\/\/eltrabajo.cl\/portal\/wp-json\/wp\/v2\/types\/post"}],"author":[{"embeddable":true,"href":"https:\/\/eltrabajo.cl\/portal\/wp-json\/wp\/v2\/users\/482"}],"replies":[{"embeddable":true,"href":"https:\/\/eltrabajo.cl\/portal\/wp-json\/wp\/v2\/comments?post=18450"}],"version-history":[{"count":0,"href":"https:\/\/eltrabajo.cl\/portal\/wp-json\/wp\/v2\/posts\/18450\/revisions"}],"wp:featuredmedia":[{"embeddable":true,"href":"https:\/\/eltrabajo.cl\/portal\/wp-json\/wp\/v2\/media\/18451"}],"wp:attachment":[{"href":"https:\/\/eltrabajo.cl\/portal\/wp-json\/wp\/v2\/media?parent=18450"}],"wp:term":[{"taxonomy":"category","embeddable":true,"href":"https:\/\/eltrabajo.cl\/portal\/wp-json\/wp\/v2\/categories?post=18450"},{"taxonomy":"post_tag","embeddable":true,"href":"https:\/\/eltrabajo.cl\/portal\/wp-json\/wp\/v2\/tags?post=18450"}],"curies":[{"name":"wp","href":"https:\/\/api.w.org\/{rel}","templated":true}]}}