{"id":18459,"date":"2012-05-28T10:06:59","date_gmt":"2012-05-28T14:06:59","guid":{"rendered":"http:\/\/www.eltrabajo.cl\/portal\/?p=18459"},"modified":"2012-05-28T10:06:59","modified_gmt":"2012-05-28T14:06:59","slug":"mas-de-325-personas-atendidas-en-gobierno-en-terreno-realizado-en-rinconada-de-silva","status":"publish","type":"post","link":"https:\/\/eltrabajo.cl\/portal\/mas-de-325-personas-atendidas-en-gobierno-en-terreno-realizado-en-rinconada-de-silva\/","title":{"rendered":"M\u00e1s de 325 personas atendidas en Gobierno en Terreno realizado en Rinconada de Silva"},"content":{"rendered":"<figure id=\"attachment_18460\" aria-describedby=\"caption-attachment-18460\" style=\"width: 600px\" class=\"wp-caption alignnone\"><a href=\"http:\/\/www.eltrabajo.cl\/portal\/2012\/05\/mas-de-325-personas-atendidas-en-gobierno-en-terreno-realizado-en-rinconada-de-silva\/gobierno-en-terreno\/\" rel=\"attachment wp-att-18460\"><img data-recalc-dims=\"1\" loading=\"lazy\" decoding=\"async\" class=\"size-full wp-image-18460\" title=\"gobierno en terreno\" src=\"https:\/\/i0.wp.com\/www.eltrabajo.cl\/portal\/wp-content\/uploads\/2012\/05\/gobierno-en-terreno.jpg?resize=600%2C495\" alt=\"\" width=\"600\" height=\"495\" srcset=\"https:\/\/i0.wp.com\/eltrabajo.cl\/portal\/wp-content\/uploads\/2012\/05\/gobierno-en-terreno.jpg?w=600&amp;ssl=1 600w, https:\/\/i0.wp.com\/eltrabajo.cl\/portal\/wp-content\/uploads\/2012\/05\/gobierno-en-terreno.jpg?resize=181%2C150&amp;ssl=1 181w, https:\/\/i0.wp.com\/eltrabajo.cl\/portal\/wp-content\/uploads\/2012\/05\/gobierno-en-terreno.jpg?resize=300%2C247&amp;ssl=1 300w, https:\/\/i0.wp.com\/eltrabajo.cl\/portal\/wp-content\/uploads\/2012\/05\/gobierno-en-terreno.jpg?resize=150%2C123&amp;ssl=1 150w, https:\/\/i0.wp.com\/eltrabajo.cl\/portal\/wp-content\/uploads\/2012\/05\/gobierno-en-terreno.jpg?resize=400%2C330&amp;ssl=1 400w\" sizes=\"auto, (max-width: 600px) 100vw, 600px\" \/><\/a><figcaption id=\"caption-attachment-18460\" class=\"wp-caption-text\">Como es tradicional, funcionarios de los diferentes servicios p\u00fablicos brindaron atenci\u00f3n a las personas que llegaron allugar, con el fin de escuchar los planteamientos de la comunidad y efectuar las respectivas derivaciones.<\/figcaption><\/figure>\n<p><strong>PUTAENDO.-<\/strong> Un total de 328 atenciones, entre consultas, tr\u00e1mites directos y entrega de informaci\u00f3n, se registraron en Gobierno en Terreno que se realiz\u00f3 en la localidad de Rinconada de Silva recientemente.<\/p>\n<p>La actividad que fue presidida por la Gobernadora Provincial, Patricia Boffa, cont\u00f3 tambi\u00e9n con la asistencia de algunos jefes de servicios p\u00fablicos, como el Director del Servicio de Salud Aconcagua, Rodrigo Infante; de Educaci\u00f3n, Rosalindo Gonz\u00e1lez, y los concejales de Putaendo, Julio Aravena y Silvia Arancibia.<\/p>\n<p>La feria de servicios se inici\u00f3 a las diez de la ma\u00f1ana, con la participaci\u00f3n de Sernac, Serviu, Senda- Municipalidad de Putaendo, Fonasa, Cesfam Putaendo, Corporaci\u00f3n de Asistencia Judicial, IPS, Junji, Junaeb, Sernam- Centro de la Mujer, PDI, SENCE, Vialidad, Familia de Acogida, Indap, SAG, Consejo Consultivo Hospital San Camilo; SEREMI de Salud; ISL, Prodemu, Cant\u00f3n de Reclutamiento, Fosis, Educaci\u00f3n, Direcci\u00f3n del Trabajo, Sercotec, Conaf, Carabineros y Hospital de Putaendo.<\/p>\n<p>\u201cHay un compromiso de parte del Gobierno, de llevar hasta las comunas y localidades de la provincia los servicios p\u00fablicos y donde la comunidad pueda hacer las consultas que fueran necesarias y lo m\u00e1s importante, es que la comunidad se va satisfecha\u201d coment\u00f3 la Gobernadora Patricia Boffa.<\/p>\n","protected":false},"excerpt":{"rendered":"<p>PUTAENDO.- Un total de 328 atenciones, entre consultas, tr\u00e1mites directos y entrega de informaci\u00f3n, se registraron en Gobierno en Terreno que se realiz\u00f3 en la localidad de Rinconada de Silva recientemente. La&#8230;<\/p>\n","protected":false},"author":482,"featured_media":18460,"comment_status":"open","ping_status":"closed","sticky":false,"template":"","format":"standard","meta":{"advanced_seo_description":"","jetpack_seo_html_title":"","jetpack_seo_noindex":false,"_jetpack_memberships_contains_paid_content":false,"footnotes":""},"categories":[15],"tags":[],"class_list":["post-18459","post","type-post","status-publish","format-standard","has-post-thumbnail","hentry","category-comunidad"],"jetpack_featured_media_url":"https:\/\/i0.wp.com\/eltrabajo.cl\/portal\/wp-content\/uploads\/2012\/05\/gobierno-en-terreno.jpg?fit=600%2C495&ssl=1","jetpack_sharing_enabled":true,"jetpack_likes_enabled":true,"jetpack-related-posts":[],"_links":{"self":[{"href":"https:\/\/eltrabajo.cl\/portal\/wp-json\/wp\/v2\/posts\/18459","targetHints":{"allow":["GET"]}}],"collection":[{"href":"https:\/\/eltrabajo.cl\/portal\/wp-json\/wp\/v2\/posts"}],"about":[{"href":"https:\/\/eltrabajo.cl\/portal\/wp-json\/wp\/v2\/types\/post"}],"author":[{"embeddable":true,"href":"https:\/\/eltrabajo.cl\/portal\/wp-json\/wp\/v2\/users\/482"}],"replies":[{"embeddable":true,"href":"https:\/\/eltrabajo.cl\/portal\/wp-json\/wp\/v2\/comments?post=18459"}],"version-history":[{"count":0,"href":"https:\/\/eltrabajo.cl\/portal\/wp-json\/wp\/v2\/posts\/18459\/revisions"}],"wp:featuredmedia":[{"embeddable":true,"href":"https:\/\/eltrabajo.cl\/portal\/wp-json\/wp\/v2\/media\/18460"}],"wp:attachment":[{"href":"https:\/\/eltrabajo.cl\/portal\/wp-json\/wp\/v2\/media?parent=18459"}],"wp:term":[{"taxonomy":"category","embeddable":true,"href":"https:\/\/eltrabajo.cl\/portal\/wp-json\/wp\/v2\/categories?post=18459"},{"taxonomy":"post_tag","embeddable":true,"href":"https:\/\/eltrabajo.cl\/portal\/wp-json\/wp\/v2\/tags?post=18459"}],"curies":[{"name":"wp","href":"https:\/\/api.w.org\/{rel}","templated":true}]}}