{"id":18463,"date":"2012-05-28T10:10:49","date_gmt":"2012-05-28T14:10:49","guid":{"rendered":"http:\/\/www.eltrabajo.cl\/portal\/?p=18463"},"modified":"2012-05-28T10:10:49","modified_gmt":"2012-05-28T14:10:49","slug":"liceo-roberto-humeres-celebro-el-%e2%80%98dia-del-patrimonio-nacional%e2%80%99","status":"publish","type":"post","link":"https:\/\/eltrabajo.cl\/portal\/liceo-roberto-humeres-celebro-el-%e2%80%98dia-del-patrimonio-nacional%e2%80%99\/","title":{"rendered":"Liceo Roberto Humeres celebr\u00f3 el \u2018D\u00eda del Patrimonio Nacional\u2019"},"content":{"rendered":"<figure id=\"attachment_18464\" aria-describedby=\"caption-attachment-18464\" style=\"width: 600px\" class=\"wp-caption alignnone\"><a href=\"http:\/\/www.eltrabajo.cl\/portal\/2012\/05\/liceo-roberto-humeres-celebro-el-%e2%80%98dia-del-patrimonio-nacional%e2%80%99\/celebracion1\/\" rel=\"attachment wp-att-18464\"><img data-recalc-dims=\"1\" loading=\"lazy\" decoding=\"async\" class=\"size-full wp-image-18464\" title=\"Celebracion1\" src=\"https:\/\/i0.wp.com\/www.eltrabajo.cl\/portal\/wp-content\/uploads\/2012\/05\/Celebracion1.jpg?resize=600%2C577\" alt=\"\" width=\"600\" height=\"577\" srcset=\"https:\/\/i0.wp.com\/eltrabajo.cl\/portal\/wp-content\/uploads\/2012\/05\/Celebracion1.jpg?w=600&amp;ssl=1 600w, https:\/\/i0.wp.com\/eltrabajo.cl\/portal\/wp-content\/uploads\/2012\/05\/Celebracion1.jpg?resize=155%2C150&amp;ssl=1 155w, https:\/\/i0.wp.com\/eltrabajo.cl\/portal\/wp-content\/uploads\/2012\/05\/Celebracion1.jpg?resize=300%2C288&amp;ssl=1 300w, https:\/\/i0.wp.com\/eltrabajo.cl\/portal\/wp-content\/uploads\/2012\/05\/Celebracion1.jpg?resize=150%2C144&amp;ssl=1 150w, https:\/\/i0.wp.com\/eltrabajo.cl\/portal\/wp-content\/uploads\/2012\/05\/Celebracion1.jpg?resize=400%2C384&amp;ssl=1 400w\" sizes=\"auto, (max-width: 600px) 100vw, 600px\" \/><\/a><figcaption id=\"caption-attachment-18464\" class=\"wp-caption-text\">Diversos registros como el del Diario Oficial desde 1910 (en la foto), del clima de 1891, fotos del exalumno Don Pedro Aguirre Cerda, Presidente de la Rep\u00fablica, o de Don Roberto Humeres y su cuerpo de Profesores de la \u00e9poca, se pudieron apreciar en la exposici\u00f3n.<\/figcaption><\/figure>\n<p>El viernes reci\u00e9n pasado el Liceo Roberto Humeres realiz\u00f3 una atractiva exposici\u00f3n en plena Plaza de Armas de la ciudad, en el marco de la celebraci\u00f3n del \u2018D\u00eda del Patrimonio Nacional\u2019<\/p>\n<figure id=\"attachment_18465\" aria-describedby=\"caption-attachment-18465\" style=\"width: 300px\" class=\"wp-caption alignright\"><a href=\"http:\/\/www.eltrabajo.cl\/portal\/2012\/05\/liceo-roberto-humeres-celebro-el-%e2%80%98dia-del-patrimonio-nacional%e2%80%99\/celebracion2\/\" rel=\"attachment wp-att-18465\"><img data-recalc-dims=\"1\" loading=\"lazy\" decoding=\"async\" class=\"size-medium wp-image-18465\" title=\"Celebracion2\" src=\"https:\/\/i0.wp.com\/www.eltrabajo.cl\/portal\/wp-content\/uploads\/2012\/05\/Celebracion2-300x259.jpg?resize=300%2C259\" alt=\"\" width=\"300\" height=\"259\" srcset=\"https:\/\/i0.wp.com\/eltrabajo.cl\/portal\/wp-content\/uploads\/2012\/05\/Celebracion2.jpg?resize=300%2C259&amp;ssl=1 300w, https:\/\/i0.wp.com\/eltrabajo.cl\/portal\/wp-content\/uploads\/2012\/05\/Celebracion2.jpg?resize=173%2C150&amp;ssl=1 173w, https:\/\/i0.wp.com\/eltrabajo.cl\/portal\/wp-content\/uploads\/2012\/05\/Celebracion2.jpg?resize=150%2C129&amp;ssl=1 150w, https:\/\/i0.wp.com\/eltrabajo.cl\/portal\/wp-content\/uploads\/2012\/05\/Celebracion2.jpg?resize=400%2C345&amp;ssl=1 400w, https:\/\/i0.wp.com\/eltrabajo.cl\/portal\/wp-content\/uploads\/2012\/05\/Celebracion2.jpg?w=600&amp;ssl=1 600w\" sizes=\"auto, (max-width: 300px) 100vw, 300px\" \/><\/a><figcaption id=\"caption-attachment-18465\" class=\"wp-caption-text\">Numerosos estudiantes y p\u00fablico en general visitaron la exposici\u00f3n que se realiz\u00f3 en la Plaza de Armas de San Felipe.<\/figcaption><\/figure>\n<p>En la ocasi\u00f3n, este establecimiento Benem\u00e9rito y Emblem\u00e1tico con mayor antig\u00fcedad en la provincia, regi\u00f3n y pa\u00eds, con 174 a\u00f1os pr\u00f3ximos a celebrar el d\u00eda 5 de junio, mostr\u00f3 a la poblaci\u00f3n escolar, universitaria, profesionales y p\u00fablico en general, c\u00f3mo ha conservado su patrimonio cultural en documentos escritos de registros de firmas de los docentes de 1910, registros del clima de 1891, el Diario Oficial desde 1910, registro de fotos con personalidades de la ciudad como don Carlos Ruiz, Don Hermelo Aravena, Don Juan Sabaj, por nombrar algunos, adem\u00e1s del exalumno Don Pedro Aguirre Cerda, Presidente de la Rep\u00fablica, foto premiada por el Centro Cultural CIEM con Don Roberto Humeres y su cuerpo de Profesores de la \u00e9poca, telescopios, balanzas, anem\u00f3metro, trofeos del a\u00f1o 40, taxidermia con animalitos en extinci\u00f3n y otros de la fauna chilena de nuestro pa\u00eds como es el Pud\u00fa, zorro, hur\u00f3n. Pero quien rob\u00f3 la atenci\u00f3n, fue la princesa y reina de la exposici\u00f3n, la momia de un ni\u00f1o peque\u00f1o que data de m\u00e1s de 100 a\u00f1os, desde la fundaci\u00f3n del Liceo en el 1838.<\/p>\n<p>El Liceo Dr. Roberto Humeres Oyaneder, es el centro educativo de mayor orgullo para quienes imparten educaci\u00f3n y para quienes la reciben, al comprobar que es una instituci\u00f3n que ha perdurado en el tiempo impartiendo educaci\u00f3n<\/p>\n","protected":false},"excerpt":{"rendered":"<p>El viernes reci\u00e9n pasado el Liceo Roberto Humeres realiz\u00f3 una atractiva exposici\u00f3n en plena Plaza de Armas de la ciudad, en el marco de la celebraci\u00f3n del \u2018D\u00eda del Patrimonio Nacional\u2019 En&#8230;<\/p>\n","protected":false},"author":482,"featured_media":18464,"comment_status":"open","ping_status":"closed","sticky":false,"template":"","format":"standard","meta":{"advanced_seo_description":"","jetpack_seo_html_title":"","jetpack_seo_noindex":false,"_jetpack_memberships_contains_paid_content":false,"footnotes":""},"categories":[15],"tags":[],"class_list":["post-18463","post","type-post","status-publish","format-standard","has-post-thumbnail","hentry","category-comunidad"],"jetpack_featured_media_url":"https:\/\/i0.wp.com\/eltrabajo.cl\/portal\/wp-content\/uploads\/2012\/05\/Celebracion1.jpg?fit=600%2C577&ssl=1","jetpack_sharing_enabled":true,"jetpack_likes_enabled":true,"jetpack-related-posts":[],"_links":{"self":[{"href":"https:\/\/eltrabajo.cl\/portal\/wp-json\/wp\/v2\/posts\/18463","targetHints":{"allow":["GET"]}}],"collection":[{"href":"https:\/\/eltrabajo.cl\/portal\/wp-json\/wp\/v2\/posts"}],"about":[{"href":"https:\/\/eltrabajo.cl\/portal\/wp-json\/wp\/v2\/types\/post"}],"author":[{"embeddable":true,"href":"https:\/\/eltrabajo.cl\/portal\/wp-json\/wp\/v2\/users\/482"}],"replies":[{"embeddable":true,"href":"https:\/\/eltrabajo.cl\/portal\/wp-json\/wp\/v2\/comments?post=18463"}],"version-history":[{"count":0,"href":"https:\/\/eltrabajo.cl\/portal\/wp-json\/wp\/v2\/posts\/18463\/revisions"}],"wp:featuredmedia":[{"embeddable":true,"href":"https:\/\/eltrabajo.cl\/portal\/wp-json\/wp\/v2\/media\/18464"}],"wp:attachment":[{"href":"https:\/\/eltrabajo.cl\/portal\/wp-json\/wp\/v2\/media?parent=18463"}],"wp:term":[{"taxonomy":"category","embeddable":true,"href":"https:\/\/eltrabajo.cl\/portal\/wp-json\/wp\/v2\/categories?post=18463"},{"taxonomy":"post_tag","embeddable":true,"href":"https:\/\/eltrabajo.cl\/portal\/wp-json\/wp\/v2\/tags?post=18463"}],"curies":[{"name":"wp","href":"https:\/\/api.w.org\/{rel}","templated":true}]}}