{"id":18471,"date":"2012-05-28T10:12:29","date_gmt":"2012-05-28T14:12:29","guid":{"rendered":"http:\/\/www.eltrabajo.cl\/portal\/?p=18471"},"modified":"2012-05-28T10:12:29","modified_gmt":"2012-05-28T14:12:29","slug":"la-oreja-de-van-gogh-se-presentara-en-enjoy-santiago","status":"publish","type":"post","link":"https:\/\/eltrabajo.cl\/portal\/la-oreja-de-van-gogh-se-presentara-en-enjoy-santiago\/","title":{"rendered":"La Oreja de Van Gogh se presentar\u00e1 en Enjoy Santiago"},"content":{"rendered":"<figure id=\"attachment_18472\" aria-describedby=\"caption-attachment-18472\" style=\"width: 600px\" class=\"wp-caption alignnone\"><a href=\"http:\/\/www.eltrabajo.cl\/portal\/2012\/05\/la-oreja-de-van-gogh-se-presentara-en-enjoy-santiago\/la-oreja-de-van-gogh1\/\" rel=\"attachment wp-att-18472\"><img data-recalc-dims=\"1\" loading=\"lazy\" decoding=\"async\" class=\"size-full wp-image-18472\" title=\"La-Oreja-de-Van-Gogh1\" src=\"https:\/\/i0.wp.com\/www.eltrabajo.cl\/portal\/wp-content\/uploads\/2012\/05\/La-Oreja-de-Van-Gogh1.jpg?resize=600%2C376\" alt=\"\" width=\"600\" height=\"376\" srcset=\"https:\/\/i0.wp.com\/eltrabajo.cl\/portal\/wp-content\/uploads\/2012\/05\/La-Oreja-de-Van-Gogh1.jpg?w=600&amp;ssl=1 600w, https:\/\/i0.wp.com\/eltrabajo.cl\/portal\/wp-content\/uploads\/2012\/05\/La-Oreja-de-Van-Gogh1.jpg?resize=200%2C125&amp;ssl=1 200w, https:\/\/i0.wp.com\/eltrabajo.cl\/portal\/wp-content\/uploads\/2012\/05\/La-Oreja-de-Van-Gogh1.jpg?resize=300%2C188&amp;ssl=1 300w, https:\/\/i0.wp.com\/eltrabajo.cl\/portal\/wp-content\/uploads\/2012\/05\/La-Oreja-de-Van-Gogh1.jpg?resize=150%2C94&amp;ssl=1 150w, https:\/\/i0.wp.com\/eltrabajo.cl\/portal\/wp-content\/uploads\/2012\/05\/La-Oreja-de-Van-Gogh1.jpg?resize=400%2C250&amp;ssl=1 400w\" sizes=\"auto, (max-width: 600px) 100vw, 600px\" \/><\/a><figcaption id=\"caption-attachment-18472\" class=\"wp-caption-text\">La Oreja de Van Gogh har\u00e1 de las suyas ahora con su m\u00e1s reciente propuesta \u2018Cometas por el Cielo\u2019 en el Enjoy.<\/figcaption><\/figure>\n<p>La Oreja de Van Gogh, una de las agrupaciones pop rock m\u00e1s populares en Latinoam\u00e9rica, volver\u00e1 a cautivar con toda su m\u00fasica al p\u00fablico nacional, ya que despu\u00e9s de tres a\u00f1os de ausencia, se presentar\u00e1 en Enjoy Santiago el s\u00e1bado 2 de junio, a las 19:00 horas, con un concierto m\u00e1s \u00edntimo, que promete mucha entretenci\u00f3n.<\/p>\n<p>El quinteto musical originario de San Sebasti\u00e1n, Espa\u00f1a, est\u00e1 integrado por Pablo Benegas, \u00c1lvaro Fuentes, Xabi San Mart\u00edn, Haritz Garde y su nueva voz Leire Mart\u00ednez, quien desde 2008 figura como su Vocalista.<\/p>\n<p>Los espa\u00f1oles regresan con su \u00faltimo trabajo discogr\u00e1fico lanzado el a\u00f1o pasado, \u2018Cometas por el Cielo\u2019, para deleitar al p\u00fablico presente con estos \u00e9xitos y sus cl\u00e1sicos de siempre. Canciones como \u2018D\u00eda Cero\u2019 y \u2018Las Calles que no Mueren\u2019 de su disco m\u00e1s reciente, los han llevado a posicionarse en el N\u00famero Uno, obteniendo Disco de Platino en Espa\u00f1a y permaneciendo 30 semanas consecutivas dentro de la lista de los m\u00e1s vendidos en ese pa\u00eds y en Latinoam\u00e9rica.<\/p>\n<p>La Oreja de Van Gogh ha conseguido vender m\u00e1s de ocho millones de discos y se ha convertido en el grupo espa\u00f1ol con mayor nivel de ventas en la primera d\u00e9cada del siglo XXI. Adem\u00e1s, ha ganado importantes premios, como el Grammy Latino, MTV Europa y la Gaviota de Plata del Festival Internacional de la Canci\u00f3n de Vi\u00f1a del Mar. M\u00e1s informaci\u00f3n en www.enjoy.cl Entradas disponibles a trav\u00e9s del sistema Puntoticket. Los valores van desde los $8.000 a los $18.000.<\/p>\n","protected":false},"excerpt":{"rendered":"<p>La Oreja de Van Gogh, una de las agrupaciones pop rock m\u00e1s populares en Latinoam\u00e9rica, volver\u00e1 a cautivar con toda su m\u00fasica al p\u00fablico nacional, ya que despu\u00e9s de tres a\u00f1os de&#8230;<\/p>\n","protected":false},"author":482,"featured_media":18472,"comment_status":"open","ping_status":"closed","sticky":false,"template":"","format":"standard","meta":{"advanced_seo_description":"","jetpack_seo_html_title":"","jetpack_seo_noindex":false,"_jetpack_memberships_contains_paid_content":false,"footnotes":""},"categories":[1],"tags":[],"class_list":["post-18471","post","type-post","status-publish","format-standard","has-post-thumbnail","hentry","category-cronica"],"jetpack_featured_media_url":"https:\/\/i0.wp.com\/eltrabajo.cl\/portal\/wp-content\/uploads\/2012\/05\/La-Oreja-de-Van-Gogh1.jpg?fit=600%2C376&ssl=1","jetpack_sharing_enabled":true,"jetpack_likes_enabled":true,"jetpack-related-posts":[],"_links":{"self":[{"href":"https:\/\/eltrabajo.cl\/portal\/wp-json\/wp\/v2\/posts\/18471","targetHints":{"allow":["GET"]}}],"collection":[{"href":"https:\/\/eltrabajo.cl\/portal\/wp-json\/wp\/v2\/posts"}],"about":[{"href":"https:\/\/eltrabajo.cl\/portal\/wp-json\/wp\/v2\/types\/post"}],"author":[{"embeddable":true,"href":"https:\/\/eltrabajo.cl\/portal\/wp-json\/wp\/v2\/users\/482"}],"replies":[{"embeddable":true,"href":"https:\/\/eltrabajo.cl\/portal\/wp-json\/wp\/v2\/comments?post=18471"}],"version-history":[{"count":0,"href":"https:\/\/eltrabajo.cl\/portal\/wp-json\/wp\/v2\/posts\/18471\/revisions"}],"wp:featuredmedia":[{"embeddable":true,"href":"https:\/\/eltrabajo.cl\/portal\/wp-json\/wp\/v2\/media\/18472"}],"wp:attachment":[{"href":"https:\/\/eltrabajo.cl\/portal\/wp-json\/wp\/v2\/media?parent=18471"}],"wp:term":[{"taxonomy":"category","embeddable":true,"href":"https:\/\/eltrabajo.cl\/portal\/wp-json\/wp\/v2\/categories?post=18471"},{"taxonomy":"post_tag","embeddable":true,"href":"https:\/\/eltrabajo.cl\/portal\/wp-json\/wp\/v2\/tags?post=18471"}],"curies":[{"name":"wp","href":"https:\/\/api.w.org\/{rel}","templated":true}]}}