{"id":18475,"date":"2012-05-28T10:13:57","date_gmt":"2012-05-28T14:13:57","guid":{"rendered":"http:\/\/www.eltrabajo.cl\/portal\/?p=18475"},"modified":"2012-05-28T10:13:57","modified_gmt":"2012-05-28T14:13:57","slug":"hoy-realizan-simulacro-terremoto-9-richter-y-tsunami-en-v-region","status":"publish","type":"post","link":"https:\/\/eltrabajo.cl\/portal\/hoy-realizan-simulacro-terremoto-9-richter-y-tsunami-en-v-region\/","title":{"rendered":"Hoy realizan simulacro Terremoto 9 Richter y Tsunami en V Regi\u00f3n"},"content":{"rendered":"<figure id=\"attachment_18476\" aria-describedby=\"caption-attachment-18476\" style=\"width: 600px\" class=\"wp-caption alignnone\"><a href=\"http:\/\/www.eltrabajo.cl\/portal\/2012\/05\/hoy-realizan-simulacro-terremoto-9-richter-y-tsunami-en-v-region\/simulacro-3\/\" rel=\"attachment wp-att-18476\"><img data-recalc-dims=\"1\" loading=\"lazy\" decoding=\"async\" class=\"size-full wp-image-18476\" title=\"simulacro (3)\" src=\"https:\/\/i0.wp.com\/www.eltrabajo.cl\/portal\/wp-content\/uploads\/2012\/05\/simulacro-3.jpg?resize=600%2C450\" alt=\"\" width=\"600\" height=\"450\" srcset=\"https:\/\/i0.wp.com\/eltrabajo.cl\/portal\/wp-content\/uploads\/2012\/05\/simulacro-3.jpg?w=600&amp;ssl=1 600w, https:\/\/i0.wp.com\/eltrabajo.cl\/portal\/wp-content\/uploads\/2012\/05\/simulacro-3.jpg?resize=200%2C150&amp;ssl=1 200w, https:\/\/i0.wp.com\/eltrabajo.cl\/portal\/wp-content\/uploads\/2012\/05\/simulacro-3.jpg?resize=300%2C225&amp;ssl=1 300w, https:\/\/i0.wp.com\/eltrabajo.cl\/portal\/wp-content\/uploads\/2012\/05\/simulacro-3.jpg?resize=150%2C112&amp;ssl=1 150w, https:\/\/i0.wp.com\/eltrabajo.cl\/portal\/wp-content\/uploads\/2012\/05\/simulacro-3.jpg?resize=400%2C300&amp;ssl=1 400w\" sizes=\"auto, (max-width: 600px) 100vw, 600px\" \/><\/a><figcaption id=\"caption-attachment-18476\" class=\"wp-caption-text\">El simulacro se realizar\u00e1 en cualquier momento de hoy lunes 28 de mayo en todos los rincones de la Quinta Regi\u00f3n.<\/figcaption><\/figure>\n<p>\u201cSe ha cumplido con cada una de las medidas que son necesarias, para cumplir con la realizaci\u00f3n del simulacro de terremoto a realizarse el lunes 28 (hoy) en la provincia de San Felipe\u201d. As\u00ed lo manifest\u00f3 la Gobernadora Provincial, Patricia Boffa, al indicar que se espera la colaboraci\u00f3n de una gran cantidad de servicios p\u00fablicos y de la empresa privada.<\/p>\n<p>El simulacro de Terremoto y Tsunami se va a realizar en la toda la regi\u00f3n y la participaci\u00f3n ser\u00e1 en distintos grados.<\/p>\n<p>Boffa, al conversar con los medios de comunicaci\u00f3n social, se\u00f1al\u00f3 que se simular\u00e1 un terremoto grado 9 Richter y tendr\u00e1 dos minutos de duraci\u00f3n.<\/p>\n<p>El operativo comenzar\u00e1 entre las diez y once de la ma\u00f1ana, y la hora exacta la comunicar\u00e1 la ONEMI Regional a la Gobernaci\u00f3n cinco minutos antes de que comience el operativo. La alarma ser\u00e1 dada por la sirena de Bomberos y adem\u00e1s se tocar\u00e1n las campanas de iglesias.<\/p>\n<p><strong>TODOS A COOPERAR<\/strong><\/p>\n<p>Una vez terminada la alarma de terremoto, se comenzar\u00e1 la evacuaci\u00f3n en las zonas costeras de la regi\u00f3n, se proceder\u00e1 a una evacuaci\u00f3n sobre la cota de 30 metros, vale decir que sobre edificios de seis pisos se estima que entre Valpara\u00edso y Vi\u00f1a del mar, se evacuar\u00e1n a unas 600.000 personas, participar\u00e1n todo el puerto, Comercio, Mall, Banca, se cortar\u00e1 el tr\u00e1nsito y se deber\u00e1 descender de los veh\u00edculos y evacuar en altura.<\/p>\n<p>\u201cEn nuestra provincia participar\u00e1 el edificio de la Gobernaci\u00f3n, procediendo a evacuar a la Plaza C\u00edvica, es opcional la participaci\u00f3n de las oficinas p\u00fablicas, pero varias ejecutar\u00e1n sus planes internos de emergencia, tambi\u00e9n participar\u00e1n algunos supermercados de la zona, Bomberos, Carabineros, PDI y los Liceos m\u00e1s representativos de cada comuna.<\/p>\n<p>\u201cAqu\u00ed en nuestra zona, el ejercicio durar\u00e1 aproximadamente 20 minutos, por lo tanto lo que deseo es solicitar a cada uno de los servicios y a la comunidad en general, que se tome con toda seriedad este simulacro, pues lo que haremos es medir nuestro nivel de respuesta. Yo me voy a constituir en el Cuerpo de Bomberos junto a mis asesores y desde ese lugar estaremos haciendo el monitoreo de rigor\u201d, explic\u00f3 Boffa.<\/p>\n","protected":false},"excerpt":{"rendered":"<p>\u201cSe ha cumplido con cada una de las medidas que son necesarias, para cumplir con la realizaci\u00f3n del simulacro de terremoto a realizarse el lunes 28 (hoy) en la provincia de San&#8230;<\/p>\n","protected":false},"author":482,"featured_media":18476,"comment_status":"open","ping_status":"closed","sticky":false,"template":"","format":"standard","meta":{"advanced_seo_description":"","jetpack_seo_html_title":"","jetpack_seo_noindex":false,"_jetpack_memberships_contains_paid_content":false,"footnotes":""},"categories":[1],"tags":[],"class_list":["post-18475","post","type-post","status-publish","format-standard","has-post-thumbnail","hentry","category-cronica"],"jetpack_featured_media_url":"https:\/\/i0.wp.com\/eltrabajo.cl\/portal\/wp-content\/uploads\/2012\/05\/simulacro-3.jpg?fit=600%2C450&ssl=1","jetpack_sharing_enabled":true,"jetpack_likes_enabled":true,"jetpack-related-posts":[],"_links":{"self":[{"href":"https:\/\/eltrabajo.cl\/portal\/wp-json\/wp\/v2\/posts\/18475","targetHints":{"allow":["GET"]}}],"collection":[{"href":"https:\/\/eltrabajo.cl\/portal\/wp-json\/wp\/v2\/posts"}],"about":[{"href":"https:\/\/eltrabajo.cl\/portal\/wp-json\/wp\/v2\/types\/post"}],"author":[{"embeddable":true,"href":"https:\/\/eltrabajo.cl\/portal\/wp-json\/wp\/v2\/users\/482"}],"replies":[{"embeddable":true,"href":"https:\/\/eltrabajo.cl\/portal\/wp-json\/wp\/v2\/comments?post=18475"}],"version-history":[{"count":0,"href":"https:\/\/eltrabajo.cl\/portal\/wp-json\/wp\/v2\/posts\/18475\/revisions"}],"wp:featuredmedia":[{"embeddable":true,"href":"https:\/\/eltrabajo.cl\/portal\/wp-json\/wp\/v2\/media\/18476"}],"wp:attachment":[{"href":"https:\/\/eltrabajo.cl\/portal\/wp-json\/wp\/v2\/media?parent=18475"}],"wp:term":[{"taxonomy":"category","embeddable":true,"href":"https:\/\/eltrabajo.cl\/portal\/wp-json\/wp\/v2\/categories?post=18475"},{"taxonomy":"post_tag","embeddable":true,"href":"https:\/\/eltrabajo.cl\/portal\/wp-json\/wp\/v2\/tags?post=18475"}],"curies":[{"name":"wp","href":"https:\/\/api.w.org\/{rel}","templated":true}]}}