{"id":18493,"date":"2012-05-28T10:37:50","date_gmt":"2012-05-28T14:37:50","guid":{"rendered":"http:\/\/www.eltrabajo.cl\/portal\/?p=18493"},"modified":"2012-05-28T10:37:50","modified_gmt":"2012-05-28T14:37:50","slug":"casi-200-familias-de-catemu-afectadas-por-temporal-de-viento","status":"publish","type":"post","link":"https:\/\/eltrabajo.cl\/portal\/casi-200-familias-de-catemu-afectadas-por-temporal-de-viento\/","title":{"rendered":"Casi 200 familias de Catemu afectadas por temporal de viento"},"content":{"rendered":"<figure id=\"attachment_18494\" aria-describedby=\"caption-attachment-18494\" style=\"width: 300px\" class=\"wp-caption alignleft\"><a href=\"http:\/\/www.eltrabajo.cl\/portal\/2012\/05\/casi-200-familias-de-catemu-afectadas-por-temporal-de-viento\/alcalde-catemu\/\" rel=\"attachment wp-att-18494\"><img data-recalc-dims=\"1\" loading=\"lazy\" decoding=\"async\" class=\"size-medium wp-image-18494\" title=\"Alcalde Catemu\" src=\"https:\/\/i0.wp.com\/www.eltrabajo.cl\/portal\/wp-content\/uploads\/2012\/05\/Alcalde-Catemu-300x294.jpg?resize=300%2C294\" alt=\"\" width=\"300\" height=\"294\" srcset=\"https:\/\/i0.wp.com\/eltrabajo.cl\/portal\/wp-content\/uploads\/2012\/05\/Alcalde-Catemu.jpg?resize=300%2C294&amp;ssl=1 300w, https:\/\/i0.wp.com\/eltrabajo.cl\/portal\/wp-content\/uploads\/2012\/05\/Alcalde-Catemu.jpg?resize=152%2C150&amp;ssl=1 152w, https:\/\/i0.wp.com\/eltrabajo.cl\/portal\/wp-content\/uploads\/2012\/05\/Alcalde-Catemu.jpg?resize=150%2C147&amp;ssl=1 150w, https:\/\/i0.wp.com\/eltrabajo.cl\/portal\/wp-content\/uploads\/2012\/05\/Alcalde-Catemu.jpg?resize=400%2C392&amp;ssl=1 400w, https:\/\/i0.wp.com\/eltrabajo.cl\/portal\/wp-content\/uploads\/2012\/05\/Alcalde-Catemu.jpg?w=600&amp;ssl=1 600w\" sizes=\"auto, (max-width: 300px) 100vw, 300px\" \/><\/a><figcaption id=\"caption-attachment-18494\" class=\"wp-caption-text\">El Alcalde Boris Luksic se\u00f1al\u00f3 a Diario El Trabajo que luego de analizar la situaci\u00f3n de las familias, este lunes se les entregar\u00e1n soluciones m\u00e1s concretas.<\/figcaption><\/figure>\n<p><strong>CATEMU.-<\/strong> Alrededor de 180 familias resultaron con sus casas afectadas, con la voladura del techo, varios caminos interrumpidos y sectores desconectados, fue la evaluaci\u00f3n que realiz\u00f3 el Alcalde de Catemu, Boris Luksic luego del temporal ocurrido el fin de semana. Los casos m\u00e1s complejos de caminos interrumpidos se registraron en la Ruta 615, que va a la zona de Cerrillos, la 617 que sube a El \u00d1ilhue y en el sector de Santa Isabel.<\/p>\n<p>En todos los sectores no se contaba con energ\u00eda el\u00e9ctrica desde el comienzo del temporal de viento, especialmente por los \u00e1rboles y postes del alumbrado p\u00fablico que se cayeron al suelo. La interrupci\u00f3n de la energ\u00eda el\u00e9ctrica significa adem\u00e1s que en estos sectores rurales se corte tambi\u00e9n el agua potable, dado que los APR funcionan con energ\u00eda.<\/p>\n<p>\u201cEstamos trabajando, tenemos el apoyo de Esval con camiones aljibes, estamos con el cami\u00f3n aljibe nuestro, con las cuadrillas nuestras de despeje de ruta y las cuadrillas de vialidad y esperamos poder enfrentar esta emergencia de la mejor forma\u201d, dijo Luksic.<\/p>\n<p>A las familias cuyas casas se vieron afectadas con la voladura de sus techos, se les entreg\u00f3 durante la noche pl\u00e1stico para que no se mojaran, ya que fue la \u00fanica manera de enfrentar el temporal. En tanto a partir de este lunes y luego de evaluar cada uno de los casos, se entregar\u00e1 una soluci\u00f3n definitiva a las familias.<\/p>\n","protected":false},"excerpt":{"rendered":"<p>CATEMU.- Alrededor de 180 familias resultaron con sus casas afectadas, con la voladura del techo, varios caminos interrumpidos y sectores desconectados, fue la evaluaci\u00f3n que realiz\u00f3 el Alcalde de Catemu, Boris Luksic&#8230;<\/p>\n","protected":false},"author":482,"featured_media":18494,"comment_status":"open","ping_status":"closed","sticky":false,"template":"","format":"standard","meta":{"advanced_seo_description":"","jetpack_seo_html_title":"","jetpack_seo_noindex":false,"_jetpack_memberships_contains_paid_content":false,"footnotes":""},"categories":[1],"tags":[],"class_list":["post-18493","post","type-post","status-publish","format-standard","has-post-thumbnail","hentry","category-cronica"],"jetpack_featured_media_url":"https:\/\/i0.wp.com\/eltrabajo.cl\/portal\/wp-content\/uploads\/2012\/05\/Alcalde-Catemu.jpg?fit=600%2C589&ssl=1","jetpack_sharing_enabled":true,"jetpack_likes_enabled":true,"jetpack-related-posts":[],"_links":{"self":[{"href":"https:\/\/eltrabajo.cl\/portal\/wp-json\/wp\/v2\/posts\/18493","targetHints":{"allow":["GET"]}}],"collection":[{"href":"https:\/\/eltrabajo.cl\/portal\/wp-json\/wp\/v2\/posts"}],"about":[{"href":"https:\/\/eltrabajo.cl\/portal\/wp-json\/wp\/v2\/types\/post"}],"author":[{"embeddable":true,"href":"https:\/\/eltrabajo.cl\/portal\/wp-json\/wp\/v2\/users\/482"}],"replies":[{"embeddable":true,"href":"https:\/\/eltrabajo.cl\/portal\/wp-json\/wp\/v2\/comments?post=18493"}],"version-history":[{"count":0,"href":"https:\/\/eltrabajo.cl\/portal\/wp-json\/wp\/v2\/posts\/18493\/revisions"}],"wp:featuredmedia":[{"embeddable":true,"href":"https:\/\/eltrabajo.cl\/portal\/wp-json\/wp\/v2\/media\/18494"}],"wp:attachment":[{"href":"https:\/\/eltrabajo.cl\/portal\/wp-json\/wp\/v2\/media?parent=18493"}],"wp:term":[{"taxonomy":"category","embeddable":true,"href":"https:\/\/eltrabajo.cl\/portal\/wp-json\/wp\/v2\/categories?post=18493"},{"taxonomy":"post_tag","embeddable":true,"href":"https:\/\/eltrabajo.cl\/portal\/wp-json\/wp\/v2\/tags?post=18493"}],"curies":[{"name":"wp","href":"https:\/\/api.w.org\/{rel}","templated":true}]}}