{"id":18497,"date":"2012-05-28T10:40:10","date_gmt":"2012-05-28T14:40:10","guid":{"rendered":"http:\/\/www.eltrabajo.cl\/portal\/?p=18497"},"modified":"2012-05-28T10:40:10","modified_gmt":"2012-05-28T14:40:10","slug":"viento-derribo-centenario-arbol-en-avenida-carlos-diaz-dejando-sin-luz-a-toda-la-ciudad","status":"publish","type":"post","link":"https:\/\/eltrabajo.cl\/portal\/viento-derribo-centenario-arbol-en-avenida-carlos-diaz-dejando-sin-luz-a-toda-la-ciudad\/","title":{"rendered":"Viento derrib\u00f3 centenario \u00e1rbol en Avenida Carlos D\u00edaz dejando sin luz a toda la ciudad"},"content":{"rendered":"<figure id=\"attachment_18498\" aria-describedby=\"caption-attachment-18498\" style=\"width: 600px\" class=\"wp-caption alignnone\"><a href=\"http:\/\/www.eltrabajo.cl\/portal\/2012\/05\/viento-derribo-centenario-arbol-en-avenida-carlos-diaz-dejando-sin-luz-a-toda-la-ciudad\/lluvias1\/\" rel=\"attachment wp-att-18498\"><img data-recalc-dims=\"1\" loading=\"lazy\" decoding=\"async\" class=\"size-full wp-image-18498\" title=\"Lluvias1\" src=\"https:\/\/i0.wp.com\/www.eltrabajo.cl\/portal\/wp-content\/uploads\/2012\/05\/Lluvias1.jpg?resize=600%2C374\" alt=\"\" width=\"600\" height=\"374\" srcset=\"https:\/\/i0.wp.com\/eltrabajo.cl\/portal\/wp-content\/uploads\/2012\/05\/Lluvias1.jpg?w=600&amp;ssl=1 600w, https:\/\/i0.wp.com\/eltrabajo.cl\/portal\/wp-content\/uploads\/2012\/05\/Lluvias1.jpg?resize=200%2C124&amp;ssl=1 200w, https:\/\/i0.wp.com\/eltrabajo.cl\/portal\/wp-content\/uploads\/2012\/05\/Lluvias1.jpg?resize=300%2C187&amp;ssl=1 300w, https:\/\/i0.wp.com\/eltrabajo.cl\/portal\/wp-content\/uploads\/2012\/05\/Lluvias1.jpg?resize=150%2C93&amp;ssl=1 150w, https:\/\/i0.wp.com\/eltrabajo.cl\/portal\/wp-content\/uploads\/2012\/05\/Lluvias1.jpg?resize=400%2C249&amp;ssl=1 400w\" sizes=\"auto, (max-width: 600px) 100vw, 600px\" \/><\/a><figcaption id=\"caption-attachment-18498\" class=\"wp-caption-text\">El mal clima tambi\u00e9n hizo de las suyas este fin de semana en Los Andes, este viejo \u00e1rbol de pino sucumbi\u00f3 por los fuertes vientos a un costado del Tribunal de Garant\u00eda.<\/figcaption><\/figure>\n<p><strong>LOS ANDES.-<\/strong> La ca\u00edda de un centenario pino de m\u00e1s de diez metros de altura, ubicado en avenida Carlos D\u00edaz, frente al Tribunal de Garant\u00eda de Los Andes, provoc\u00f3 la suspensi\u00f3n de la energ\u00eda el\u00e9ctrica en gran parte del alumbrado p\u00fablico de la ciudad\u00a0y en algunas viviendas del damero central. A ra\u00edz del temporal de viento, pasadas las 20 horas del s\u00e1bado,\u00a0el gigantesco \u00e1rbol se desplom\u00f3 hacia la avenida Argentina, cayendo sobre algunos postes del alumbrado p\u00fablico que terminaron partidos en dos.<\/p>\n<p>Afortunadamente no se produjeron lesionados ni tampoco quedaron veh\u00edculos atrapados. Hasta el lugar lleg\u00f3 personal de Bomberos, la empresa Chilquinta y cuadrillas de rescate de la Unidad de Emergencia, a fin de cortar el \u00e1rbol y proceder al cambio de los postes. Esta es la situaci\u00f3n de m\u00e1s\u00a0complejidad que se ha producido en la ciudad a causa del mal clima sufrido este fin de semana.<\/p>\n<p>Adem\u00e1s, durante la madrugada del domingo se produjeron anegamientos en dos viviendas y la voladura de techumbres.<\/p>\n","protected":false},"excerpt":{"rendered":"<p>LOS ANDES.- La ca\u00edda de un centenario pino de m\u00e1s de diez metros de altura, ubicado en avenida Carlos D\u00edaz, frente al Tribunal de Garant\u00eda de Los Andes, provoc\u00f3 la suspensi\u00f3n de&#8230;<\/p>\n","protected":false},"author":482,"featured_media":18498,"comment_status":"open","ping_status":"closed","sticky":false,"template":"","format":"standard","meta":{"advanced_seo_description":"","jetpack_seo_html_title":"","jetpack_seo_noindex":false,"_jetpack_memberships_contains_paid_content":false,"footnotes":""},"categories":[1],"tags":[],"class_list":["post-18497","post","type-post","status-publish","format-standard","has-post-thumbnail","hentry","category-cronica"],"jetpack_featured_media_url":"https:\/\/i0.wp.com\/eltrabajo.cl\/portal\/wp-content\/uploads\/2012\/05\/Lluvias1.jpg?fit=600%2C374&ssl=1","jetpack_sharing_enabled":true,"jetpack_likes_enabled":true,"jetpack-related-posts":[],"_links":{"self":[{"href":"https:\/\/eltrabajo.cl\/portal\/wp-json\/wp\/v2\/posts\/18497","targetHints":{"allow":["GET"]}}],"collection":[{"href":"https:\/\/eltrabajo.cl\/portal\/wp-json\/wp\/v2\/posts"}],"about":[{"href":"https:\/\/eltrabajo.cl\/portal\/wp-json\/wp\/v2\/types\/post"}],"author":[{"embeddable":true,"href":"https:\/\/eltrabajo.cl\/portal\/wp-json\/wp\/v2\/users\/482"}],"replies":[{"embeddable":true,"href":"https:\/\/eltrabajo.cl\/portal\/wp-json\/wp\/v2\/comments?post=18497"}],"version-history":[{"count":0,"href":"https:\/\/eltrabajo.cl\/portal\/wp-json\/wp\/v2\/posts\/18497\/revisions"}],"wp:featuredmedia":[{"embeddable":true,"href":"https:\/\/eltrabajo.cl\/portal\/wp-json\/wp\/v2\/media\/18498"}],"wp:attachment":[{"href":"https:\/\/eltrabajo.cl\/portal\/wp-json\/wp\/v2\/media?parent=18497"}],"wp:term":[{"taxonomy":"category","embeddable":true,"href":"https:\/\/eltrabajo.cl\/portal\/wp-json\/wp\/v2\/categories?post=18497"},{"taxonomy":"post_tag","embeddable":true,"href":"https:\/\/eltrabajo.cl\/portal\/wp-json\/wp\/v2\/tags?post=18497"}],"curies":[{"name":"wp","href":"https:\/\/api.w.org\/{rel}","templated":true}]}}