{"id":18507,"date":"2012-05-28T10:55:25","date_gmt":"2012-05-28T14:55:25","guid":{"rendered":"http:\/\/www.eltrabajo.cl\/portal\/?p=18507"},"modified":"2012-05-28T10:55:25","modified_gmt":"2012-05-28T14:55:25","slug":"suspenden-clases-en-san-felipe-catemu-panquehue-y-santa-maria","status":"publish","type":"post","link":"https:\/\/eltrabajo.cl\/portal\/suspenden-clases-en-san-felipe-catemu-panquehue-y-santa-maria\/","title":{"rendered":"Suspenden clases en San Felipe, Catemu, Panquehue y Santa Mar\u00eda"},"content":{"rendered":"<figure id=\"attachment_18508\" aria-describedby=\"caption-attachment-18508\" style=\"width: 600px\" class=\"wp-caption alignnone\"><a href=\"http:\/\/www.eltrabajo.cl\/portal\/2012\/05\/suspenden-clases-en-san-felipe-catemu-panquehue-y-santa-maria\/temporal-2\/\" rel=\"attachment wp-att-18508\"><img data-recalc-dims=\"1\" loading=\"lazy\" decoding=\"async\" class=\"size-full wp-image-18508\" title=\"temporal\" src=\"https:\/\/i0.wp.com\/www.eltrabajo.cl\/portal\/wp-content\/uploads\/2012\/05\/temporal.jpg?resize=600%2C450\" alt=\"\" width=\"600\" height=\"450\" srcset=\"https:\/\/i0.wp.com\/eltrabajo.cl\/portal\/wp-content\/uploads\/2012\/05\/temporal.jpg?w=600&amp;ssl=1 600w, https:\/\/i0.wp.com\/eltrabajo.cl\/portal\/wp-content\/uploads\/2012\/05\/temporal.jpg?resize=200%2C150&amp;ssl=1 200w, https:\/\/i0.wp.com\/eltrabajo.cl\/portal\/wp-content\/uploads\/2012\/05\/temporal.jpg?resize=300%2C225&amp;ssl=1 300w, https:\/\/i0.wp.com\/eltrabajo.cl\/portal\/wp-content\/uploads\/2012\/05\/temporal.jpg?resize=150%2C112&amp;ssl=1 150w, https:\/\/i0.wp.com\/eltrabajo.cl\/portal\/wp-content\/uploads\/2012\/05\/temporal.jpg?resize=400%2C300&amp;ssl=1 400w\" sizes=\"auto, (max-width: 600px) 100vw, 600px\" \/><\/a><figcaption id=\"caption-attachment-18508\" class=\"wp-caption-text\">Los vecinos de varios sectores tuvieron que organizarse para evitar que el fuerte viento volara las techumbres de las casas.<\/figcaption><\/figure>\n<ul>\n<li>Caudal del R\u00edo Aconcagua subi\u00f3 en m\u00e1s de un 40%, lo que no ocurr\u00eda hace m\u00e1s de diez a\u00f1os.<\/li>\n<\/ul>\n<p>Sylvia Vergara &#8211; <a href=\"mailto:svergara@eltrabajo.cl\">svergara@eltrabajo.cl<\/a><\/p>\n<p>\u00c1rboles ca\u00eddos, voladura de techos y la energ\u00eda cortada en amplios sectores de la provincia, fue el saldo del Sistema Frontal que afect\u00f3 al Valle de Aconcagua este fin de semana. Aunque se hab\u00eda anunciado la llegada de un Sistema Frontal a la zona Centro Sur del pa\u00eds durante el fin de semana, las precipitaciones y especialmente los fuertes vientos que se sintieron en la zona, generaron la preocupaci\u00f3n entre la comunidad.<\/p>\n<figure id=\"attachment_18509\" aria-describedby=\"caption-attachment-18509\" style=\"width: 300px\" class=\"wp-caption alignright\"><a href=\"http:\/\/www.eltrabajo.cl\/portal\/2012\/05\/suspenden-clases-en-san-felipe-catemu-panquehue-y-santa-maria\/plaza-de-armas-2\/\" rel=\"attachment wp-att-18509\"><img data-recalc-dims=\"1\" loading=\"lazy\" decoding=\"async\" class=\"size-medium wp-image-18509\" title=\"plaza de armas 2\" src=\"https:\/\/i0.wp.com\/www.eltrabajo.cl\/portal\/wp-content\/uploads\/2012\/05\/plaza-de-armas-2-300x225.jpg?resize=300%2C225\" alt=\"\" width=\"300\" height=\"225\" srcset=\"https:\/\/i0.wp.com\/eltrabajo.cl\/portal\/wp-content\/uploads\/2012\/05\/plaza-de-armas-2.jpg?resize=300%2C225&amp;ssl=1 300w, https:\/\/i0.wp.com\/eltrabajo.cl\/portal\/wp-content\/uploads\/2012\/05\/plaza-de-armas-2.jpg?resize=200%2C150&amp;ssl=1 200w, https:\/\/i0.wp.com\/eltrabajo.cl\/portal\/wp-content\/uploads\/2012\/05\/plaza-de-armas-2.jpg?resize=150%2C112&amp;ssl=1 150w, https:\/\/i0.wp.com\/eltrabajo.cl\/portal\/wp-content\/uploads\/2012\/05\/plaza-de-armas-2.jpg?resize=400%2C300&amp;ssl=1 400w, https:\/\/i0.wp.com\/eltrabajo.cl\/portal\/wp-content\/uploads\/2012\/05\/plaza-de-armas-2.jpg?w=600&amp;ssl=1 600w\" sizes=\"auto, (max-width: 300px) 100vw, 300px\" \/><\/a><figcaption id=\"caption-attachment-18509\" class=\"wp-caption-text\">En la Plaza de Armas de San Felipe tambi\u00e9n se produjo la ca\u00edda de ramas.<\/figcaption><\/figure>\n<p>El viento c\u00e1lido comenz\u00f3 a sentirse alrededor de las 16:00 horas, y se mantuvo durante varias horas de la tarde y por momentos, bastante fuerte, lo que produjo la voladura de techos en varios sectores residenciales de las comunas que forman parte de la provincia.<\/p>\n<p>Adem\u00e1s desde los primeros minutos en que se comenz\u00f3 a sentir el fuerte viento, las ramas de dos \u00e1rboles, ubicados en calles Bernardo Cruz y Miraflores, cayeron al suelo, incluso en el primer caso, en una casa ubicada en Bernardo Cruz al llegar a Hermanos Carrera, cay\u00f3 sobre los cables el\u00e9ctricos de una vivienda, generando una situaci\u00f3n bastante preocupante para los residentes de esa casa, quienes provistos de un cono, trataron de desviar el tr\u00e1nsito para no generar m\u00e1s peligro para la gente que se trasladaba por el sector.<\/p>\n<p>Seg\u00fan se\u00f1al\u00f3 la Gobernadora Patricia Boffa, durante varias horas de la noche, tanto la PDI como Carabineros realizaron patrullaje preventivo por distintas zonas de la provincia, durante las horas en que permaneci\u00f3 cortada la luz.<\/p>\n<figure id=\"attachment_18510\" aria-describedby=\"caption-attachment-18510\" style=\"width: 300px\" class=\"wp-caption alignleft\"><a href=\"http:\/\/www.eltrabajo.cl\/portal\/2012\/05\/suspenden-clases-en-san-felipe-catemu-panquehue-y-santa-maria\/arboles-caidos-2\/\" rel=\"attachment wp-att-18510\"><img data-recalc-dims=\"1\" loading=\"lazy\" decoding=\"async\" class=\"size-medium wp-image-18510\" title=\"arboles caidos 2\" src=\"https:\/\/i0.wp.com\/www.eltrabajo.cl\/portal\/wp-content\/uploads\/2012\/05\/arboles-caidos-2-300x225.jpg?resize=300%2C225\" alt=\"\" width=\"300\" height=\"225\" srcset=\"https:\/\/i0.wp.com\/eltrabajo.cl\/portal\/wp-content\/uploads\/2012\/05\/arboles-caidos-2.jpg?resize=300%2C225&amp;ssl=1 300w, https:\/\/i0.wp.com\/eltrabajo.cl\/portal\/wp-content\/uploads\/2012\/05\/arboles-caidos-2.jpg?resize=200%2C150&amp;ssl=1 200w, https:\/\/i0.wp.com\/eltrabajo.cl\/portal\/wp-content\/uploads\/2012\/05\/arboles-caidos-2.jpg?resize=150%2C112&amp;ssl=1 150w, https:\/\/i0.wp.com\/eltrabajo.cl\/portal\/wp-content\/uploads\/2012\/05\/arboles-caidos-2.jpg?resize=400%2C300&amp;ssl=1 400w, https:\/\/i0.wp.com\/eltrabajo.cl\/portal\/wp-content\/uploads\/2012\/05\/arboles-caidos-2.jpg?w=600&amp;ssl=1 600w\" sizes=\"auto, (max-width: 300px) 100vw, 300px\" \/><\/a><figcaption id=\"caption-attachment-18510\" class=\"wp-caption-text\">La ca\u00edda de \u00e1rboles fue a situaci\u00f3n de mayor gravedad que se produjo a causa del temporal. En calle Bernardo Cruz, una rama del \u00e1rbol cay\u00f3 sobre el tendido el\u00e9ctrico e interrumpi\u00f3 el tr\u00e1nsito por varias horas.<\/figcaption><\/figure>\n<p>Adem\u00e1s desde el s\u00e1bado y hasta el domingo, las cuadrillas de vialidad se mantuvieron trabajando en la provincia para despejar los sectores que se vieron afectados por la ca\u00edda de \u00e1rboles.<\/p>\n<p>El domingo en tanto se registr\u00f3 el aumento del caudal del R\u00edo Aconcagua en m\u00e1s de un 40%, un hecho que no ocurr\u00eda hace m\u00e1s de diez a\u00f1os, aunque las autoridades desestimaron intervenirlo, ya que no generaba peligro de desborde.<\/p>\n<p><strong>BUENA REACCI\u00d3N<\/strong><\/p>\n<p>Las comunas m\u00e1s afectadas por el temporal fueron Catemu y San Felipe, especialmente en los caminos secundarios que se ubican en esos sectores.<\/p>\n<p>Sin embargo, y a pesar de los problemas, no se registraron damnificados, aunque si afectados, por lo que no se hab\u00edan habilitado albergues.<\/p>\n<p>En el caso de la comuna de Putaendo, se produjo corte de energ\u00eda en el Hospital Philippe Pinel, aunque los equipos de respaldo funcionaron bien.<\/p>\n<p>En Panquehue se estaba analizando durante la tarde, la apertura de un albergue, ya que una familia se vio afectada por la ca\u00edda de un \u00e1rbol sobre su vivienda. Seg\u00fan se\u00f1al\u00f3 la Gobernadora, producto de ese hecho no se registraron heridos, por lo que se estaba analizando la posibilidad de que trasladaran con sus familiares.<\/p>\n<p><strong>CLASES SUSPENDIDAS<\/strong><\/p>\n<p>En horas de la tarde de este domingo, las autoridades informaron que en las comunas de San Felipe, Catemu, Panquehue y Santa Mar\u00eda, en el sistema municipal fueron suspendidas las clases por el d\u00eda lunes, ya que los Directores deb\u00edan analizar la situaci\u00f3n en que se encuentran los establecimientos.<\/p>\n","protected":false},"excerpt":{"rendered":"<p>Caudal del R\u00edo Aconcagua subi\u00f3 en m\u00e1s de un 40%, lo que no ocurr\u00eda hace m\u00e1s de diez a\u00f1os. Sylvia Vergara &#8211; svergara@eltrabajo.cl \u00c1rboles ca\u00eddos, voladura de techos y la energ\u00eda cortada&#8230;<\/p>\n","protected":false},"author":482,"featured_media":18508,"comment_status":"open","ping_status":"closed","sticky":false,"template":"","format":"standard","meta":{"advanced_seo_description":"","jetpack_seo_html_title":"","jetpack_seo_noindex":false,"_jetpack_memberships_contains_paid_content":false,"footnotes":""},"categories":[1],"tags":[],"class_list":["post-18507","post","type-post","status-publish","format-standard","has-post-thumbnail","hentry","category-cronica"],"jetpack_featured_media_url":"https:\/\/i0.wp.com\/eltrabajo.cl\/portal\/wp-content\/uploads\/2012\/05\/temporal.jpg?fit=600%2C450&ssl=1","jetpack_sharing_enabled":true,"jetpack_likes_enabled":true,"jetpack-related-posts":[],"_links":{"self":[{"href":"https:\/\/eltrabajo.cl\/portal\/wp-json\/wp\/v2\/posts\/18507","targetHints":{"allow":["GET"]}}],"collection":[{"href":"https:\/\/eltrabajo.cl\/portal\/wp-json\/wp\/v2\/posts"}],"about":[{"href":"https:\/\/eltrabajo.cl\/portal\/wp-json\/wp\/v2\/types\/post"}],"author":[{"embeddable":true,"href":"https:\/\/eltrabajo.cl\/portal\/wp-json\/wp\/v2\/users\/482"}],"replies":[{"embeddable":true,"href":"https:\/\/eltrabajo.cl\/portal\/wp-json\/wp\/v2\/comments?post=18507"}],"version-history":[{"count":0,"href":"https:\/\/eltrabajo.cl\/portal\/wp-json\/wp\/v2\/posts\/18507\/revisions"}],"wp:featuredmedia":[{"embeddable":true,"href":"https:\/\/eltrabajo.cl\/portal\/wp-json\/wp\/v2\/media\/18508"}],"wp:attachment":[{"href":"https:\/\/eltrabajo.cl\/portal\/wp-json\/wp\/v2\/media?parent=18507"}],"wp:term":[{"taxonomy":"category","embeddable":true,"href":"https:\/\/eltrabajo.cl\/portal\/wp-json\/wp\/v2\/categories?post=18507"},{"taxonomy":"post_tag","embeddable":true,"href":"https:\/\/eltrabajo.cl\/portal\/wp-json\/wp\/v2\/tags?post=18507"}],"curies":[{"name":"wp","href":"https:\/\/api.w.org\/{rel}","templated":true}]}}