{"id":18515,"date":"2012-05-29T09:48:32","date_gmt":"2012-05-29T13:48:32","guid":{"rendered":"http:\/\/www.eltrabajo.cl\/portal\/?p=18515"},"modified":"2012-05-29T09:48:32","modified_gmt":"2012-05-29T13:48:32","slug":"%e2%80%98el-planeta-de-la-no-violencia%e2%80%99-podria-cambiar-el-mundo-de-los-ninos-sanfelipenos","status":"publish","type":"post","link":"https:\/\/eltrabajo.cl\/portal\/%e2%80%98el-planeta-de-la-no-violencia%e2%80%99-podria-cambiar-el-mundo-de-los-ninos-sanfelipenos\/","title":{"rendered":"\u2018El planeta de la no violencia\u2019 podr\u00eda cambiar el mundo de los ni\u00f1os sanfelipe\u00f1os"},"content":{"rendered":"<figure id=\"attachment_18516\" aria-describedby=\"caption-attachment-18516\" style=\"width: 300px\" class=\"wp-caption alignleft\"><a href=\"http:\/\/www.eltrabajo.cl\/portal\/2012\/05\/%e2%80%98el-planeta-de-la-no-violencia%e2%80%99-podria-cambiar-el-mundo-de-los-ninos-sanfelipenos\/libro1\/\" rel=\"attachment wp-att-18516\"><img data-recalc-dims=\"1\" loading=\"lazy\" decoding=\"async\" class=\"size-medium wp-image-18516\" title=\"Libro1\" src=\"https:\/\/i0.wp.com\/www.eltrabajo.cl\/portal\/wp-content\/uploads\/2012\/05\/Libro1-300x266.jpg?resize=300%2C266\" alt=\"\" width=\"300\" height=\"266\" srcset=\"https:\/\/i0.wp.com\/eltrabajo.cl\/portal\/wp-content\/uploads\/2012\/05\/Libro1.jpg?resize=300%2C266&amp;ssl=1 300w, https:\/\/i0.wp.com\/eltrabajo.cl\/portal\/wp-content\/uploads\/2012\/05\/Libro1.jpg?resize=169%2C150&amp;ssl=1 169w, https:\/\/i0.wp.com\/eltrabajo.cl\/portal\/wp-content\/uploads\/2012\/05\/Libro1.jpg?resize=150%2C133&amp;ssl=1 150w, https:\/\/i0.wp.com\/eltrabajo.cl\/portal\/wp-content\/uploads\/2012\/05\/Libro1.jpg?resize=400%2C354&amp;ssl=1 400w, https:\/\/i0.wp.com\/eltrabajo.cl\/portal\/wp-content\/uploads\/2012\/05\/Libro1.jpg?w=600&amp;ssl=1 600w\" sizes=\"auto, (max-width: 300px) 100vw, 300px\" \/><\/a><figcaption id=\"caption-attachment-18516\" class=\"wp-caption-text\">Muy orgullosos de sus 13 publicaciones, Ernesto De Blasis muestra a Diario El Trabajo su tercer libro infantil, mismo que tiene un valor de 5.000 pesos.<\/figcaption><\/figure>\n<ul>\n<li><strong>Empresarios aconcag\u00fcinos compraron libros del autor para donarlos a escuelas municipales de la regi\u00f3n.<\/strong><\/li>\n<\/ul>\n<p>Roberto Gonz\u00e1lez S. &#8211; <a href=\"mailto:rgonzalez@eltrabajo.cl\">rgonzalez@eltrabajo.cl<\/a><\/p>\n<p>En una noche de amigos y colegas, el escritor aconcag\u00fcino, Ernesto De Blasis, realiz\u00f3 el lanzamiento de su 13\u00ba libro \u2018El planeta de la no violencia\u2019, trabajo que publica con el pseud\u00f3nimo de \u2018Jaime Miller\u2019 y que consta de un tiraje de 1.000 ejemplares. Esta presentaci\u00f3n del literato se efectu\u00f3 en Restaurante \u2018La Ruca\u2019, en Curim\u00f3n.<\/p>\n<p>\u2018El planeta de la no violencia\u2019 es el tercer libro infantil que De Blasis escribe, este cuento ha sido impreso por Ediciones Delf\u00edn.<\/p>\n<p>\u201cEn este mundo tan duramente castigado por la violencia social, nuestros ni\u00f1os merecen poder dar un vistazo a la soluci\u00f3n de conflictos y situaciones sin buscar hacer uso de la violencia, este libro pretende abrir esa ventana a que ellos valoren esa posibilidad\u201d, explic\u00f3 De Blasis a Diario El Trabajo.<\/p>\n<p>Lo novedoso en esta propuesta del escritor nacido en 1959 en San Felipe, es que \u00e9l mismo se dio a la tarea de proponerles a destacados empresarios un padrinazgo que permitiera asegurar que dichos libros llegaran a las manos de aquellos peque\u00f1os con menos recursos.<\/p>\n<figure id=\"attachment_18517\" aria-describedby=\"caption-attachment-18517\" style=\"width: 300px\" class=\"wp-caption alignright\"><a href=\"http:\/\/www.eltrabajo.cl\/portal\/2012\/05\/%e2%80%98el-planeta-de-la-no-violencia%e2%80%99-podria-cambiar-el-mundo-de-los-ninos-sanfelipenos\/libro2\/\" rel=\"attachment wp-att-18517\"><img data-recalc-dims=\"1\" loading=\"lazy\" decoding=\"async\" class=\"size-medium wp-image-18517\" title=\"Libro2\" src=\"https:\/\/i0.wp.com\/www.eltrabajo.cl\/portal\/wp-content\/uploads\/2012\/05\/Libro2-300x201.jpg?resize=300%2C201\" alt=\"\" width=\"300\" height=\"201\" srcset=\"https:\/\/i0.wp.com\/eltrabajo.cl\/portal\/wp-content\/uploads\/2012\/05\/Libro2.jpg?resize=300%2C201&amp;ssl=1 300w, https:\/\/i0.wp.com\/eltrabajo.cl\/portal\/wp-content\/uploads\/2012\/05\/Libro2.jpg?resize=200%2C134&amp;ssl=1 200w, https:\/\/i0.wp.com\/eltrabajo.cl\/portal\/wp-content\/uploads\/2012\/05\/Libro2.jpg?resize=150%2C100&amp;ssl=1 150w, https:\/\/i0.wp.com\/eltrabajo.cl\/portal\/wp-content\/uploads\/2012\/05\/Libro2.jpg?resize=400%2C268&amp;ssl=1 400w, https:\/\/i0.wp.com\/eltrabajo.cl\/portal\/wp-content\/uploads\/2012\/05\/Libro2.jpg?w=600&amp;ssl=1 600w\" sizes=\"auto, (max-width: 300px) 100vw, 300px\" \/><\/a><figcaption id=\"caption-attachment-18517\" class=\"wp-caption-text\">Wilta Berr\u00edos, Coordinadora T\u00e9cnica Comunal del Departamento de Educaci\u00f3n de San Felipe, entreg\u00f3 un presente al abogado Italo De Blasis, en agradecimiento al padrinazgo de los empresarios involucrados en este nuevo libro infantil.<\/figcaption><\/figure>\n<p><strong>\u00bfPADRINOS M\u00c1GICOS?<\/strong><\/p>\n<p>\u201cDecid\u00ed invitar a la Exportadora Exser, Agrifruta Chile, al empresario Alfredo Salvo y tambi\u00e9n a mi hermano Italo De Blasis, Sergio Jara y el empresario agr\u00edcola, Mirko Yakosovic. Ellos pagaron o compraron cientos de libros para donarlos luego a distintas escuelas municipales del Aconcagua, entre ellas, las municipales de San Felipe\u201d, coment\u00f3 animado el escritor.<\/p>\n<p>Al evento asisti\u00f3 Wilta Berr\u00edos, Coordinadora T\u00e9cnica Comunal del Departamento de Educaci\u00f3n de San Felipe, quien recibi\u00f3 de manos de Ernesto, los ejemplares del libro para ser insertados en las bibliotecas escolares municipales de San Felipe; estos libros ya fueron pagados por los empresarios o \u2018padrinos\u2019.<\/p>\n<p>\u201cEs muy importante el aporte de los libros que estamos recibiendo de este autor, estamos trabajando con una poblaci\u00f3n altamente vulnerable\u201d, coment\u00f3 Berr\u00edos. Seg\u00fan la funcionaria municipal, la propuesta encontrada en \u2018El planeta de la no violencia\u2019, es educativa y entretenida, elementos muy necesarios para los ni\u00f1os sanfelipe\u00f1os que de seguro sabr\u00e1n aprovechar esta clase de lectura cargada de m\u00e1gicos personajes.<\/p>\n<p>\u201cEste libro tambi\u00e9n es un gran aporte al desarrollo de la capacidad de convivencia de los ni\u00f1os que lo leer\u00e1n, pues trata muy bien el tema de la violencia que hoy d\u00eda est\u00e1 tan de moda. Estos ejemplares ir\u00e1n a las bibliotecas de cada escuela\u201d, a\u00f1adi\u00f3 Wilta.<\/p>\n","protected":false},"excerpt":{"rendered":"<p>Empresarios aconcag\u00fcinos compraron libros del autor para donarlos a escuelas municipales de la regi\u00f3n. Roberto Gonz\u00e1lez S. &#8211; rgonzalez@eltrabajo.cl En una noche de amigos y colegas, el escritor aconcag\u00fcino, Ernesto De Blasis,&#8230;<\/p>\n","protected":false},"author":482,"featured_media":18516,"comment_status":"open","ping_status":"closed","sticky":false,"template":"","format":"standard","meta":{"advanced_seo_description":"","jetpack_seo_html_title":"","jetpack_seo_noindex":false,"_jetpack_memberships_contains_paid_content":false,"footnotes":""},"categories":[1],"tags":[],"class_list":["post-18515","post","type-post","status-publish","format-standard","has-post-thumbnail","hentry","category-cronica"],"jetpack_featured_media_url":"https:\/\/i0.wp.com\/eltrabajo.cl\/portal\/wp-content\/uploads\/2012\/05\/Libro1.jpg?fit=600%2C532&ssl=1","jetpack_sharing_enabled":true,"jetpack_likes_enabled":true,"jetpack-related-posts":[],"_links":{"self":[{"href":"https:\/\/eltrabajo.cl\/portal\/wp-json\/wp\/v2\/posts\/18515","targetHints":{"allow":["GET"]}}],"collection":[{"href":"https:\/\/eltrabajo.cl\/portal\/wp-json\/wp\/v2\/posts"}],"about":[{"href":"https:\/\/eltrabajo.cl\/portal\/wp-json\/wp\/v2\/types\/post"}],"author":[{"embeddable":true,"href":"https:\/\/eltrabajo.cl\/portal\/wp-json\/wp\/v2\/users\/482"}],"replies":[{"embeddable":true,"href":"https:\/\/eltrabajo.cl\/portal\/wp-json\/wp\/v2\/comments?post=18515"}],"version-history":[{"count":0,"href":"https:\/\/eltrabajo.cl\/portal\/wp-json\/wp\/v2\/posts\/18515\/revisions"}],"wp:featuredmedia":[{"embeddable":true,"href":"https:\/\/eltrabajo.cl\/portal\/wp-json\/wp\/v2\/media\/18516"}],"wp:attachment":[{"href":"https:\/\/eltrabajo.cl\/portal\/wp-json\/wp\/v2\/media?parent=18515"}],"wp:term":[{"taxonomy":"category","embeddable":true,"href":"https:\/\/eltrabajo.cl\/portal\/wp-json\/wp\/v2\/categories?post=18515"},{"taxonomy":"post_tag","embeddable":true,"href":"https:\/\/eltrabajo.cl\/portal\/wp-json\/wp\/v2\/tags?post=18515"}],"curies":[{"name":"wp","href":"https:\/\/api.w.org\/{rel}","templated":true}]}}