{"id":18521,"date":"2012-05-29T09:54:11","date_gmt":"2012-05-29T13:54:11","guid":{"rendered":"http:\/\/www.eltrabajo.cl\/portal\/?p=18521"},"modified":"2012-05-29T09:54:11","modified_gmt":"2012-05-29T13:54:11","slug":"liceo-manuel-marin-fritis-de-putaendo-celebro-dia-del-patrimonio","status":"publish","type":"post","link":"https:\/\/eltrabajo.cl\/portal\/liceo-manuel-marin-fritis-de-putaendo-celebro-dia-del-patrimonio\/","title":{"rendered":"Liceo Manuel Mar\u00edn Fritis de Putaendo celebr\u00f3 D\u00eda del Patrimonio"},"content":{"rendered":"<figure id=\"attachment_18522\" aria-describedby=\"caption-attachment-18522\" style=\"width: 600px\" class=\"wp-caption alignnone\"><a href=\"http:\/\/www.eltrabajo.cl\/portal\/2012\/05\/liceo-manuel-marin-fritis-de-putaendo-celebro-dia-del-patrimonio\/director-y-alumnos\/\" rel=\"attachment wp-att-18522\"><img data-recalc-dims=\"1\" loading=\"lazy\" decoding=\"async\" class=\"size-full wp-image-18522\" title=\"director y alumnos\" src=\"https:\/\/i0.wp.com\/www.eltrabajo.cl\/portal\/wp-content\/uploads\/2012\/05\/director-y-alumnos.jpg?resize=600%2C450\" alt=\"\" width=\"600\" height=\"450\" srcset=\"https:\/\/i0.wp.com\/eltrabajo.cl\/portal\/wp-content\/uploads\/2012\/05\/director-y-alumnos.jpg?w=600&amp;ssl=1 600w, https:\/\/i0.wp.com\/eltrabajo.cl\/portal\/wp-content\/uploads\/2012\/05\/director-y-alumnos.jpg?resize=200%2C150&amp;ssl=1 200w, https:\/\/i0.wp.com\/eltrabajo.cl\/portal\/wp-content\/uploads\/2012\/05\/director-y-alumnos.jpg?resize=300%2C225&amp;ssl=1 300w, https:\/\/i0.wp.com\/eltrabajo.cl\/portal\/wp-content\/uploads\/2012\/05\/director-y-alumnos.jpg?resize=150%2C112&amp;ssl=1 150w, https:\/\/i0.wp.com\/eltrabajo.cl\/portal\/wp-content\/uploads\/2012\/05\/director-y-alumnos.jpg?resize=400%2C300&amp;ssl=1 400w\" sizes=\"auto, (max-width: 600px) 100vw, 600px\" \/><\/a><figcaption id=\"caption-attachment-18522\" class=\"wp-caption-text\">Los alumnos del 4\u00ba a\u00f1o medio a cargo de la muestra posan junto al Director del Liceo Manuel Mar\u00edn Fritis, H\u00e9ctor Fa\u00fandez, y la Docente Mirtha Hern\u00e1ndez, gestora y coordinadora de la celebraci\u00f3n del dia del Patrimonio.<\/figcaption><\/figure>\n<p><strong>PUTAENDO.-<\/strong> Con una muestra de diversos elementos del siglo pasado, docentes y alumnos del Liceo \u2018Manuel Mar\u00edn Fritis\u2019 de Putaendo celebraron el D\u00eda del Patrimonio, actividad que se desarroll\u00f3 en el patio hall del establecimiento.<\/p>\n<p>Dicha muestra reuni\u00f3 variados elementos que fueron facilitados por profesores y los propios alumnos del Liceo, que trajeron desde sus hogares y que durante el transcurso de la ma\u00f1ana del viernes y guiados por sus profesores, cada curso tubo la oportunidad de observar la antig\u00fcedades, fotograf\u00edas, diarios y revistas; los primeros televisores; antiqu\u00edsimas m\u00e1quinas fotogr\u00e1ficas; diversos tipos de planchas, desde las de fierro, pasando por las de brazas hasta la el\u00e9ctrica; colecci\u00f3n de billetes y monedas antiguas de Chile; m\u00e1quinas de coser; herramientas de trabajo; sombreros, radios, discos y tocadiscos, pinturas y cuadros, m\u00e1s una serie de artefactos.<\/p>\n<p>&nbsp;<\/p>\n<figure id=\"attachment_18523\" aria-describedby=\"caption-attachment-18523\" style=\"width: 300px\" class=\"wp-caption alignright\"><a href=\"http:\/\/www.eltrabajo.cl\/portal\/2012\/05\/liceo-manuel-marin-fritis-de-putaendo-celebro-dia-del-patrimonio\/muestra-marin-fritis\/\" rel=\"attachment wp-att-18523\"><img data-recalc-dims=\"1\" loading=\"lazy\" decoding=\"async\" class=\"size-medium wp-image-18523\" title=\"muestra marin fritis\" src=\"https:\/\/i0.wp.com\/www.eltrabajo.cl\/portal\/wp-content\/uploads\/2012\/05\/muestra-marin-fritis-300x225.jpg?resize=300%2C225\" alt=\"\" width=\"300\" height=\"225\" srcset=\"https:\/\/i0.wp.com\/eltrabajo.cl\/portal\/wp-content\/uploads\/2012\/05\/muestra-marin-fritis.jpg?resize=300%2C225&amp;ssl=1 300w, https:\/\/i0.wp.com\/eltrabajo.cl\/portal\/wp-content\/uploads\/2012\/05\/muestra-marin-fritis.jpg?resize=200%2C150&amp;ssl=1 200w, https:\/\/i0.wp.com\/eltrabajo.cl\/portal\/wp-content\/uploads\/2012\/05\/muestra-marin-fritis.jpg?resize=150%2C112&amp;ssl=1 150w, https:\/\/i0.wp.com\/eltrabajo.cl\/portal\/wp-content\/uploads\/2012\/05\/muestra-marin-fritis.jpg?resize=400%2C300&amp;ssl=1 400w, https:\/\/i0.wp.com\/eltrabajo.cl\/portal\/wp-content\/uploads\/2012\/05\/muestra-marin-fritis.jpg?w=600&amp;ssl=1 600w\" sizes=\"auto, (max-width: 300px) 100vw, 300px\" \/><\/a><figcaption id=\"caption-attachment-18523\" class=\"wp-caption-text\">Parte de los objetos de la Muestra en la celebraci\u00f3n del d\u00eda del Patrimonio Nacional.<\/figcaption><\/figure>\n<p>&nbsp;<\/p>\n<p>El Director del Liceo, educador H\u00e9ctor Fa\u00fandez, indic\u00f3 que \u00abeste tipo de instancias permite que los alumnos se interesen m\u00e1s en nuestra historia, de su historia, ya que indagaron en sus casas, sobre elementos antiguos que ha conservado la familia y que pasan a ser patrimonio de la familia y a su vez con la muestra conocer detalles del estilo de vida que se llevaba en otros tiempos y de esa manera podamos empoderarnos de estos espacios, cuidarlos, respetarlos y preservarlos, para que las futuras generaciones sean conscientes de c\u00f3mo se gest\u00f3 nuestra identidad, aprovechando la oportunidad de felicitar a los Docentes que organizaron la actividad como a los alumnos que cooperaron con elementos, como quienes fueron los del montaje, cuidado y gu\u00edas en esta muestra\u00bb.<\/p>\n<p>Se esperaba que dicha muestra se exhibiera en la Plaza Prat de la comuna durante la actividad que ha programado el municipio, pero que debi\u00f3 ser suspendida por el mal tiempo, pero s\u00ed se realizar\u00e1 el pr\u00f3ximo domingo 3 de junio.<\/p>\n","protected":false},"excerpt":{"rendered":"<p>PUTAENDO.- Con una muestra de diversos elementos del siglo pasado, docentes y alumnos del Liceo \u2018Manuel Mar\u00edn Fritis\u2019 de Putaendo celebraron el D\u00eda del Patrimonio, actividad que se desarroll\u00f3 en el patio&#8230;<\/p>\n","protected":false},"author":482,"featured_media":18522,"comment_status":"open","ping_status":"closed","sticky":false,"template":"","format":"standard","meta":{"advanced_seo_description":"","jetpack_seo_html_title":"","jetpack_seo_noindex":false,"_jetpack_memberships_contains_paid_content":false,"footnotes":""},"categories":[15],"tags":[],"class_list":["post-18521","post","type-post","status-publish","format-standard","has-post-thumbnail","hentry","category-comunidad"],"jetpack_featured_media_url":"https:\/\/i0.wp.com\/eltrabajo.cl\/portal\/wp-content\/uploads\/2012\/05\/director-y-alumnos.jpg?fit=600%2C450&ssl=1","jetpack_sharing_enabled":true,"jetpack_likes_enabled":true,"jetpack-related-posts":[],"_links":{"self":[{"href":"https:\/\/eltrabajo.cl\/portal\/wp-json\/wp\/v2\/posts\/18521","targetHints":{"allow":["GET"]}}],"collection":[{"href":"https:\/\/eltrabajo.cl\/portal\/wp-json\/wp\/v2\/posts"}],"about":[{"href":"https:\/\/eltrabajo.cl\/portal\/wp-json\/wp\/v2\/types\/post"}],"author":[{"embeddable":true,"href":"https:\/\/eltrabajo.cl\/portal\/wp-json\/wp\/v2\/users\/482"}],"replies":[{"embeddable":true,"href":"https:\/\/eltrabajo.cl\/portal\/wp-json\/wp\/v2\/comments?post=18521"}],"version-history":[{"count":0,"href":"https:\/\/eltrabajo.cl\/portal\/wp-json\/wp\/v2\/posts\/18521\/revisions"}],"wp:featuredmedia":[{"embeddable":true,"href":"https:\/\/eltrabajo.cl\/portal\/wp-json\/wp\/v2\/media\/18522"}],"wp:attachment":[{"href":"https:\/\/eltrabajo.cl\/portal\/wp-json\/wp\/v2\/media?parent=18521"}],"wp:term":[{"taxonomy":"category","embeddable":true,"href":"https:\/\/eltrabajo.cl\/portal\/wp-json\/wp\/v2\/categories?post=18521"},{"taxonomy":"post_tag","embeddable":true,"href":"https:\/\/eltrabajo.cl\/portal\/wp-json\/wp\/v2\/tags?post=18521"}],"curies":[{"name":"wp","href":"https:\/\/api.w.org\/{rel}","templated":true}]}}