{"id":18526,"date":"2012-05-29T09:56:12","date_gmt":"2012-05-29T13:56:12","guid":{"rendered":"http:\/\/www.eltrabajo.cl\/portal\/?p=18526"},"modified":"2012-05-29T09:56:12","modified_gmt":"2012-05-29T13:56:12","slug":"como-un-traje-a-la-medida-de-la-polar-califican-acuerdo-compensatorio","status":"publish","type":"post","link":"https:\/\/eltrabajo.cl\/portal\/como-un-traje-a-la-medida-de-la-polar-califican-acuerdo-compensatorio\/","title":{"rendered":"Como un traje a la medida de La Polar califican acuerdo compensatorio"},"content":{"rendered":"<figure id=\"attachment_18527\" aria-describedby=\"caption-attachment-18527\" style=\"width: 300px\" class=\"wp-caption alignleft\"><a href=\"http:\/\/www.eltrabajo.cl\/portal\/2012\/05\/como-un-traje-a-la-medida-de-la-polar-califican-acuerdo-compensatorio\/mnl_lapolar1\/\" rel=\"attachment wp-att-18527\"><img data-recalc-dims=\"1\" loading=\"lazy\" decoding=\"async\" class=\"size-medium wp-image-18527\" title=\"mnl_lapolar1\" src=\"https:\/\/i0.wp.com\/www.eltrabajo.cl\/portal\/wp-content\/uploads\/2012\/05\/mnl_lapolar1-300x197.jpg?resize=300%2C197\" alt=\"\" width=\"300\" height=\"197\" srcset=\"https:\/\/i0.wp.com\/eltrabajo.cl\/portal\/wp-content\/uploads\/2012\/05\/mnl_lapolar1.jpg?resize=300%2C197&amp;ssl=1 300w, https:\/\/i0.wp.com\/eltrabajo.cl\/portal\/wp-content\/uploads\/2012\/05\/mnl_lapolar1.jpg?resize=200%2C131&amp;ssl=1 200w, https:\/\/i0.wp.com\/eltrabajo.cl\/portal\/wp-content\/uploads\/2012\/05\/mnl_lapolar1.jpg?resize=150%2C98&amp;ssl=1 150w, https:\/\/i0.wp.com\/eltrabajo.cl\/portal\/wp-content\/uploads\/2012\/05\/mnl_lapolar1.jpg?resize=400%2C262&amp;ssl=1 400w, https:\/\/i0.wp.com\/eltrabajo.cl\/portal\/wp-content\/uploads\/2012\/05\/mnl_lapolar1.jpg?w=600&amp;ssl=1 600w\" sizes=\"auto, (max-width: 300px) 100vw, 300px\" \/><\/a><figcaption id=\"caption-attachment-18527\" class=\"wp-caption-text\">N\u00fa\u00f1ez y Retamales criticaron el arreglo ofrecido por La Polar, asegurando que se trata de un traje a la medida.<\/figcaption><\/figure>\n<p>El Diputado Marco Antonio N\u00fa\u00f1ez calific\u00f3 como un traje a la medida de La Polar el acuerdo firmado entre esta casa comercial y Sernac, afirmando que m\u00e1s se preocuparon de proteger los intereses comerciales que de reparar los da\u00f1os causados a los cerca de un mill\u00f3n de personas afectadas. Asimismo, agreg\u00f3 que en Aconcagua junto al Abogado Benigno Retamal ver\u00e1n las acciones legales a seguir con aquellas personas que, estando dentro de las 500 que fueron representadas por sus oficinas parlamentarias, rechacen este convenio.<\/p>\n<p>\u201cEste no es un acuerdo hist\u00f3rico como plante\u00f3 el ministro Longueira, m\u00e1s bien es un acuerdo a medias que salvaguarda m\u00e1s los intereses comerciales que los de los cerca de un mill\u00f3n de clientes que fueron estafados con repactaciones unilaterales. Es bastante deficiente un bono compensatorio de 15 mil pesos, el que incluso queda sujeto a un aumento de capital de esta casa comercial La Polar. O sea, si hay m\u00e1s dinero pagan, de lo contrario, no pagan. Nadie puede estar celebrando ni destacando un acuerdo que adem\u00e1s de ser deficiente s\u00f3lo podr\u00e1 hacerse efectivo si la casa comercial tiene dinero.<\/p>\n<p>\u201cPor lo mismo, junto al Abogado Benigno Retamal estudiaremos las acciones legales que realizaremos con aquellos afectados que representamos a trav\u00e9s de nuestras oficinas y que quieran rechazar este acuerdo. Son muchas las dudas que genera y, por cierto, no establece las confianzas que esper\u00e1bamos iban a lograrse mediante este juicio colectivo que lider\u00f3 el Sernac. Por lo mismo, esperamos que el pronunciamiento de la justicia sea favorable a los clientes, lo que permitir\u00eda marcar un precedente para mejorar las compensaciones propuestas, especialmente la del bono compensatorio\u201d, expres\u00f3 el diputado N\u00fa\u00f1ez.<\/p>\n<p>Finalmente, el abogado Benigno Retamal no dud\u00f3 en calificar como malo este acuerdo afirmando que el \u201cobjetivo de este juicio colectivo que llev\u00f3 el Sernac precisamente era establecer un mecanismo reparatorio de magnitud para que nunca m\u00e1s una casa comercial planificara y ejecutara un da\u00f1o a cerca de 1 mill\u00f3n de personas. Eso era. Dar una clara se\u00f1al a uno de los mayores esc\u00e1ndalos comerciales del pa\u00eds. S\u00f3lo de esta manera dejar\u00eda de ser una burla para aquellos consumidores que d\u00eda a d\u00eda ve\u00edan crecer sus deudas con la angustia de saber que no ten\u00edan posibilidad de pagar. Lo que se propone ahora es muy deficiente, lejos de ser hist\u00f3rico y menos de ser una medida que superar\u00e1 la desconfianza de los consumidores o que terminar\u00e1 con los abusos comerciales que este tipo de empresas est\u00e1 acostumbrado hacer con la gente\u201d.<\/p>\n","protected":false},"excerpt":{"rendered":"<p>El Diputado Marco Antonio N\u00fa\u00f1ez calific\u00f3 como un traje a la medida de La Polar el acuerdo firmado entre esta casa comercial y Sernac, afirmando que m\u00e1s se preocuparon de proteger los&#8230;<\/p>\n","protected":false},"author":482,"featured_media":18527,"comment_status":"open","ping_status":"closed","sticky":false,"template":"","format":"standard","meta":{"advanced_seo_description":"","jetpack_seo_html_title":"","jetpack_seo_noindex":false,"_jetpack_memberships_contains_paid_content":false,"footnotes":""},"categories":[1],"tags":[],"class_list":["post-18526","post","type-post","status-publish","format-standard","has-post-thumbnail","hentry","category-cronica"],"jetpack_featured_media_url":"https:\/\/i0.wp.com\/eltrabajo.cl\/portal\/wp-content\/uploads\/2012\/05\/mnl_lapolar1.jpg?fit=600%2C394&ssl=1","jetpack_sharing_enabled":true,"jetpack_likes_enabled":true,"jetpack-related-posts":[],"_links":{"self":[{"href":"https:\/\/eltrabajo.cl\/portal\/wp-json\/wp\/v2\/posts\/18526","targetHints":{"allow":["GET"]}}],"collection":[{"href":"https:\/\/eltrabajo.cl\/portal\/wp-json\/wp\/v2\/posts"}],"about":[{"href":"https:\/\/eltrabajo.cl\/portal\/wp-json\/wp\/v2\/types\/post"}],"author":[{"embeddable":true,"href":"https:\/\/eltrabajo.cl\/portal\/wp-json\/wp\/v2\/users\/482"}],"replies":[{"embeddable":true,"href":"https:\/\/eltrabajo.cl\/portal\/wp-json\/wp\/v2\/comments?post=18526"}],"version-history":[{"count":0,"href":"https:\/\/eltrabajo.cl\/portal\/wp-json\/wp\/v2\/posts\/18526\/revisions"}],"wp:featuredmedia":[{"embeddable":true,"href":"https:\/\/eltrabajo.cl\/portal\/wp-json\/wp\/v2\/media\/18527"}],"wp:attachment":[{"href":"https:\/\/eltrabajo.cl\/portal\/wp-json\/wp\/v2\/media?parent=18526"}],"wp:term":[{"taxonomy":"category","embeddable":true,"href":"https:\/\/eltrabajo.cl\/portal\/wp-json\/wp\/v2\/categories?post=18526"},{"taxonomy":"post_tag","embeddable":true,"href":"https:\/\/eltrabajo.cl\/portal\/wp-json\/wp\/v2\/tags?post=18526"}],"curies":[{"name":"wp","href":"https:\/\/api.w.org\/{rel}","templated":true}]}}