{"id":18530,"date":"2012-05-29T09:58:12","date_gmt":"2012-05-29T13:58:12","guid":{"rendered":"http:\/\/www.eltrabajo.cl\/portal\/?p=18530"},"modified":"2012-05-29T09:59:30","modified_gmt":"2012-05-29T13:59:30","slug":"servicio-de-salud-entrego-bastones-retractiles-a-personas-no-videntes","status":"publish","type":"post","link":"https:\/\/eltrabajo.cl\/portal\/servicio-de-salud-entrego-bastones-retractiles-a-personas-no-videntes\/","title":{"rendered":"Servicio de Salud entreg\u00f3 bastones retr\u00e1ctiles a personas no videntes"},"content":{"rendered":"<figure id=\"attachment_18531\" aria-describedby=\"caption-attachment-18531\" style=\"width: 600px\" class=\"wp-caption alignnone\"><a href=\"http:\/\/www.eltrabajo.cl\/portal\/2012\/05\/servicio-de-salud-entrego-bastones-retractiles-a-personas-no-videntes\/entrega-bastones\/\" rel=\"attachment wp-att-18531\"><img data-recalc-dims=\"1\" loading=\"lazy\" decoding=\"async\" class=\"size-full wp-image-18531\" title=\"entrega bastones\" src=\"https:\/\/i0.wp.com\/www.eltrabajo.cl\/portal\/wp-content\/uploads\/2012\/05\/entrega-bastones.jpg?resize=600%2C450\" alt=\"\" width=\"600\" height=\"450\" srcset=\"https:\/\/i0.wp.com\/eltrabajo.cl\/portal\/wp-content\/uploads\/2012\/05\/entrega-bastones.jpg?w=600&amp;ssl=1 600w, https:\/\/i0.wp.com\/eltrabajo.cl\/portal\/wp-content\/uploads\/2012\/05\/entrega-bastones.jpg?resize=200%2C150&amp;ssl=1 200w, https:\/\/i0.wp.com\/eltrabajo.cl\/portal\/wp-content\/uploads\/2012\/05\/entrega-bastones.jpg?resize=300%2C225&amp;ssl=1 300w, https:\/\/i0.wp.com\/eltrabajo.cl\/portal\/wp-content\/uploads\/2012\/05\/entrega-bastones.jpg?resize=150%2C112&amp;ssl=1 150w, https:\/\/i0.wp.com\/eltrabajo.cl\/portal\/wp-content\/uploads\/2012\/05\/entrega-bastones.jpg?resize=400%2C300&amp;ssl=1 400w\" sizes=\"auto, (max-width: 600px) 100vw, 600px\" \/><\/a><figcaption id=\"caption-attachment-18531\" class=\"wp-caption-text\">El Servicio de Salud facilit\u00f3 en comodato estos implementos para mejorar las condiciones de las personas con discapacidad visual.<\/figcaption><\/figure>\n<p>En el marco de la Mesa Provincial de la Discapacidad, el Servicio de Salud Aconcagua realiz\u00f3 la entrega de diez bastones retr\u00e1ctiles para discapacitados no videntes, requerimiento que fue planteado por la Uni\u00f3n Comunal de la Discapacidad, presidida por Andr\u00e9s Emilio Podest\u00e1, a los servicios p\u00fablicos que forman parte de esta instancia.<\/p>\n<p>Esta petici\u00f3n se origin\u00f3 en conjunto con la formaci\u00f3n de la Mesa Provincial, en la que se realizaron una serie de requerimientos para discapacitados visuales y otras discapacidades, dentro de las que se establecieron los bastones retr\u00e1ctiles para no videntes como una de las prioridades de la agrupaci\u00f3n.<\/p>\n<p>\u201cEsta es una muestra clara de que estamos cumpliendo los compromisos adquiridos con las personas que tienen alg\u00fan tipo de discapacidad. Hemos desarrollado una labor de detecci\u00f3n de necesidades junto a la Uni\u00f3n Comunal que preside don Andr\u00e9s Emilio Podest\u00e1 y estamos altamente satisfechos por haber cumplido con ellos\u201d, manifest\u00f3 el Director del Servicio de Salud Aconcagua, Rodrigo Infante.<\/p>\n<p>En la oportunidad participaron la Dra. Mar\u00eda Luc\u00eda R\u00edos, jefa del Centro de Rehabilitaci\u00f3n Integral (CRI) y el Director Regional del Senadis, Francisco Laso, quienes hicieron entrega de los implementos a los usuarios. Adem\u00e1s, el Servicio Nacional de la Discapacidad present\u00f3 a la Uni\u00f3n Comunal la oferta program\u00e1tica disponible tanto para personas en forma individual como para instituciones y agrupaciones. As\u00ed tambi\u00e9n, se levant\u00f3 un diagn\u00f3stico de necesidades que se dar\u00e1 a conocer en la pr\u00f3xima sesi\u00f3n de la mesa.<\/p>\n<p>\u201cComo sector Salud hemos asumido un trabajo serio y constante con el mundo de la discapacidad f\u00edsica y tambi\u00e9n de la discapacidad mental, tanto en la mesa provincial como en las diferentes acciones que hemos tomado en el hospital psiqui\u00e1trico. Este trabajo ha sido caracter\u00edstico de esta gesti\u00f3n y esperamos mantenerlo de manera sistem\u00e1tica, siempre en el marco de la coordinaci\u00f3n que hemos tenido con todas las agrupaciones y que nos ha permitido responder en la medida que estemos facultados\u201d, concluy\u00f3 Infante.<\/p>\n","protected":false},"excerpt":{"rendered":"<p>En el marco de la Mesa Provincial de la Discapacidad, el Servicio de Salud Aconcagua realiz\u00f3 la entrega de diez bastones retr\u00e1ctiles para discapacitados no videntes, requerimiento que fue planteado por la&#8230;<\/p>\n","protected":false},"author":482,"featured_media":18531,"comment_status":"open","ping_status":"closed","sticky":false,"template":"","format":"standard","meta":{"advanced_seo_description":"","jetpack_seo_html_title":"","jetpack_seo_noindex":false,"_jetpack_memberships_contains_paid_content":false,"footnotes":""},"categories":[15],"tags":[],"class_list":["post-18530","post","type-post","status-publish","format-standard","has-post-thumbnail","hentry","category-comunidad"],"jetpack_featured_media_url":"https:\/\/i0.wp.com\/eltrabajo.cl\/portal\/wp-content\/uploads\/2012\/05\/entrega-bastones.jpg?fit=600%2C450&ssl=1","jetpack_sharing_enabled":true,"jetpack_likes_enabled":true,"jetpack-related-posts":[],"_links":{"self":[{"href":"https:\/\/eltrabajo.cl\/portal\/wp-json\/wp\/v2\/posts\/18530","targetHints":{"allow":["GET"]}}],"collection":[{"href":"https:\/\/eltrabajo.cl\/portal\/wp-json\/wp\/v2\/posts"}],"about":[{"href":"https:\/\/eltrabajo.cl\/portal\/wp-json\/wp\/v2\/types\/post"}],"author":[{"embeddable":true,"href":"https:\/\/eltrabajo.cl\/portal\/wp-json\/wp\/v2\/users\/482"}],"replies":[{"embeddable":true,"href":"https:\/\/eltrabajo.cl\/portal\/wp-json\/wp\/v2\/comments?post=18530"}],"version-history":[{"count":0,"href":"https:\/\/eltrabajo.cl\/portal\/wp-json\/wp\/v2\/posts\/18530\/revisions"}],"wp:featuredmedia":[{"embeddable":true,"href":"https:\/\/eltrabajo.cl\/portal\/wp-json\/wp\/v2\/media\/18531"}],"wp:attachment":[{"href":"https:\/\/eltrabajo.cl\/portal\/wp-json\/wp\/v2\/media?parent=18530"}],"wp:term":[{"taxonomy":"category","embeddable":true,"href":"https:\/\/eltrabajo.cl\/portal\/wp-json\/wp\/v2\/categories?post=18530"},{"taxonomy":"post_tag","embeddable":true,"href":"https:\/\/eltrabajo.cl\/portal\/wp-json\/wp\/v2\/tags?post=18530"}],"curies":[{"name":"wp","href":"https:\/\/api.w.org\/{rel}","templated":true}]}}