{"id":18536,"date":"2012-05-29T10:02:43","date_gmt":"2012-05-29T14:02:43","guid":{"rendered":"http:\/\/www.eltrabajo.cl\/portal\/?p=18536"},"modified":"2012-05-29T10:02:43","modified_gmt":"2012-05-29T14:02:43","slug":"gobierno-regional-aprueba-unos-200-millones-para-proyectos-en-la-provincia","status":"publish","type":"post","link":"https:\/\/eltrabajo.cl\/portal\/gobierno-regional-aprueba-unos-200-millones-para-proyectos-en-la-provincia\/","title":{"rendered":"Gobierno regional aprueba unos $200 millones para proyectos en la provincia"},"content":{"rendered":"<figure id=\"attachment_18537\" aria-describedby=\"caption-attachment-18537\" style=\"width: 300px\" class=\"wp-caption alignleft\"><a href=\"http:\/\/www.eltrabajo.cl\/portal\/2012\/05\/gobierno-regional-aprueba-unos-200-millones-para-proyectos-en-la-provincia\/ivan-reyes-3\/\" rel=\"attachment wp-att-18537\"><img data-recalc-dims=\"1\" loading=\"lazy\" decoding=\"async\" class=\"size-medium wp-image-18537\" title=\"ivan reyes\" src=\"https:\/\/i0.wp.com\/www.eltrabajo.cl\/portal\/wp-content\/uploads\/2012\/05\/ivan-reyes1-300x225.jpg?resize=300%2C225\" alt=\"\" width=\"300\" height=\"225\" srcset=\"https:\/\/i0.wp.com\/eltrabajo.cl\/portal\/wp-content\/uploads\/2012\/05\/ivan-reyes1.jpg?resize=300%2C225&amp;ssl=1 300w, https:\/\/i0.wp.com\/eltrabajo.cl\/portal\/wp-content\/uploads\/2012\/05\/ivan-reyes1.jpg?resize=200%2C150&amp;ssl=1 200w, https:\/\/i0.wp.com\/eltrabajo.cl\/portal\/wp-content\/uploads\/2012\/05\/ivan-reyes1.jpg?resize=150%2C112&amp;ssl=1 150w, https:\/\/i0.wp.com\/eltrabajo.cl\/portal\/wp-content\/uploads\/2012\/05\/ivan-reyes1.jpg?resize=400%2C300&amp;ssl=1 400w, https:\/\/i0.wp.com\/eltrabajo.cl\/portal\/wp-content\/uploads\/2012\/05\/ivan-reyes1.jpg?w=600&amp;ssl=1 600w\" sizes=\"auto, (max-width: 300px) 100vw, 300px\" \/><\/a><figcaption id=\"caption-attachment-18537\" class=\"wp-caption-text\">El Consejeros Iv\u00e1n Reyes destac\u00f3 la aprobaci\u00f3n de los recursos que ser\u00e1n utilizados en importantes proyectos en la provincia.<\/figcaption><\/figure>\n<p>El jueves pasado en el pleno del Gobierno Regional se aprobaron recursos que ser\u00e1n utilizados en distintos proyectos en la provincia de San Felipe y que bordean los 200 millones de pesos.<\/p>\n<p>Seg\u00fan explic\u00f3 el Consejero Regional Iv\u00e1n Reyes, en esa instancia se aprobaron recursos para la compra de un cami\u00f3n recolector de basura, que tiene mayor tonelaje, para la comuna de Panquehue, por un valor de 65 millones de pesos aproximadamente.<\/p>\n<p>Adem\u00e1s ese d\u00eda se aprobaron para la comuna de Catemu un proyecto de m\u00e1quinas de ejercicio, por 41 millones de pesos, mientras que en San Felipe se aprob\u00f3 la compra de vallas de seguridad por seis millones de pesos, una necesidad que hab\u00eda manifestado el municipio de esta comuna especialmente para las actividades que se desarrollan en la comuna.<\/p>\n<p>Junto con estos proyectos, se aprob\u00f3 la segunda etapa de las m\u00e1quinas de ejercicio en la comuna de San Felipe.<\/p>\n<p>\u201cRecordar que hoy d\u00eda estamos trabajando en la instalaci\u00f3n de las m\u00e1quinas de este primer proyecto, que son 26 puntos y el jueves aprobamos un proyecto por 24 millones de pesos m\u00e1s y con eso esperamos concretar casi la totalidad de la demanda que hab\u00eda\u201d, dijo Reyes.<\/p>\n<p>Espec\u00edficamente para la comuna de San Felipe tambi\u00e9n se aprob\u00f3 un proyecto que se estaba trabajando, que era la compra de una m\u00e1quina de hidrolavado para la plaza de armas, que significa una inversi\u00f3n de m\u00e1s de 20 millones de pesos.<\/p>\n<p>Para la comuna de Putaendo se aprob\u00f3 el proyecto de compra de tractores que hab\u00eda presentado el Alcalde Guillermo Reyes, por el que hab\u00eda cuestionado que estaba siendo discriminado pol\u00edticamente, se\u00f1al\u00f3 el Consejero.<\/p>\n<p>\u201cYo le hice notar al Alcalde que el Gobierno Regional no tiene la caracter\u00edstica de hacer discriminaciones pol\u00edticas de ning\u00fan tipo, muy por el contrario, nosotros tenemos una visi\u00f3n totalmente distinta y los consejeros regionales hemos tenido la capacidad de superar eso y tenemos una mirada territorial\u201d.<\/p>\n<p>Seg\u00fan explic\u00f3 el Consejero, lo que se le pidi\u00f3 al Alcalde Reyes fue que reformulara el proyecto, ya que se consideraba que la compra de 14 tractores era excesiva para la necesidad que ten\u00eda la comuna de Putaendo. \u201cEl Alcalde lo entendi\u00f3 as\u00ed, reformul\u00f3 el proyecto y se le aprob\u00f3 un proyecto por 20 millones de pesos.<\/p>\n<p>El Consejero se mostr\u00f3 contento porque se han aprobado alrededor de 200 millones de pesos el d\u00eda jueves, en recursos para la provincia.<\/p>\n<p>Reyes adem\u00e1s anticip\u00f3 que se encuentran trabajando para que este martes la Gobernaci\u00f3n presente el proyecto de los nuevos ascensores.<\/p>\n<p>\u201cEste proyecto apenas obtenga la recomendaci\u00f3n t\u00e9cnica va a ser aprobado, porque los recursos est\u00e1n para la compra de estos productos, estamos solamente esperando que la Gobernaci\u00f3n haga la presentaci\u00f3n, la Gobernadora se ha comprometido el d\u00eda martes ingresarlo al Gobierno Regional, hemos comprometido tambi\u00e9n nuestros oficios para tratar de apurar y que a la brevedad se obtenga la recomendaci\u00f3n t\u00e9cnica\u201d.<\/p>\n<p>El Consejero dijo que por la forma como se ha trabajado el proyecto, \u00e9l espera que se pueda aprobar en el pleno del 7 de junio.<\/p>\n","protected":false},"excerpt":{"rendered":"<p>El jueves pasado en el pleno del Gobierno Regional se aprobaron recursos que ser\u00e1n utilizados en distintos proyectos en la provincia de San Felipe y que bordean los 200 millones de pesos&#8230;.<\/p>\n","protected":false},"author":482,"featured_media":18537,"comment_status":"open","ping_status":"closed","sticky":false,"template":"","format":"standard","meta":{"advanced_seo_description":"","jetpack_seo_html_title":"","jetpack_seo_noindex":false,"_jetpack_memberships_contains_paid_content":false,"footnotes":""},"categories":[1],"tags":[],"class_list":["post-18536","post","type-post","status-publish","format-standard","has-post-thumbnail","hentry","category-cronica"],"jetpack_featured_media_url":"https:\/\/i0.wp.com\/eltrabajo.cl\/portal\/wp-content\/uploads\/2012\/05\/ivan-reyes1.jpg?fit=600%2C450&ssl=1","jetpack_sharing_enabled":true,"jetpack_likes_enabled":true,"jetpack-related-posts":[],"_links":{"self":[{"href":"https:\/\/eltrabajo.cl\/portal\/wp-json\/wp\/v2\/posts\/18536","targetHints":{"allow":["GET"]}}],"collection":[{"href":"https:\/\/eltrabajo.cl\/portal\/wp-json\/wp\/v2\/posts"}],"about":[{"href":"https:\/\/eltrabajo.cl\/portal\/wp-json\/wp\/v2\/types\/post"}],"author":[{"embeddable":true,"href":"https:\/\/eltrabajo.cl\/portal\/wp-json\/wp\/v2\/users\/482"}],"replies":[{"embeddable":true,"href":"https:\/\/eltrabajo.cl\/portal\/wp-json\/wp\/v2\/comments?post=18536"}],"version-history":[{"count":0,"href":"https:\/\/eltrabajo.cl\/portal\/wp-json\/wp\/v2\/posts\/18536\/revisions"}],"wp:featuredmedia":[{"embeddable":true,"href":"https:\/\/eltrabajo.cl\/portal\/wp-json\/wp\/v2\/media\/18537"}],"wp:attachment":[{"href":"https:\/\/eltrabajo.cl\/portal\/wp-json\/wp\/v2\/media?parent=18536"}],"wp:term":[{"taxonomy":"category","embeddable":true,"href":"https:\/\/eltrabajo.cl\/portal\/wp-json\/wp\/v2\/categories?post=18536"},{"taxonomy":"post_tag","embeddable":true,"href":"https:\/\/eltrabajo.cl\/portal\/wp-json\/wp\/v2\/tags?post=18536"}],"curies":[{"name":"wp","href":"https:\/\/api.w.org\/{rel}","templated":true}]}}