{"id":18540,"date":"2012-05-29T10:25:06","date_gmt":"2012-05-29T14:25:06","guid":{"rendered":"http:\/\/www.eltrabajo.cl\/portal\/?p=18540"},"modified":"2012-05-29T10:56:57","modified_gmt":"2012-05-29T14:56:57","slug":"a-dos-dias-del-temporal-chilquinta-aun-no-puede-restablecer-energia-electrica","status":"publish","type":"post","link":"https:\/\/eltrabajo.cl\/portal\/a-dos-dias-del-temporal-chilquinta-aun-no-puede-restablecer-energia-electrica\/","title":{"rendered":"A dos d\u00edas del temporal Chilquinta a\u00fan no puede restablecer energ\u00eda el\u00e9ctrica"},"content":{"rendered":"<figure id=\"attachment_18541\" aria-describedby=\"caption-attachment-18541\" style=\"width: 300px\" class=\"wp-caption alignleft\"><a href=\"http:\/\/www.eltrabajo.cl\/portal\/2012\/05\/a-dos-dias-del-temporal-chilquinta-aun-no-puede-restablecer-energia-electrica\/manuel-delgado\/\" rel=\"attachment wp-att-18541\"><img data-recalc-dims=\"1\" loading=\"lazy\" decoding=\"async\" class=\"size-medium wp-image-18541\" title=\"manuel delgado\" src=\"https:\/\/i0.wp.com\/www.eltrabajo.cl\/portal\/wp-content\/uploads\/2012\/05\/manuel-delgado-300x284.jpg?resize=300%2C284\" alt=\"\" width=\"300\" height=\"284\" srcset=\"https:\/\/i0.wp.com\/eltrabajo.cl\/portal\/wp-content\/uploads\/2012\/05\/manuel-delgado.jpg?resize=300%2C284&amp;ssl=1 300w, https:\/\/i0.wp.com\/eltrabajo.cl\/portal\/wp-content\/uploads\/2012\/05\/manuel-delgado.jpg?resize=158%2C150&amp;ssl=1 158w, https:\/\/i0.wp.com\/eltrabajo.cl\/portal\/wp-content\/uploads\/2012\/05\/manuel-delgado.jpg?resize=150%2C142&amp;ssl=1 150w, https:\/\/i0.wp.com\/eltrabajo.cl\/portal\/wp-content\/uploads\/2012\/05\/manuel-delgado.jpg?resize=400%2C378&amp;ssl=1 400w, https:\/\/i0.wp.com\/eltrabajo.cl\/portal\/wp-content\/uploads\/2012\/05\/manuel-delgado.jpg?w=600&amp;ssl=1 600w\" sizes=\"auto, (max-width: 300px) 100vw, 300px\" \/><\/a><figcaption id=\"caption-attachment-18541\" class=\"wp-caption-text\">Manuel Delgado se\u00f1al\u00f3 que la situaci\u00f3n deber\u00eda quedar restablecida alrededor de las 18 horas de este lunes.<\/figcaption><\/figure>\n<p>M\u00e1s de nueve mil clientes de Chilquinta pertenecientes a la provincia de San Felipe, permanec\u00edan durante la ma\u00f1ana de este lunes sin energ\u00eda el\u00e9ctrica.<\/p>\n<p>Aunque el temporal se registr\u00f3 con mayor fuerza el d\u00eda s\u00e1bado, este lunes todav\u00eda quedaban clientes a quienes no se les hab\u00eda repuesto la energ\u00eda y la situaci\u00f3n m\u00e1s cr\u00edtica se presentaba en la comuna de Santa Mar\u00eda, donde llegaba a un 42% de los clientes que se encontraban sin energ\u00eda.<\/p>\n<p>La raz\u00f3n estaba en una falla bastante grande en el alimentador que est\u00e1 ubicado en Tocornal, donde en la ma\u00f1ana de este lunes se continuaba trabajando para regularizar la situaci\u00f3n de tantos afectados, soluci\u00f3n que deber\u00eda haberse producido alrededor de las 18 horas, seg\u00fan se\u00f1al\u00f3 el Jefe de Atenci\u00f3n al Cliente de Chilquinta, Manuel Delgado.<\/p>\n<p>Aunque Delgado dec\u00eda que la empresa estaba informada de la situaci\u00f3n clim\u00e1tica que deb\u00eda darse el fin de semana, reconoce que no dimensionaron la magnitud del sistema frontal que se sinti\u00f3 aproximadamente desde las 16 horas del s\u00e1bado pasado y que gener\u00f3 problemas en todo el valle de Aconcagua, especialmente en el suministro el\u00e9ctrico, situaci\u00f3n que se debi\u00f3 principalmente a la ca\u00edda de \u00e1rboles sobre los cables del tendido el\u00e9ctrico en diferentes sectores de la provincia.<\/p>\n<p>\u201cNosotros como empresa participamos en el comit\u00e9 de emergencia de las provincias de Los Andes y San Felipe, hemos estado haciendo podas durante todo el a\u00f1o, pero esto fue algo inesperado para nosotros, porque volaron \u00e1rboles que estaban verdes todav\u00eda, que cayeron arriba de los cables; las redes soportan, pero no la ca\u00edda de los tremendos \u00e1rboles\u201d, se\u00f1al\u00f3 Delgado.<\/p>\n<p>Seg\u00fan explicaron desde la empresa, las redes soportan vientos de hasta 170 kil\u00f3metros por hora, pero el problema que se gener\u00f3 en esta oportunidad, fue que los \u00e1rboles cayeron encima de los cables y sobre los postes.<\/p>\n<p>Para superar la situaci\u00f3n, durante este lunes se encontraban 29 cuadrillas trabajando en terreno, 14 de ellas estaban encargadas de levantar los postes que estaban en el suelo y 15 cuadrillas se dedicaron a supervisar los transformadores.<\/p>\n<p>Con este despliegue operativo, se estimaba que los 34 frentes en los que se estaba trabajando quedaran operativos, aunque se podr\u00edan presentar problemas m\u00e1s focalizados de clientes que a\u00fan as\u00ed estuvieran sin energ\u00eda el\u00e9ctrica. En ese caso ser\u00e1 necesario atender individualmente las situaciones que se presenten y ser\u00e1 necesario que los clientes informen de la situaci\u00f3n a la empresa, aunque se espera que incluso en esas situaciones, el suministro quede restablecido en 24 horas como m\u00e1ximo.<\/p>\n<p>Adem\u00e1s desde la empresa pidieron paciencia a la comunidad y comprensi\u00f3n, ya que argumentaron en un evento de esta naturaleza, donde 20 mil clientes aproximadamente quedaron sin energ\u00eda, el sistema telef\u00f3nico colaps\u00f3, ya que no exist\u00eda la capacidad t\u00e9cnica para atender tantos llamados telef\u00f3nicos.<\/p>\n","protected":false},"excerpt":{"rendered":"<p>M\u00e1s de nueve mil clientes de Chilquinta pertenecientes a la provincia de San Felipe, permanec\u00edan durante la ma\u00f1ana de este lunes sin energ\u00eda el\u00e9ctrica. Aunque el temporal se registr\u00f3 con mayor fuerza&#8230;<\/p>\n","protected":false},"author":482,"featured_media":18541,"comment_status":"open","ping_status":"closed","sticky":false,"template":"","format":"standard","meta":{"advanced_seo_description":"","jetpack_seo_html_title":"","jetpack_seo_noindex":false,"_jetpack_memberships_contains_paid_content":false,"footnotes":""},"categories":[15],"tags":[],"class_list":["post-18540","post","type-post","status-publish","format-standard","has-post-thumbnail","hentry","category-comunidad"],"jetpack_featured_media_url":"https:\/\/i0.wp.com\/eltrabajo.cl\/portal\/wp-content\/uploads\/2012\/05\/manuel-delgado.jpg?fit=600%2C568&ssl=1","jetpack_sharing_enabled":true,"jetpack_likes_enabled":true,"jetpack-related-posts":[],"_links":{"self":[{"href":"https:\/\/eltrabajo.cl\/portal\/wp-json\/wp\/v2\/posts\/18540","targetHints":{"allow":["GET"]}}],"collection":[{"href":"https:\/\/eltrabajo.cl\/portal\/wp-json\/wp\/v2\/posts"}],"about":[{"href":"https:\/\/eltrabajo.cl\/portal\/wp-json\/wp\/v2\/types\/post"}],"author":[{"embeddable":true,"href":"https:\/\/eltrabajo.cl\/portal\/wp-json\/wp\/v2\/users\/482"}],"replies":[{"embeddable":true,"href":"https:\/\/eltrabajo.cl\/portal\/wp-json\/wp\/v2\/comments?post=18540"}],"version-history":[{"count":0,"href":"https:\/\/eltrabajo.cl\/portal\/wp-json\/wp\/v2\/posts\/18540\/revisions"}],"wp:featuredmedia":[{"embeddable":true,"href":"https:\/\/eltrabajo.cl\/portal\/wp-json\/wp\/v2\/media\/18541"}],"wp:attachment":[{"href":"https:\/\/eltrabajo.cl\/portal\/wp-json\/wp\/v2\/media?parent=18540"}],"wp:term":[{"taxonomy":"category","embeddable":true,"href":"https:\/\/eltrabajo.cl\/portal\/wp-json\/wp\/v2\/categories?post=18540"},{"taxonomy":"post_tag","embeddable":true,"href":"https:\/\/eltrabajo.cl\/portal\/wp-json\/wp\/v2\/tags?post=18540"}],"curies":[{"name":"wp","href":"https:\/\/api.w.org\/{rel}","templated":true}]}}