{"id":18544,"date":"2012-05-29T10:06:53","date_gmt":"2012-05-29T14:06:53","guid":{"rendered":"http:\/\/www.eltrabajo.cl\/portal\/?p=18544"},"modified":"2012-05-29T10:06:53","modified_gmt":"2012-05-29T14:06:53","slug":"mas-de-cuarenta-familias-afectadas-ademas-de-establecimientos-educacionales-con-problemas-fue-el-saldo-de-paso-de-sistema-frontal-por-san-felipe","status":"publish","type":"post","link":"https:\/\/eltrabajo.cl\/portal\/mas-de-cuarenta-familias-afectadas-ademas-de-establecimientos-educacionales-con-problemas-fue-el-saldo-de-paso-de-sistema-frontal-por-san-felipe\/","title":{"rendered":"M\u00e1s de cuarenta familias afectadas adem\u00e1s de establecimientos educacionales con problemas fue el saldo de paso de sistema frontal por San Felipe"},"content":{"rendered":"<figure id=\"attachment_18545\" aria-describedby=\"caption-attachment-18545\" style=\"width: 600px\" class=\"wp-caption alignnone\"><a href=\"http:\/\/www.eltrabajo.cl\/portal\/2012\/05\/mas-de-cuarenta-familias-afectadas-ademas-de-establecimientos-educacionales-con-problemas-fue-el-saldo-de-paso-de-sistema-frontal-por-san-felipe\/nuevo1\/\" rel=\"attachment wp-att-18545\"><img data-recalc-dims=\"1\" loading=\"lazy\" decoding=\"async\" class=\"size-full wp-image-18545\" title=\"Nuevo1\" src=\"https:\/\/i0.wp.com\/www.eltrabajo.cl\/portal\/wp-content\/uploads\/2012\/05\/Nuevo1.jpg?resize=600%2C450\" alt=\"\" width=\"600\" height=\"450\" srcset=\"https:\/\/i0.wp.com\/eltrabajo.cl\/portal\/wp-content\/uploads\/2012\/05\/Nuevo1.jpg?w=600&amp;ssl=1 600w, https:\/\/i0.wp.com\/eltrabajo.cl\/portal\/wp-content\/uploads\/2012\/05\/Nuevo1.jpg?resize=200%2C150&amp;ssl=1 200w, https:\/\/i0.wp.com\/eltrabajo.cl\/portal\/wp-content\/uploads\/2012\/05\/Nuevo1.jpg?resize=300%2C225&amp;ssl=1 300w, https:\/\/i0.wp.com\/eltrabajo.cl\/portal\/wp-content\/uploads\/2012\/05\/Nuevo1.jpg?resize=150%2C112&amp;ssl=1 150w, https:\/\/i0.wp.com\/eltrabajo.cl\/portal\/wp-content\/uploads\/2012\/05\/Nuevo1.jpg?resize=400%2C300&amp;ssl=1 400w\" sizes=\"auto, (max-width: 600px) 100vw, 600px\" \/><\/a><figcaption id=\"caption-attachment-18545\" class=\"wp-caption-text\">El Alcalde Jaime Amar hizo una evaluaci\u00f3n con los problemas que se produjeron en la comuna a causa del sistema frontal que lleg\u00f3 a la zona. Nuevo Algarrobal uno de los tantos sectores afectados.<\/figcaption><\/figure>\n<p>Alrededor de cuarenta y cinco familias afectadas tanto en los sectores de la villa Departamental y Algarrobal, m\u00e1s de veinte \u00e1rboles ca\u00eddos, voladura de techos y problemas complejos en algunos establecimientos educacionales, fue el balance realizado por el Alcalde Jaime Amar luego del paso del sistema frontal por la zona, el que dej\u00f3 fuertes r\u00e1fagas de viento e intensas lluvias.<\/p>\n<p>Las situaciones m\u00e1s complejas se produjeron en la villa Departamental, donde los vecinos vieron como los techos de los departamentos volaban producto del fuerte viento que comenz\u00f3 a sentirse alrededor de las 16 horas del s\u00e1bado.<\/p>\n<p>Una situaci\u00f3n similar se present\u00f3 en la villa Nueva Algarrobal, donde hab\u00edan 15 viviendas afectadas. A lo anterior se suman diversos problemas en algunos establecimientos educacionales.<\/p>\n<p>Ese era el caso de la escuela Bernardo O\u00b4Higgins, donde exist\u00edan 10 salas de clases afectadas, mientas que en el liceo Roberto Humeres, una zona del edificio que da a la calle Santo Domingo ten\u00eda los vidrios quebrados y desprendimientos en las canaletas.<\/p>\n<p>En la escuela Bernardo O\u00b4Higgins se vol\u00f3 el techo con el viento, en tanto que en la Manuel Rodr\u00edguez se presentaron \u00e1rboles ca\u00eddos y en el liceo de Ni\u00f1as hubo problemas en el gimnasio.<\/p>\n<p>\u201cEstamos terminando la evaluaci\u00f3n, tenemos 14 establecimientos ya evaluados, y ya se han colocado en marcha los equipos para resolver las situaciones, de tal manera que el d\u00eda de ma\u00f1ana (hoy) los alumnos puedan entrar a clases, para eso estamos comprando pizarre\u00f1o y otras cosas m\u00e1s y actuando en forma inmediata\u201d, dijo el jefe comunal.<\/p>\n<p>A juicio del Alcalde Amar, estas son provincias que no se encuentran preparadas para una situaci\u00f3n de este tipo, ya que no es com\u00fan que se presenten estas condiciones clim\u00e1ticas, especialmente con las r\u00e1fagas de viento que se pudieron sentir.<\/p>\n<p>Adem\u00e1s agreg\u00f3 que los equipos municipales trabajaron desde el s\u00e1bado y durante toda la noche, especialmente ayudando a los vecinos de la villa Las Camelias que resultaron anegados, adem\u00e1s de despejar las calles cuando los \u00e1rboles comenzaron a caer producto del intenso viento.<\/p>\n","protected":false},"excerpt":{"rendered":"<p>Alrededor de cuarenta y cinco familias afectadas tanto en los sectores de la villa Departamental y Algarrobal, m\u00e1s de veinte \u00e1rboles ca\u00eddos, voladura de techos y problemas complejos en algunos establecimientos educacionales,&#8230;<\/p>\n","protected":false},"author":482,"featured_media":18545,"comment_status":"open","ping_status":"closed","sticky":false,"template":"","format":"standard","meta":{"advanced_seo_description":"","jetpack_seo_html_title":"","jetpack_seo_noindex":false,"_jetpack_memberships_contains_paid_content":false,"footnotes":""},"categories":[15],"tags":[],"class_list":["post-18544","post","type-post","status-publish","format-standard","has-post-thumbnail","hentry","category-comunidad"],"jetpack_featured_media_url":"https:\/\/i0.wp.com\/eltrabajo.cl\/portal\/wp-content\/uploads\/2012\/05\/Nuevo1.jpg?fit=600%2C450&ssl=1","jetpack_sharing_enabled":true,"jetpack_likes_enabled":true,"jetpack-related-posts":[],"_links":{"self":[{"href":"https:\/\/eltrabajo.cl\/portal\/wp-json\/wp\/v2\/posts\/18544","targetHints":{"allow":["GET"]}}],"collection":[{"href":"https:\/\/eltrabajo.cl\/portal\/wp-json\/wp\/v2\/posts"}],"about":[{"href":"https:\/\/eltrabajo.cl\/portal\/wp-json\/wp\/v2\/types\/post"}],"author":[{"embeddable":true,"href":"https:\/\/eltrabajo.cl\/portal\/wp-json\/wp\/v2\/users\/482"}],"replies":[{"embeddable":true,"href":"https:\/\/eltrabajo.cl\/portal\/wp-json\/wp\/v2\/comments?post=18544"}],"version-history":[{"count":0,"href":"https:\/\/eltrabajo.cl\/portal\/wp-json\/wp\/v2\/posts\/18544\/revisions"}],"wp:featuredmedia":[{"embeddable":true,"href":"https:\/\/eltrabajo.cl\/portal\/wp-json\/wp\/v2\/media\/18545"}],"wp:attachment":[{"href":"https:\/\/eltrabajo.cl\/portal\/wp-json\/wp\/v2\/media?parent=18544"}],"wp:term":[{"taxonomy":"category","embeddable":true,"href":"https:\/\/eltrabajo.cl\/portal\/wp-json\/wp\/v2\/categories?post=18544"},{"taxonomy":"post_tag","embeddable":true,"href":"https:\/\/eltrabajo.cl\/portal\/wp-json\/wp\/v2\/tags?post=18544"}],"curies":[{"name":"wp","href":"https:\/\/api.w.org\/{rel}","templated":true}]}}