{"id":18548,"date":"2012-05-29T10:10:27","date_gmt":"2012-05-29T14:10:27","guid":{"rendered":"http:\/\/www.eltrabajo.cl\/portal\/?p=18548"},"modified":"2012-05-29T10:10:27","modified_gmt":"2012-05-29T14:10:27","slug":"afectados-por-temporal-critican-a-chilquinta-por-incapacidad-para-reponer-el-suministro","status":"publish","type":"post","link":"https:\/\/eltrabajo.cl\/portal\/afectados-por-temporal-critican-a-chilquinta-por-incapacidad-para-reponer-el-suministro\/","title":{"rendered":"Afectados por temporal critican a Chilquinta por incapacidad para reponer el suministro"},"content":{"rendered":"<figure id=\"attachment_18549\" aria-describedby=\"caption-attachment-18549\" style=\"width: 600px\" class=\"wp-caption alignnone\"><a href=\"http:\/\/www.eltrabajo.cl\/portal\/2012\/05\/afectados-por-temporal-critican-a-chilquinta-por-incapacidad-para-reponer-el-suministro\/aurora-cordero\/\" rel=\"attachment wp-att-18549\"><img data-recalc-dims=\"1\" loading=\"lazy\" decoding=\"async\" class=\"size-full wp-image-18549\" title=\"Aurora Cordero\" src=\"https:\/\/i0.wp.com\/www.eltrabajo.cl\/portal\/wp-content\/uploads\/2012\/05\/Aurora-Cordero.jpg?resize=600%2C399\" alt=\"\" width=\"600\" height=\"399\" srcset=\"https:\/\/i0.wp.com\/eltrabajo.cl\/portal\/wp-content\/uploads\/2012\/05\/Aurora-Cordero.jpg?w=600&amp;ssl=1 600w, https:\/\/i0.wp.com\/eltrabajo.cl\/portal\/wp-content\/uploads\/2012\/05\/Aurora-Cordero.jpg?resize=200%2C133&amp;ssl=1 200w, https:\/\/i0.wp.com\/eltrabajo.cl\/portal\/wp-content\/uploads\/2012\/05\/Aurora-Cordero.jpg?resize=300%2C199&amp;ssl=1 300w, https:\/\/i0.wp.com\/eltrabajo.cl\/portal\/wp-content\/uploads\/2012\/05\/Aurora-Cordero.jpg?resize=150%2C99&amp;ssl=1 150w, https:\/\/i0.wp.com\/eltrabajo.cl\/portal\/wp-content\/uploads\/2012\/05\/Aurora-Cordero.jpg?resize=400%2C266&amp;ssl=1 400w\" sizes=\"auto, (max-width: 600px) 100vw, 600px\" \/><\/a><figcaption id=\"caption-attachment-18549\" class=\"wp-caption-text\">La Presidente de la Junta Vecinal Sue\u00f1o Dorado N\u00ba1, Aurora Cordero, mostr\u00f3 a Diario El Trabajo el Formulario de reclamo que recibi\u00f3 en Chilquinta San Felipe, el cual debe llenarlo y presentarlo al d\u00eda siguiente.<\/figcaption><\/figure>\n<p>Roberto Gonz\u00e1lez S. &#8211; <a href=\"mailto:rgonzalez@eltrabajo.cl\">rgonzalez@eltrabajo.cl<\/a><\/p>\n<p>Cansados de recibir \u2018Aspirina\u2019 por parte de Chilquinta en relaci\u00f3n a su responsabilidad de brindar soluciones a las comunidades afectadas por el temporal recientemente sufrido en Panquehue, aseguran estar m\u00e1s de 300 familias del sector de Lo Campo, en Panquehue. Al menos as\u00ed lo asegur\u00f3 a Diario El Trabajo, la Presidente de la Junta Vecinal \u2018Sue\u00f1o Dorado N\u00ba1\u2019, Aurora Cordero.<\/p>\n<p>Seg\u00fan la afectada, esta situaci\u00f3n estar\u00eda tambi\u00e9n afectando a vecinos que padecen de c\u00e1ncer y asma, adem\u00e1s de que en las noches anteriores ya se han registrado varios robos en el vecindario.<\/p>\n<p>\u201cLo que nos molesta es que Chilquinta, porque no ha hecho su esfuerzo para podernos llevar electricidad a nuestra comuna, a la gente se le ha descompuesto las carnes, tenemos a personas que padecen c\u00e1ncer y asma, ellos necesitan de la energ\u00eda y para peor, la delincuencia que nos ataca ahora que estamos m\u00e1s inseguros\u201d, explic\u00f3 Cordero.<\/p>\n<p><strong>\u201cTAMBI\u00c9N LE DIERON ASPIRINA\u201d<\/strong><\/p>\n<p>\u201cYa con dos d\u00edas sin luz sentimos un poco ca\u00f3tica la situaci\u00f3n, cuando llegu\u00e9 a Chilquinta a solicitar una soluci\u00f3n, para variar me dieron un Formulario de Presentaci\u00f3n y me dijeron que posiblemente en unos tres d\u00edas tendr\u00edamos electricidad, pero esa respuesta para m\u00ed no significa nada, porque ellos para cobrar simplemente lo hacen y no les interesan nuestras necesidades, \u00bfpor qu\u00e9 nosotros vamos a tener consideraciones con ellos?\u201d, asegur\u00f3 la l\u00edder comunal.<\/p>\n<p>El sector de Lo Campo se sumar\u00eda entonces a las regiones que a\u00fan no reciben soluci\u00f3n efectiva por parte de la empresa Chilquinta hasta el d\u00eda de hoy.<\/p>\n<p>\u201cEl Alcalde Pradenas tambi\u00e9n vino a Chilquinta y para variar a \u00e9l tambi\u00e9n le dieron \u2018Aspirina\u2019, le dijeron que instalar\u00e1n la luz, pero nada han hecho, en mi poblaci\u00f3n somos 79 familias, pero en todo Lo Campo somos como 300 familias las que estamos en esta situaci\u00f3n\u201d, indic\u00f3 Aurora Cordero a nuestro medio.<\/p>\n<p>Diario El Trabajo contact\u00f3 al Alcalde Luis Pradenas, pero inform\u00f3 que \u2018estaba en Concejo\u2019, por lo que no se refiri\u00f3 al caso en cuesti\u00f3n.<\/p>\n<p>Seg\u00fan indic\u00f3 Cordero, para la noche de este lunes (anoche), cientos de vecinos se tirar\u00edan a las calles en se\u00f1al de protesta contra el accionar de la empresa privada que suministra el servicio de electricidad.<\/p>\n","protected":false},"excerpt":{"rendered":"<p>Roberto Gonz\u00e1lez S. &#8211; rgonzalez@eltrabajo.cl Cansados de recibir \u2018Aspirina\u2019 por parte de Chilquinta en relaci\u00f3n a su responsabilidad de brindar soluciones a las comunidades afectadas por el temporal recientemente sufrido en Panquehue,&#8230;<\/p>\n","protected":false},"author":482,"featured_media":18549,"comment_status":"open","ping_status":"closed","sticky":false,"template":"","format":"standard","meta":{"advanced_seo_description":"","jetpack_seo_html_title":"","jetpack_seo_noindex":false,"_jetpack_memberships_contains_paid_content":false,"footnotes":""},"categories":[15],"tags":[],"class_list":["post-18548","post","type-post","status-publish","format-standard","has-post-thumbnail","hentry","category-comunidad"],"jetpack_featured_media_url":"https:\/\/i0.wp.com\/eltrabajo.cl\/portal\/wp-content\/uploads\/2012\/05\/Aurora-Cordero.jpg?fit=600%2C399&ssl=1","jetpack_sharing_enabled":true,"jetpack_likes_enabled":true,"jetpack-related-posts":[],"_links":{"self":[{"href":"https:\/\/eltrabajo.cl\/portal\/wp-json\/wp\/v2\/posts\/18548","targetHints":{"allow":["GET"]}}],"collection":[{"href":"https:\/\/eltrabajo.cl\/portal\/wp-json\/wp\/v2\/posts"}],"about":[{"href":"https:\/\/eltrabajo.cl\/portal\/wp-json\/wp\/v2\/types\/post"}],"author":[{"embeddable":true,"href":"https:\/\/eltrabajo.cl\/portal\/wp-json\/wp\/v2\/users\/482"}],"replies":[{"embeddable":true,"href":"https:\/\/eltrabajo.cl\/portal\/wp-json\/wp\/v2\/comments?post=18548"}],"version-history":[{"count":0,"href":"https:\/\/eltrabajo.cl\/portal\/wp-json\/wp\/v2\/posts\/18548\/revisions"}],"wp:featuredmedia":[{"embeddable":true,"href":"https:\/\/eltrabajo.cl\/portal\/wp-json\/wp\/v2\/media\/18549"}],"wp:attachment":[{"href":"https:\/\/eltrabajo.cl\/portal\/wp-json\/wp\/v2\/media?parent=18548"}],"wp:term":[{"taxonomy":"category","embeddable":true,"href":"https:\/\/eltrabajo.cl\/portal\/wp-json\/wp\/v2\/categories?post=18548"},{"taxonomy":"post_tag","embeddable":true,"href":"https:\/\/eltrabajo.cl\/portal\/wp-json\/wp\/v2\/tags?post=18548"}],"curies":[{"name":"wp","href":"https:\/\/api.w.org\/{rel}","templated":true}]}}