{"id":18552,"date":"2012-05-29T10:12:26","date_gmt":"2012-05-29T14:12:26","guid":{"rendered":"http:\/\/www.eltrabajo.cl\/portal\/?p=18552"},"modified":"2012-05-29T10:26:48","modified_gmt":"2012-05-29T14:26:48","slug":"trabajos-en-escuela-renacer-se-prolongaran-durante-toda-la-semana","status":"publish","type":"post","link":"https:\/\/eltrabajo.cl\/portal\/trabajos-en-escuela-renacer-se-prolongaran-durante-toda-la-semana\/","title":{"rendered":"Trabajos en escuela Renacer se prolongar\u00e1n durante toda la semana"},"content":{"rendered":"<figure id=\"attachment_18553\" aria-describedby=\"caption-attachment-18553\" style=\"width: 600px\" class=\"wp-caption alignnone\"><a href=\"http:\/\/www.eltrabajo.cl\/portal\/2012\/05\/trabajos-en-escuela-renacer-se-prolongaran-durante-toda-la-semana\/arbol-escuela-renacer\/\" rel=\"attachment wp-att-18553\"><img data-recalc-dims=\"1\" loading=\"lazy\" decoding=\"async\" class=\"size-full wp-image-18553\" title=\"arbol escuela renacer\" src=\"https:\/\/i0.wp.com\/www.eltrabajo.cl\/portal\/wp-content\/uploads\/2012\/05\/arbol-escuela-renacer.jpg?resize=600%2C450\" alt=\"\" width=\"600\" height=\"450\" srcset=\"https:\/\/i0.wp.com\/eltrabajo.cl\/portal\/wp-content\/uploads\/2012\/05\/arbol-escuela-renacer.jpg?w=600&amp;ssl=1 600w, https:\/\/i0.wp.com\/eltrabajo.cl\/portal\/wp-content\/uploads\/2012\/05\/arbol-escuela-renacer.jpg?resize=200%2C150&amp;ssl=1 200w, https:\/\/i0.wp.com\/eltrabajo.cl\/portal\/wp-content\/uploads\/2012\/05\/arbol-escuela-renacer.jpg?resize=300%2C225&amp;ssl=1 300w, https:\/\/i0.wp.com\/eltrabajo.cl\/portal\/wp-content\/uploads\/2012\/05\/arbol-escuela-renacer.jpg?resize=150%2C112&amp;ssl=1 150w, https:\/\/i0.wp.com\/eltrabajo.cl\/portal\/wp-content\/uploads\/2012\/05\/arbol-escuela-renacer.jpg?resize=400%2C300&amp;ssl=1 400w\" sizes=\"auto, (max-width: 600px) 100vw, 600px\" \/><\/a><figcaption id=\"caption-attachment-18553\" class=\"wp-caption-text\">Funcionarios municipales trabajaban para cortar el enorme tronco que cay\u00f3 sobre la Escuela Renacer de Putaendo.<\/figcaption><\/figure>\n<p><strong>PUTAENDO.-<\/strong> En todo un caos se ha trasformado la situaci\u00f3n que cientos de putaendinos est\u00e1n viviendo al no tener energ\u00eda el\u00e9ctrica en sus hogares despu\u00e9s de m\u00e1s 40 horas de ocurridas las emergencias, mientras que los trabajos en la Escuela Renacer de Quebrada Herrera durar\u00e1n pr\u00e1cticamente toda la semana para sacar el enorme \u00e1rbol que cay\u00f3.<\/p>\n<p>En dicho establecimiento educacional, un Eucalipto que se encontraba al interior de los terrenos del club deportivo Centro Chile se desplom\u00f3 por completo, quedando a la vista sus enormes ra\u00edces que no fueron capaces de sostener el peso del antiguo \u00e1rbol que sucumbi\u00f3 a la fuerza del viento, cayendo sobre parte de la techumbre de dicho colegio, dejando da\u00f1os de consideraci\u00f3n que a\u00fan no son evaluados.<\/p>\n<p>La ma\u00f1ana de este d\u00eda lunes funcionarios municipales trabajaban incansablemente para lograr cortar el enorme tronco apoyados por dirigentes del club deportivo Centro Chile que tambi\u00e9n sufrieron los estragos del viento con pr\u00e1cticamente todo su cierre perimetral totalmente destruido, donde solo por fortuna un enorme Acacio no cay\u00f3 sobre la zona de camarines.<\/p>\n<p><strong>Sin luz y bajao voltaje<\/strong><\/p>\n<p>El otro gran inconveniente que est\u00e1 afectando a cientos de familias de la comuna es la falta de energ\u00eda el\u00e9ctrica y la inestabilidad del voltaje en los mismos hogares, lo que ha generado la molestia, desesperaci\u00f3n y rabia de la comunidad que incluso las ha emprendido con los funcionarios municipales, lo que demuestra como la situaci\u00f3n se est\u00e1 convirtiendo en un caos y pr\u00e1cticamente insostenible.<\/p>\n<p>Algunos sectores tienen energ\u00eda solo en algunas viviendas, mientras que en otros sectores el voltaje no alcanza ni siquiera para encender una ampolleta. Los sectores que hasta esta hora a\u00fan est\u00e1n sin energ\u00eda el\u00e9ctrica o tienen inconvenientes como los antes se\u00f1alados, son Granallas, calle Mu\u00f1oz y otros sectores m\u00e1s (sectorizado); Las Coimas calle Vieja; Rinconada de Silva, Centenario y Quillotanas (sectorizado); Quebrada Herrera, La Plazuela y Las Compuertas; La Nogalada (Poblaci\u00f3n); Casa Blanca; Piguch\u00e9n; Poblaci\u00f3n Hidalgo; Los Patos; Guzmanes (sectorizado); Poblaci\u00f3n El molino (sectorizado); Poblaci\u00f3n Los Jazmines; Villa Los R\u00edos; Poblaci\u00f3n Santa Rita; (sectorizado); Sahond\u00e9 (sectorizado); Calle Brasil; Juan Rosas (sectorizado).<\/p>\n<p><strong>Patricio Gallardo M.<\/strong><\/p>\n","protected":false},"excerpt":{"rendered":"<p>PUTAENDO.- En todo un caos se ha trasformado la situaci\u00f3n que cientos de putaendinos est\u00e1n viviendo al no tener energ\u00eda el\u00e9ctrica en sus hogares despu\u00e9s de m\u00e1s 40 horas de ocurridas las&#8230;<\/p>\n","protected":false},"author":482,"featured_media":18553,"comment_status":"open","ping_status":"closed","sticky":false,"template":"","format":"standard","meta":{"advanced_seo_description":"","jetpack_seo_html_title":"","jetpack_seo_noindex":false,"_jetpack_memberships_contains_paid_content":false,"footnotes":""},"categories":[15],"tags":[],"class_list":["post-18552","post","type-post","status-publish","format-standard","has-post-thumbnail","hentry","category-comunidad"],"jetpack_featured_media_url":"https:\/\/i0.wp.com\/eltrabajo.cl\/portal\/wp-content\/uploads\/2012\/05\/arbol-escuela-renacer.jpg?fit=600%2C450&ssl=1","jetpack_sharing_enabled":true,"jetpack_likes_enabled":true,"jetpack-related-posts":[],"_links":{"self":[{"href":"https:\/\/eltrabajo.cl\/portal\/wp-json\/wp\/v2\/posts\/18552","targetHints":{"allow":["GET"]}}],"collection":[{"href":"https:\/\/eltrabajo.cl\/portal\/wp-json\/wp\/v2\/posts"}],"about":[{"href":"https:\/\/eltrabajo.cl\/portal\/wp-json\/wp\/v2\/types\/post"}],"author":[{"embeddable":true,"href":"https:\/\/eltrabajo.cl\/portal\/wp-json\/wp\/v2\/users\/482"}],"replies":[{"embeddable":true,"href":"https:\/\/eltrabajo.cl\/portal\/wp-json\/wp\/v2\/comments?post=18552"}],"version-history":[{"count":0,"href":"https:\/\/eltrabajo.cl\/portal\/wp-json\/wp\/v2\/posts\/18552\/revisions"}],"wp:featuredmedia":[{"embeddable":true,"href":"https:\/\/eltrabajo.cl\/portal\/wp-json\/wp\/v2\/media\/18553"}],"wp:attachment":[{"href":"https:\/\/eltrabajo.cl\/portal\/wp-json\/wp\/v2\/media?parent=18552"}],"wp:term":[{"taxonomy":"category","embeddable":true,"href":"https:\/\/eltrabajo.cl\/portal\/wp-json\/wp\/v2\/categories?post=18552"},{"taxonomy":"post_tag","embeddable":true,"href":"https:\/\/eltrabajo.cl\/portal\/wp-json\/wp\/v2\/tags?post=18552"}],"curies":[{"name":"wp","href":"https:\/\/api.w.org\/{rel}","templated":true}]}}