{"id":18556,"date":"2012-05-29T10:13:49","date_gmt":"2012-05-29T14:13:49","guid":{"rendered":"http:\/\/www.eltrabajo.cl\/portal\/?p=18556"},"modified":"2012-05-29T10:13:49","modified_gmt":"2012-05-29T14:13:49","slug":"cuatro-escuelas-sanfelipenas-continuaran-sin-clases-este-martes","status":"publish","type":"post","link":"https:\/\/eltrabajo.cl\/portal\/cuatro-escuelas-sanfelipenas-continuaran-sin-clases-este-martes\/","title":{"rendered":"Cuatro escuelas sanfelipe\u00f1as continuar\u00e1n sin clases este martes"},"content":{"rendered":"<figure id=\"attachment_18557\" aria-describedby=\"caption-attachment-18557\" style=\"width: 600px\" class=\"wp-caption alignnone\"><a href=\"http:\/\/www.eltrabajo.cl\/portal\/2012\/05\/cuatro-escuelas-sanfelipenas-continuaran-sin-clases-este-martes\/escolares1-3\/\" rel=\"attachment wp-att-18557\"><img data-recalc-dims=\"1\" loading=\"lazy\" decoding=\"async\" class=\"size-full wp-image-18557\" title=\"Escolares1\" src=\"https:\/\/i0.wp.com\/www.eltrabajo.cl\/portal\/wp-content\/uploads\/2012\/05\/Escolares1.jpg?resize=600%2C450\" alt=\"\" width=\"600\" height=\"450\" srcset=\"https:\/\/i0.wp.com\/eltrabajo.cl\/portal\/wp-content\/uploads\/2012\/05\/Escolares1.jpg?w=600&amp;ssl=1 600w, https:\/\/i0.wp.com\/eltrabajo.cl\/portal\/wp-content\/uploads\/2012\/05\/Escolares1.jpg?resize=200%2C150&amp;ssl=1 200w, https:\/\/i0.wp.com\/eltrabajo.cl\/portal\/wp-content\/uploads\/2012\/05\/Escolares1.jpg?resize=300%2C225&amp;ssl=1 300w, https:\/\/i0.wp.com\/eltrabajo.cl\/portal\/wp-content\/uploads\/2012\/05\/Escolares1.jpg?resize=150%2C112&amp;ssl=1 150w, https:\/\/i0.wp.com\/eltrabajo.cl\/portal\/wp-content\/uploads\/2012\/05\/Escolares1.jpg?resize=400%2C300&amp;ssl=1 400w\" sizes=\"auto, (max-width: 600px) 100vw, 600px\" \/><\/a><figcaption id=\"caption-attachment-18557\" class=\"wp-caption-text\">Estos peque\u00f1ines de la Escuela Jos\u00e9 Bernardo Su\u00e1rez en el sector de El Asiento, perder\u00e1n un valioso d\u00eda de estudios. La Daem anuncia que pronto todo volver\u00eda a la normalidad.<\/figcaption><\/figure>\n<p>En horas de la tarde de este lunes, la Direcci\u00f3n de Administraci\u00f3n de Educaci\u00f3n Municipal de San Felipe (Daem) inform\u00f3 que se mantendr\u00e1n suspendidas las clases durante la jornada de este martes 29 de mayo en la Escuela 21 de Mayo, ubicada en la localidad del mismo nombre; Escuela Jos\u00e9 Bernardo Su\u00e1rez, en el sector de El Asiento, y en la Escuela Carolina Ocampo en el sector de Bellavista.<\/p>\n<p>Seg\u00fan la Daem, la falta del servicio el\u00e9ctrico y de agua potable en esas localidades ser\u00edan la causa principal para esta determinaci\u00f3n. Tambi\u00e9n se suspenden las clases durante este martes en la Escuela Especial Sagrado Coraz\u00f3n, ubicada en la Poblaci\u00f3n Yungay de San Felipe, con motivo de trabajos de reparaci\u00f3n de los da\u00f1os provocados por el temporal.<\/p>\n<p>La suspensi\u00f3n de clases afecta solamente a los alumnos de estos establecimientos, en tanto que directivos, docentes y asistentes de educaci\u00f3n deben constituirse a la hora de siempre en su lugar de trabajo.<\/p>\n<p>El Director de la Daem de San Felipe, Jorge Sep\u00falveda G\u00f3mez, inform\u00f3 a Diario El Trabajo que en los restantes establecimientos del Sistema Municipal de la comuna, se reanudan las clases con normalidad en la jornada de este martes.<\/p>\n<p>En los establecimientos en que se mantiene la suspensi\u00f3n de clases, \u00e9stas se reanudar\u00e1n a partir del mi\u00e9rcoles 30 de mayo, toda vez que la empresa proveedora ha asegurado el pronto retorno del suministro de electricidad y por consecuencia el funcionamiento de las plantas de Agua Potable Rural.<\/p>\n","protected":false},"excerpt":{"rendered":"<p>En horas de la tarde de este lunes, la Direcci\u00f3n de Administraci\u00f3n de Educaci\u00f3n Municipal de San Felipe (Daem) inform\u00f3 que se mantendr\u00e1n suspendidas las clases durante la jornada de este martes&#8230;<\/p>\n","protected":false},"author":482,"featured_media":18557,"comment_status":"open","ping_status":"closed","sticky":false,"template":"","format":"standard","meta":{"advanced_seo_description":"","jetpack_seo_html_title":"","jetpack_seo_noindex":false,"_jetpack_memberships_contains_paid_content":false,"footnotes":""},"categories":[15],"tags":[],"class_list":["post-18556","post","type-post","status-publish","format-standard","has-post-thumbnail","hentry","category-comunidad"],"jetpack_featured_media_url":"https:\/\/i0.wp.com\/eltrabajo.cl\/portal\/wp-content\/uploads\/2012\/05\/Escolares1.jpg?fit=600%2C450&ssl=1","jetpack_sharing_enabled":true,"jetpack_likes_enabled":true,"jetpack-related-posts":[],"_links":{"self":[{"href":"https:\/\/eltrabajo.cl\/portal\/wp-json\/wp\/v2\/posts\/18556","targetHints":{"allow":["GET"]}}],"collection":[{"href":"https:\/\/eltrabajo.cl\/portal\/wp-json\/wp\/v2\/posts"}],"about":[{"href":"https:\/\/eltrabajo.cl\/portal\/wp-json\/wp\/v2\/types\/post"}],"author":[{"embeddable":true,"href":"https:\/\/eltrabajo.cl\/portal\/wp-json\/wp\/v2\/users\/482"}],"replies":[{"embeddable":true,"href":"https:\/\/eltrabajo.cl\/portal\/wp-json\/wp\/v2\/comments?post=18556"}],"version-history":[{"count":0,"href":"https:\/\/eltrabajo.cl\/portal\/wp-json\/wp\/v2\/posts\/18556\/revisions"}],"wp:featuredmedia":[{"embeddable":true,"href":"https:\/\/eltrabajo.cl\/portal\/wp-json\/wp\/v2\/media\/18557"}],"wp:attachment":[{"href":"https:\/\/eltrabajo.cl\/portal\/wp-json\/wp\/v2\/media?parent=18556"}],"wp:term":[{"taxonomy":"category","embeddable":true,"href":"https:\/\/eltrabajo.cl\/portal\/wp-json\/wp\/v2\/categories?post=18556"},{"taxonomy":"post_tag","embeddable":true,"href":"https:\/\/eltrabajo.cl\/portal\/wp-json\/wp\/v2\/tags?post=18556"}],"curies":[{"name":"wp","href":"https:\/\/api.w.org\/{rel}","templated":true}]}}