{"id":18568,"date":"2012-05-29T10:36:47","date_gmt":"2012-05-29T14:36:47","guid":{"rendered":"http:\/\/www.eltrabajo.cl\/portal\/?p=18568"},"modified":"2012-05-29T10:36:47","modified_gmt":"2012-05-29T14:36:47","slug":"destructor-temporal-colapso-servicios-de-agua-y-electricidad","status":"publish","type":"post","link":"https:\/\/eltrabajo.cl\/portal\/destructor-temporal-colapso-servicios-de-agua-y-electricidad\/","title":{"rendered":"Destructor temporal colaps\u00f3 servicios de agua y electricidad"},"content":{"rendered":"<figure id=\"attachment_18569\" aria-describedby=\"caption-attachment-18569\" style=\"width: 600px\" class=\"wp-caption alignnone\"><a href=\"http:\/\/www.eltrabajo.cl\/portal\/2012\/05\/destructor-temporal-colapso-servicios-de-agua-y-electricidad\/totales1\/\" rel=\"attachment wp-att-18569\"><img data-recalc-dims=\"1\" loading=\"lazy\" decoding=\"async\" class=\"size-full wp-image-18569\" title=\"Totales1\" src=\"https:\/\/i0.wp.com\/www.eltrabajo.cl\/portal\/wp-content\/uploads\/2012\/05\/Totales1.jpg?resize=600%2C450\" alt=\"\" width=\"600\" height=\"450\" srcset=\"https:\/\/i0.wp.com\/eltrabajo.cl\/portal\/wp-content\/uploads\/2012\/05\/Totales1.jpg?w=600&amp;ssl=1 600w, https:\/\/i0.wp.com\/eltrabajo.cl\/portal\/wp-content\/uploads\/2012\/05\/Totales1.jpg?resize=200%2C150&amp;ssl=1 200w, https:\/\/i0.wp.com\/eltrabajo.cl\/portal\/wp-content\/uploads\/2012\/05\/Totales1.jpg?resize=300%2C225&amp;ssl=1 300w, https:\/\/i0.wp.com\/eltrabajo.cl\/portal\/wp-content\/uploads\/2012\/05\/Totales1.jpg?resize=150%2C112&amp;ssl=1 150w, https:\/\/i0.wp.com\/eltrabajo.cl\/portal\/wp-content\/uploads\/2012\/05\/Totales1.jpg?resize=400%2C300&amp;ssl=1 400w\" sizes=\"auto, (max-width: 600px) 100vw, 600px\" \/><\/a><figcaption id=\"caption-attachment-18569\" class=\"wp-caption-text\">Estos escombros es lo que qued\u00f3 de una humilde vivienda en el cerro Algarrobal, uno de los vecinos, Alfonso Sol\u00eds, lo muestra a Diario El Trabajo.<\/figcaption><\/figure>\n<ul>\n<li><strong>Diario El Trabajo realiz\u00f3 un amplio recorrido por las zonas afectadas por el \u2018Sistema Frontal\u2019 que afect\u00f3 durante casi tres d\u00edas nuestras comunas. Aunque Bomberos ha repartido agua potable en algunos sectores, las juntas vecinales claman por soluciones m\u00e1s definitivas.<\/strong><\/li>\n<\/ul>\n<p>Roberto Gonz\u00e1lez Short &#8211; <a href=\"mailto:rgonzalez@eltrabajo.cl\">rgonzalez@eltrabajo.cl<\/a><\/p>\n<p>&nbsp;<\/p>\n<figure id=\"attachment_18570\" aria-describedby=\"caption-attachment-18570\" style=\"width: 300px\" class=\"wp-caption alignright\"><a href=\"http:\/\/www.eltrabajo.cl\/portal\/2012\/05\/destructor-temporal-colapso-servicios-de-agua-y-electricidad\/poste1\/\" rel=\"attachment wp-att-18570\"><img data-recalc-dims=\"1\" loading=\"lazy\" decoding=\"async\" class=\"size-medium wp-image-18570\" title=\"Poste1\" src=\"https:\/\/i0.wp.com\/www.eltrabajo.cl\/portal\/wp-content\/uploads\/2012\/05\/Poste1-300x225.jpg?resize=300%2C225\" alt=\"\" width=\"300\" height=\"225\" srcset=\"https:\/\/i0.wp.com\/eltrabajo.cl\/portal\/wp-content\/uploads\/2012\/05\/Poste1.jpg?resize=300%2C225&amp;ssl=1 300w, https:\/\/i0.wp.com\/eltrabajo.cl\/portal\/wp-content\/uploads\/2012\/05\/Poste1.jpg?resize=200%2C150&amp;ssl=1 200w, https:\/\/i0.wp.com\/eltrabajo.cl\/portal\/wp-content\/uploads\/2012\/05\/Poste1.jpg?resize=150%2C112&amp;ssl=1 150w, https:\/\/i0.wp.com\/eltrabajo.cl\/portal\/wp-content\/uploads\/2012\/05\/Poste1.jpg?resize=400%2C300&amp;ssl=1 400w, https:\/\/i0.wp.com\/eltrabajo.cl\/portal\/wp-content\/uploads\/2012\/05\/Poste1.jpg?w=600&amp;ssl=1 600w\" sizes=\"auto, (max-width: 300px) 100vw, 300px\" \/><\/a><figcaption id=\"caption-attachment-18570\" class=\"wp-caption-text\">En callej\u00f3n Los Naranjos la ca\u00edda de un viejo \u00e1rbol se encarg\u00f3 de sacar de servicio un gran trayecto del alumbrado p\u00fablico. Este da\u00f1o mantiene sin electricidad a todo Algarrobal.<\/figcaption><\/figure>\n<p>Aunque el monto econ\u00f3mico de los da\u00f1os ocasionados por el temporal del pasado fin de semana no ha sido valorado de manera oficial por las autoridades locales y regionales, Diario El Trabajo realiz\u00f3 un recorrido por algunas zonas afectadas para as\u00ed formarnos una opini\u00f3n m\u00e1s detallada sobre el impacto socio familiar que este mal clima ha generado en las poblaciones de La Troya, Hacienda Quilpu\u00e9, Algarrobal y El Asiento.<\/p>\n<p>En esta comunidad hubo da\u00f1os en algunas viviendas y ca\u00edda de ramas sobre el tendido el\u00e9ctrico, as\u00ed como deterioro en los caminos. En estas comunidades, hasta la tarde de este lunes carec\u00edan de servicios de electricidad y agua potable, en Casas Chicas de Quilpu\u00e9 esperaron por horas a que alguna entidad acudiera en su auxilio, sin que ello fuese confirmado a nuestro medio.<\/p>\n<p>&nbsp;<\/p>\n<figure id=\"attachment_18573\" aria-describedby=\"caption-attachment-18573\" style=\"width: 300px\" class=\"wp-caption alignleft\"><a href=\"http:\/\/www.eltrabajo.cl\/portal\/2012\/05\/destructor-temporal-colapso-servicios-de-agua-y-electricidad\/esperando1\/\" rel=\"attachment wp-att-18573\"><img data-recalc-dims=\"1\" loading=\"lazy\" decoding=\"async\" class=\"size-medium wp-image-18573\" title=\"Esperando1\" src=\"https:\/\/i0.wp.com\/www.eltrabajo.cl\/portal\/wp-content\/uploads\/2012\/05\/Esperando1-300x194.jpg?resize=300%2C194\" alt=\"\" width=\"300\" height=\"194\" srcset=\"https:\/\/i0.wp.com\/eltrabajo.cl\/portal\/wp-content\/uploads\/2012\/05\/Esperando1.jpg?resize=300%2C194&amp;ssl=1 300w, https:\/\/i0.wp.com\/eltrabajo.cl\/portal\/wp-content\/uploads\/2012\/05\/Esperando1.jpg?resize=200%2C129&amp;ssl=1 200w, https:\/\/i0.wp.com\/eltrabajo.cl\/portal\/wp-content\/uploads\/2012\/05\/Esperando1.jpg?resize=150%2C97&amp;ssl=1 150w, https:\/\/i0.wp.com\/eltrabajo.cl\/portal\/wp-content\/uploads\/2012\/05\/Esperando1.jpg?resize=400%2C259&amp;ssl=1 400w, https:\/\/i0.wp.com\/eltrabajo.cl\/portal\/wp-content\/uploads\/2012\/05\/Esperando1.jpg?w=600&amp;ssl=1 600w\" sizes=\"auto, (max-width: 300px) 100vw, 300px\" \/><\/a><figcaption id=\"caption-attachment-18573\" class=\"wp-caption-text\">Familias enteras en \u2018Casitas de Quilpu\u00e9\u2019 salieron a esperar que alg\u00fan cisterna les pasara a repartir agua, esperaron desde la ma\u00f1ana y al filo de las cuatro de la tarde nuestro medio confirm\u00f3 que no la hab\u00edan recibido.<\/figcaption><\/figure>\n<p>&nbsp;<\/p>\n<p>Aunque la situaci\u00f3n es ca\u00f3tica para todos estos sectores, Diario El Trabajo pudo confirmar que los fuertes vientos derribaron \u00e1rboles que a su vez arrastraron al suelo muchos postes del alumbrado p\u00fablico, situaci\u00f3n que se repiti\u00f3 en toda la provincia y que mantiene sin electricidad desde este s\u00e1bado a diferentes comunidades.<\/p>\n<p>&nbsp;<\/p>\n<p>&nbsp;<\/p>\n<p><strong>RECUENTO PRELIMINAR DE DA\u00d1OS<\/strong><\/p>\n<p>En callej\u00f3n Los Naranjos la ca\u00edda de un viejo \u00e1rbol se encarg\u00f3 de sacar de servicio un gran trayecto del alumbrado p\u00fablico, este da\u00f1o mantiene sin electricidad a todo Algarrobal. Familias enteras en \u2018Casas Chicas de Quilpu\u00e9\u2019 salieron a esperar que alg\u00fan cami\u00f3n cisterna les pasara a repartir agua, esperaron desde la ma\u00f1ana y al filo de las cuatro de la tarde, nuestro medio confirm\u00f3 que no la hab\u00edan recibido. La Unidad de Bomberos B-1 de la 1\u00aa Compa\u00f1\u00eda de San Felipe se hizo cargo de repartir agua potable en toda la periferia de San Felipe, esta operaci\u00f3n estuvo a cargo del Capit\u00e1n Luis Dom\u00ednguez.<\/p>\n<figure id=\"attachment_18572\" aria-describedby=\"caption-attachment-18572\" style=\"width: 300px\" class=\"wp-caption alignright\"><a href=\"http:\/\/www.eltrabajo.cl\/portal\/2012\/05\/destructor-temporal-colapso-servicios-de-agua-y-electricidad\/familias1-2\/\" rel=\"attachment wp-att-18572\"><img data-recalc-dims=\"1\" loading=\"lazy\" decoding=\"async\" class=\"size-medium wp-image-18572\" title=\"Familias1\" src=\"https:\/\/i0.wp.com\/www.eltrabajo.cl\/portal\/wp-content\/uploads\/2012\/05\/Familias1-300x225.jpg?resize=300%2C225\" alt=\"\" width=\"300\" height=\"225\" srcset=\"https:\/\/i0.wp.com\/eltrabajo.cl\/portal\/wp-content\/uploads\/2012\/05\/Familias1.jpg?resize=300%2C225&amp;ssl=1 300w, https:\/\/i0.wp.com\/eltrabajo.cl\/portal\/wp-content\/uploads\/2012\/05\/Familias1.jpg?resize=200%2C150&amp;ssl=1 200w, https:\/\/i0.wp.com\/eltrabajo.cl\/portal\/wp-content\/uploads\/2012\/05\/Familias1.jpg?resize=150%2C112&amp;ssl=1 150w, https:\/\/i0.wp.com\/eltrabajo.cl\/portal\/wp-content\/uploads\/2012\/05\/Familias1.jpg?resize=400%2C300&amp;ssl=1 400w, https:\/\/i0.wp.com\/eltrabajo.cl\/portal\/wp-content\/uploads\/2012\/05\/Familias1.jpg?w=600&amp;ssl=1 600w\" sizes=\"auto, (max-width: 300px) 100vw, 300px\" \/><\/a><figcaption id=\"caption-attachment-18572\" class=\"wp-caption-text\">Familias en Nuevo Algarrobal muestran a Diario El Trabajo c\u00f3mo qued\u00f3 la sala en esta vivienda, las cobijas sobre la mesa y la computadora casi destruida refleja en parte las p\u00e9rdidas individuales sufridas por los sanfelipe\u00f1os.<\/figcaption><\/figure>\n<p>\u201cEstamos completamente en apuros, sin electricidad ni agua, el poquito que Bomberos nos est\u00e1 dando apenas alcanza para unas horas, es momento de aplicar soluciones y no podemos si las autoridades no se ponen las pilas\u201d, coment\u00f3 a nuestro medio, Jos\u00e9 Henr\u00edquez, Presidente de la Junta Vecinal N\u00ba 26 de Algarrobal. Por su parte, los pobladores de Nuevo Algarrobal vieron desde lejos c\u00f3mo estos medianos tornados levantaron varias viviendas, destruyendo muchos techos a su paso.<\/p>\n<p>En uno de los cerros de esa poblaci\u00f3n, los vecinos se\u00f1alan que vieron unos remolinos o tornados que sacudieron las casitas, la vivienda del se\u00f1or Sep\u00falveda qued\u00f3 totalmente destruida, de esta forma siguen los vecinos luchando por encontrar soluciones de manera individual.<\/p>\n","protected":false},"excerpt":{"rendered":"<p>Diario El Trabajo realiz\u00f3 un amplio recorrido por las zonas afectadas por el \u2018Sistema Frontal\u2019 que afect\u00f3 durante casi tres d\u00edas nuestras comunas. Aunque Bomberos ha repartido agua potable en algunos sectores,&#8230;<\/p>\n","protected":false},"author":482,"featured_media":18569,"comment_status":"open","ping_status":"closed","sticky":false,"template":"","format":"standard","meta":{"advanced_seo_description":"","jetpack_seo_html_title":"","jetpack_seo_noindex":false,"_jetpack_memberships_contains_paid_content":false,"footnotes":""},"categories":[15],"tags":[],"class_list":["post-18568","post","type-post","status-publish","format-standard","has-post-thumbnail","hentry","category-comunidad"],"jetpack_featured_media_url":"https:\/\/i0.wp.com\/eltrabajo.cl\/portal\/wp-content\/uploads\/2012\/05\/Totales1.jpg?fit=600%2C450&ssl=1","jetpack_sharing_enabled":true,"jetpack_likes_enabled":true,"jetpack-related-posts":[],"_links":{"self":[{"href":"https:\/\/eltrabajo.cl\/portal\/wp-json\/wp\/v2\/posts\/18568","targetHints":{"allow":["GET"]}}],"collection":[{"href":"https:\/\/eltrabajo.cl\/portal\/wp-json\/wp\/v2\/posts"}],"about":[{"href":"https:\/\/eltrabajo.cl\/portal\/wp-json\/wp\/v2\/types\/post"}],"author":[{"embeddable":true,"href":"https:\/\/eltrabajo.cl\/portal\/wp-json\/wp\/v2\/users\/482"}],"replies":[{"embeddable":true,"href":"https:\/\/eltrabajo.cl\/portal\/wp-json\/wp\/v2\/comments?post=18568"}],"version-history":[{"count":0,"href":"https:\/\/eltrabajo.cl\/portal\/wp-json\/wp\/v2\/posts\/18568\/revisions"}],"wp:featuredmedia":[{"embeddable":true,"href":"https:\/\/eltrabajo.cl\/portal\/wp-json\/wp\/v2\/media\/18569"}],"wp:attachment":[{"href":"https:\/\/eltrabajo.cl\/portal\/wp-json\/wp\/v2\/media?parent=18568"}],"wp:term":[{"taxonomy":"category","embeddable":true,"href":"https:\/\/eltrabajo.cl\/portal\/wp-json\/wp\/v2\/categories?post=18568"},{"taxonomy":"post_tag","embeddable":true,"href":"https:\/\/eltrabajo.cl\/portal\/wp-json\/wp\/v2\/tags?post=18568"}],"curies":[{"name":"wp","href":"https:\/\/api.w.org\/{rel}","templated":true}]}}