{"id":18587,"date":"2012-05-30T09:48:49","date_gmt":"2012-05-30T13:48:49","guid":{"rendered":"http:\/\/www.eltrabajo.cl\/portal\/?p=18587"},"modified":"2012-05-30T09:48:49","modified_gmt":"2012-05-30T13:48:49","slug":"estudiante-gano-bicicleta-y-computadora-escribiendole-carta-al-presidente-pinera","status":"publish","type":"post","link":"https:\/\/eltrabajo.cl\/portal\/estudiante-gano-bicicleta-y-computadora-escribiendole-carta-al-presidente-pinera\/","title":{"rendered":"Estudiante gan\u00f3 bicicleta y computadora escribi\u00e9ndole carta al Presidente Pi\u00f1era"},"content":{"rendered":"<figure id=\"attachment_18588\" aria-describedby=\"caption-attachment-18588\" style=\"width: 600px\" class=\"wp-caption alignnone\"><a href=\"http:\/\/www.eltrabajo.cl\/portal\/2012\/05\/estudiante-gano-bicicleta-y-computadora-escribiendole-carta-al-presidente-pinera\/todos1-3\/\" rel=\"attachment wp-att-18588\"><img data-recalc-dims=\"1\" loading=\"lazy\" decoding=\"async\" class=\"size-full wp-image-18588\" title=\"Todos1\" src=\"https:\/\/i0.wp.com\/www.eltrabajo.cl\/portal\/wp-content\/uploads\/2012\/05\/Todos1.jpg?resize=600%2C379\" alt=\"\" width=\"600\" height=\"379\" srcset=\"https:\/\/i0.wp.com\/eltrabajo.cl\/portal\/wp-content\/uploads\/2012\/05\/Todos1.jpg?w=600&amp;ssl=1 600w, https:\/\/i0.wp.com\/eltrabajo.cl\/portal\/wp-content\/uploads\/2012\/05\/Todos1.jpg?resize=200%2C126&amp;ssl=1 200w, https:\/\/i0.wp.com\/eltrabajo.cl\/portal\/wp-content\/uploads\/2012\/05\/Todos1.jpg?resize=300%2C189&amp;ssl=1 300w, https:\/\/i0.wp.com\/eltrabajo.cl\/portal\/wp-content\/uploads\/2012\/05\/Todos1.jpg?resize=150%2C94&amp;ssl=1 150w, https:\/\/i0.wp.com\/eltrabajo.cl\/portal\/wp-content\/uploads\/2012\/05\/Todos1.jpg?resize=400%2C252&amp;ssl=1 400w\" sizes=\"auto, (max-width: 600px) 100vw, 600px\" \/><\/a><figcaption id=\"caption-attachment-18588\" class=\"wp-caption-text\">Ellos son los compa\u00f1eros de Crist\u00f3bal Pizarro, quienes apoyaron en todo momento al concursante. Al frente, el orgulloso ganador de la bicicleta, la computadora para su escuela y la admiraci\u00f3n de muchos.<\/figcaption><\/figure>\n<p>Roberto Gonz\u00e1lez Short &#8211; <a href=\"mailto:rgonzalez@eltrabajo.cl\">rgonzalez@eltrabajo.cl<\/a><\/p>\n<p>Haber escrito una carta en la que se llama a la reflexi\u00f3n sobre el Medio Ambiente al Presidente de la Rep\u00fablica, Sebasti\u00e1n Pi\u00f1era, es lo que permiti\u00f3 a un ni\u00f1o sanfelipe\u00f1o de nueve a\u00f1os, obtener el reconocimiento por su participaci\u00f3n en el Concurso OEI-Proactiva Alrededor de Iberoam\u00e9rica que llevar\u00e1 al ganador a la Cumbre de R\u00edo+20. Se trata de los estudiantes de tres escuelas chilenas de San Bernardo, San Felipe y San Vicente de Tagua Tagua.<\/p>\n<figure id=\"attachment_18589\" aria-describedby=\"caption-attachment-18589\" style=\"width: 210px\" class=\"wp-caption alignright\"><a href=\"http:\/\/www.eltrabajo.cl\/portal\/2012\/05\/estudiante-gano-bicicleta-y-computadora-escribiendole-carta-al-presidente-pinera\/cristobal1\/\" rel=\"attachment wp-att-18589\"><img data-recalc-dims=\"1\" loading=\"lazy\" decoding=\"async\" class=\"size-medium wp-image-18589 \" title=\"Crist\u00f3bal1\" src=\"https:\/\/i0.wp.com\/www.eltrabajo.cl\/portal\/wp-content\/uploads\/2012\/05\/Crist%C3%B3bal1-300x292.jpg?resize=210%2C204\" alt=\"\" width=\"210\" height=\"204\" srcset=\"https:\/\/i0.wp.com\/eltrabajo.cl\/portal\/wp-content\/uploads\/2012\/05\/Crist%C3%B3bal1.jpg?resize=300%2C292&amp;ssl=1 300w, https:\/\/i0.wp.com\/eltrabajo.cl\/portal\/wp-content\/uploads\/2012\/05\/Crist%C3%B3bal1.jpg?resize=153%2C150&amp;ssl=1 153w, https:\/\/i0.wp.com\/eltrabajo.cl\/portal\/wp-content\/uploads\/2012\/05\/Crist%C3%B3bal1.jpg?resize=150%2C146&amp;ssl=1 150w, https:\/\/i0.wp.com\/eltrabajo.cl\/portal\/wp-content\/uploads\/2012\/05\/Crist%C3%B3bal1.jpg?resize=400%2C390&amp;ssl=1 400w, https:\/\/i0.wp.com\/eltrabajo.cl\/portal\/wp-content\/uploads\/2012\/05\/Crist%C3%B3bal1.jpg?w=600&amp;ssl=1 600w\" sizes=\"auto, (max-width: 210px) 100vw, 210px\" \/><\/a><figcaption id=\"caption-attachment-18589\" class=\"wp-caption-text\">Este certificado de la Organizaci\u00f3n de Estados Iberoamericanos, confirma su participaci\u00f3n y status del tercer mejor redactor infantil de Chile.<\/figcaption><\/figure>\n<p>A los estudiantes de 3\u00b0 a 5\u00b0 a\u00f1o B\u00e1sico que participaron, el desaf\u00edo que se les plante\u00f3 era bastante complejo: escribir una carta proponiendo la ciudad en la que todos sus habitantes puedan desarrollarse en el entorno, respetando y protegiendo el Medio Ambiente.<\/p>\n<p>\u201cY en mi carta le dije al se\u00f1or Presidente Pi\u00f1era, que por favor, tenemos que cuidar a nuestros animalitos, el agua, debemos tambi\u00e9n cuidar nuestro planeta y no tenerlo tan cochino\u201d, coment\u00f3 a Diario El Trabajo Crist\u00f3bal Pizarro, ganador del tercer lugar del concurso. Para el desarrollo del concurso, se escogieron tres escuelas municipales y de la totalidad de trabajos recibidos, se preseleccionaron 40.<\/p>\n<p>El Jurado determin\u00f3 como ganador al estudiante de 5\u00b0 B\u00e1sico, \u00c1lex L\u00f3pez, de la Escuela Adriana Ar\u00e1nguiz\u00a0 de San Vicente de Tagua Tagua, destacando la profundidad en la reflexi\u00f3n\u00a0 de su propuesta. El segundo y tercer lugar recayeron en Fabi\u00e1n Vidal del Colegio Mahuida de San Bernardo, y el sanfelipe\u00f1o Crist\u00f3bal Pizarro de la Escuela Bernardo O\u00b4Higgins de San Felipe respectivamente. La premiaci\u00f3n se realiz\u00f3 en Santiago.<\/p>\n<p><strong>QUIERE SER BOMBERO<\/strong><\/p>\n<p>\u201cCuando yo sea grande quiero ser Bombero, para poder cuidar de los dem\u00e1s y ayudar tambi\u00e9n al rescate de animales cuando venga el fuego en los pastizales (\u2026). Estoy muy contento con este premio, una bicicleta nueva que me servir\u00e1 para muchas cosas y la computadora para mi escuela, tambi\u00e9n estoy contento de haber representado a mi escuela a nivel nacional\u201d, agreg\u00f3 Pizarro al ser consultado por sus aspiraciones en el futuro.<\/p>\n<figure id=\"attachment_18593\" aria-describedby=\"caption-attachment-18593\" style=\"width: 210px\" class=\"wp-caption alignleft\"><a href=\"http:\/\/www.eltrabajo.cl\/portal\/2012\/05\/estudiante-gano-bicicleta-y-computadora-escribiendole-carta-al-presidente-pinera\/director1-6\/\" rel=\"attachment wp-att-18593\"><img data-recalc-dims=\"1\" loading=\"lazy\" decoding=\"async\" class=\"size-medium wp-image-18593 \" title=\"Director1\" src=\"https:\/\/i0.wp.com\/www.eltrabajo.cl\/portal\/wp-content\/uploads\/2012\/05\/Director13-300x280.jpg?resize=210%2C196\" alt=\"\" width=\"210\" height=\"196\" srcset=\"https:\/\/i0.wp.com\/eltrabajo.cl\/portal\/wp-content\/uploads\/2012\/05\/Director13.jpg?resize=300%2C280&amp;ssl=1 300w, https:\/\/i0.wp.com\/eltrabajo.cl\/portal\/wp-content\/uploads\/2012\/05\/Director13.jpg?resize=160%2C150&amp;ssl=1 160w, https:\/\/i0.wp.com\/eltrabajo.cl\/portal\/wp-content\/uploads\/2012\/05\/Director13.jpg?resize=150%2C140&amp;ssl=1 150w, https:\/\/i0.wp.com\/eltrabajo.cl\/portal\/wp-content\/uploads\/2012\/05\/Director13.jpg?resize=400%2C373&amp;ssl=1 400w, https:\/\/i0.wp.com\/eltrabajo.cl\/portal\/wp-content\/uploads\/2012\/05\/Director13.jpg?w=600&amp;ssl=1 600w\" sizes=\"auto, (max-width: 210px) 100vw, 210px\" \/><\/a><figcaption id=\"caption-attachment-18593\" class=\"wp-caption-text\">Eduardo Saavedra Estay, Director de la Escuela Bernardo O\u00b4Higgins (E-58).<\/figcaption><\/figure>\n<p>&nbsp;<\/p>\n<p>El Director de la Escuela Bernardo O\u00b4Higgins (E-58), Eduardo Saavedra Estay, expres\u00f3 su alegr\u00eda y felicit\u00f3 al ni\u00f1o Crist\u00f3bal.<\/p>\n<p>\u201cPara nuestra escuela es muy importante la participaci\u00f3n de Crist\u00f3bal y de sus compa\u00f1eros en este honroso concurso internacional. Felicito p\u00fablicamente a Crist\u00f3bal, \u00e9l gan\u00f3 el tercer lugar a nivel de todo Chile, estas actividades se suman a otras de car\u00e1cter local, pero de igual importancia para la concientizaci\u00f3n del alumnado en materia de Educaci\u00f3n Medioambiental a lo largo de todo el a\u00f1o lectivo\u201d, explic\u00f3 el docente.<\/p>\n<p>La Escuela E-58 (1890) alberga a 387 estudiantes que son atendidos por unos 25 profesores y sostenidos por el accionar administrativo de tres directivos y ocho asistentes.<\/p>\n","protected":false},"excerpt":{"rendered":"<p>Roberto Gonz\u00e1lez Short &#8211; rgonzalez@eltrabajo.cl Haber escrito una carta en la que se llama a la reflexi\u00f3n sobre el Medio Ambiente al Presidente de la Rep\u00fablica, Sebasti\u00e1n Pi\u00f1era, es lo que permiti\u00f3&#8230;<\/p>\n","protected":false},"author":482,"featured_media":18588,"comment_status":"open","ping_status":"closed","sticky":false,"template":"","format":"standard","meta":{"advanced_seo_description":"","jetpack_seo_html_title":"","jetpack_seo_noindex":false,"_jetpack_memberships_contains_paid_content":false,"footnotes":""},"categories":[1],"tags":[],"class_list":["post-18587","post","type-post","status-publish","format-standard","has-post-thumbnail","hentry","category-cronica"],"jetpack_featured_media_url":"https:\/\/i0.wp.com\/eltrabajo.cl\/portal\/wp-content\/uploads\/2012\/05\/Todos1.jpg?fit=600%2C379&ssl=1","jetpack_sharing_enabled":true,"jetpack_likes_enabled":true,"jetpack-related-posts":[],"_links":{"self":[{"href":"https:\/\/eltrabajo.cl\/portal\/wp-json\/wp\/v2\/posts\/18587","targetHints":{"allow":["GET"]}}],"collection":[{"href":"https:\/\/eltrabajo.cl\/portal\/wp-json\/wp\/v2\/posts"}],"about":[{"href":"https:\/\/eltrabajo.cl\/portal\/wp-json\/wp\/v2\/types\/post"}],"author":[{"embeddable":true,"href":"https:\/\/eltrabajo.cl\/portal\/wp-json\/wp\/v2\/users\/482"}],"replies":[{"embeddable":true,"href":"https:\/\/eltrabajo.cl\/portal\/wp-json\/wp\/v2\/comments?post=18587"}],"version-history":[{"count":0,"href":"https:\/\/eltrabajo.cl\/portal\/wp-json\/wp\/v2\/posts\/18587\/revisions"}],"wp:featuredmedia":[{"embeddable":true,"href":"https:\/\/eltrabajo.cl\/portal\/wp-json\/wp\/v2\/media\/18588"}],"wp:attachment":[{"href":"https:\/\/eltrabajo.cl\/portal\/wp-json\/wp\/v2\/media?parent=18587"}],"wp:term":[{"taxonomy":"category","embeddable":true,"href":"https:\/\/eltrabajo.cl\/portal\/wp-json\/wp\/v2\/categories?post=18587"},{"taxonomy":"post_tag","embeddable":true,"href":"https:\/\/eltrabajo.cl\/portal\/wp-json\/wp\/v2\/tags?post=18587"}],"curies":[{"name":"wp","href":"https:\/\/api.w.org\/{rel}","templated":true}]}}