{"id":18600,"date":"2012-05-30T09:50:28","date_gmt":"2012-05-30T13:50:28","guid":{"rendered":"http:\/\/www.eltrabajo.cl\/portal\/?p=18600"},"modified":"2012-05-30T09:50:28","modified_gmt":"2012-05-30T13:50:28","slug":"programa-senda-comienza-a-realizar-trabajos-preventivos-en-panquehue","status":"publish","type":"post","link":"https:\/\/eltrabajo.cl\/portal\/programa-senda-comienza-a-realizar-trabajos-preventivos-en-panquehue\/","title":{"rendered":"Programa Senda comienza a realizar trabajos preventivos en Panquehue"},"content":{"rendered":"<figure id=\"attachment_18601\" aria-describedby=\"caption-attachment-18601\" style=\"width: 600px\" class=\"wp-caption alignnone\"><a href=\"http:\/\/www.eltrabajo.cl\/portal\/2012\/05\/programa-senda-comienza-a-realizar-trabajos-preventivos-en-panquehue\/previene-3\/\" rel=\"attachment wp-att-18601\"><img data-recalc-dims=\"1\" loading=\"lazy\" decoding=\"async\" class=\"size-full wp-image-18601\" title=\"Previene 3\" src=\"https:\/\/i0.wp.com\/www.eltrabajo.cl\/portal\/wp-content\/uploads\/2012\/05\/Previene-3.jpg?resize=600%2C450\" alt=\"\" width=\"600\" height=\"450\" srcset=\"https:\/\/i0.wp.com\/eltrabajo.cl\/portal\/wp-content\/uploads\/2012\/05\/Previene-3.jpg?w=600&amp;ssl=1 600w, https:\/\/i0.wp.com\/eltrabajo.cl\/portal\/wp-content\/uploads\/2012\/05\/Previene-3.jpg?resize=200%2C150&amp;ssl=1 200w, https:\/\/i0.wp.com\/eltrabajo.cl\/portal\/wp-content\/uploads\/2012\/05\/Previene-3.jpg?resize=300%2C225&amp;ssl=1 300w, https:\/\/i0.wp.com\/eltrabajo.cl\/portal\/wp-content\/uploads\/2012\/05\/Previene-3.jpg?resize=150%2C112&amp;ssl=1 150w, https:\/\/i0.wp.com\/eltrabajo.cl\/portal\/wp-content\/uploads\/2012\/05\/Previene-3.jpg?resize=400%2C300&amp;ssl=1 400w\" sizes=\"auto, (max-width: 600px) 100vw, 600px\" \/><\/a><figcaption id=\"caption-attachment-18601\" class=\"wp-caption-text\">Gracias a las pol\u00edticas municipales, profesores de los diferentes establecimientos educacionales estuvieron en una capacitaci\u00f3n del programa Senda.<\/figcaption><\/figure>\n<p>Con la finalidad de conocer el programa Senda, Servicio Nacional de Prevenci\u00f3n y Rehabilitaci\u00f3n de Alcohol y Drogas, 42 profesores de la comuna de Panquehue recibieron una capacitaci\u00f3n para recibir las diferentes estrategias con respecto a las orientaciones t\u00e9cnicas de la prevenci\u00f3n.<\/p>\n<p>Los docentes de la comuna se empaparon del programa en el aspecto te\u00f3rico y t\u00e9cnico para ir desarrollando acciones efectivas que favorezcan a la calidad de vida de los ni\u00f1os y ni\u00f1as de la comuna.<\/p>\n<p>\u201cPara nosotros es un honor que el alcalde de la comuna haya confiado en nosotros para hacernos cargo del trabajo preventivo. He podido conocer un porcentaje importante de docentes y creemos que son profesionales muy comprometidos con la tem\u00e1tica preventiva y efectivamente vamos a alcanzar los objetivos propuestos\u201d, expres\u00f3 Carolina P\u00e9rez, encargada de prevenci\u00f3n Conace, Regi\u00f3n de Valpara\u00edso.<\/p>\n<p>El alcalde Luis Pradenas se mostr\u00f3 contento por la llegada de una oficina Previene: \u201cPara nosotros es muy importante porque ya es una realidad y con esto vamos a favorecer la calidad de vida de nuestros ni\u00f1os y ni\u00f1as de la comuna. Queremos apoyar a las familias y comunidades para que nuestros alumnos no sufran las consecuencias del alcoholismo y las drogas\u201d.<\/p>\n<p>Tras ser anunciado en marzo por Mar\u00eda Ester Munnier, coordinadora Senda Valpara\u00edso, el programa Previene se lanzar\u00e1 este jueves a las 11:00 horas en la sala Cultural Ra\u00fal Tagle de la comuna.<\/p>\n","protected":false},"excerpt":{"rendered":"<p>Con la finalidad de conocer el programa Senda, Servicio Nacional de Prevenci\u00f3n y Rehabilitaci\u00f3n de Alcohol y Drogas, 42 profesores de la comuna de Panquehue recibieron una capacitaci\u00f3n para recibir las diferentes&#8230;<\/p>\n","protected":false},"author":482,"featured_media":18601,"comment_status":"open","ping_status":"closed","sticky":false,"template":"","format":"standard","meta":{"advanced_seo_description":"","jetpack_seo_html_title":"","jetpack_seo_noindex":false,"_jetpack_memberships_contains_paid_content":false,"footnotes":""},"categories":[1],"tags":[],"class_list":["post-18600","post","type-post","status-publish","format-standard","has-post-thumbnail","hentry","category-cronica"],"jetpack_featured_media_url":"https:\/\/i0.wp.com\/eltrabajo.cl\/portal\/wp-content\/uploads\/2012\/05\/Previene-3.jpg?fit=600%2C450&ssl=1","jetpack_sharing_enabled":true,"jetpack_likes_enabled":true,"jetpack-related-posts":[],"_links":{"self":[{"href":"https:\/\/eltrabajo.cl\/portal\/wp-json\/wp\/v2\/posts\/18600","targetHints":{"allow":["GET"]}}],"collection":[{"href":"https:\/\/eltrabajo.cl\/portal\/wp-json\/wp\/v2\/posts"}],"about":[{"href":"https:\/\/eltrabajo.cl\/portal\/wp-json\/wp\/v2\/types\/post"}],"author":[{"embeddable":true,"href":"https:\/\/eltrabajo.cl\/portal\/wp-json\/wp\/v2\/users\/482"}],"replies":[{"embeddable":true,"href":"https:\/\/eltrabajo.cl\/portal\/wp-json\/wp\/v2\/comments?post=18600"}],"version-history":[{"count":0,"href":"https:\/\/eltrabajo.cl\/portal\/wp-json\/wp\/v2\/posts\/18600\/revisions"}],"wp:featuredmedia":[{"embeddable":true,"href":"https:\/\/eltrabajo.cl\/portal\/wp-json\/wp\/v2\/media\/18601"}],"wp:attachment":[{"href":"https:\/\/eltrabajo.cl\/portal\/wp-json\/wp\/v2\/media?parent=18600"}],"wp:term":[{"taxonomy":"category","embeddable":true,"href":"https:\/\/eltrabajo.cl\/portal\/wp-json\/wp\/v2\/categories?post=18600"},{"taxonomy":"post_tag","embeddable":true,"href":"https:\/\/eltrabajo.cl\/portal\/wp-json\/wp\/v2\/tags?post=18600"}],"curies":[{"name":"wp","href":"https:\/\/api.w.org\/{rel}","templated":true}]}}