{"id":18604,"date":"2012-05-30T09:52:54","date_gmt":"2012-05-30T13:52:54","guid":{"rendered":"http:\/\/www.eltrabajo.cl\/portal\/?p=18604"},"modified":"2012-05-30T09:52:54","modified_gmt":"2012-05-30T13:52:54","slug":"capacitacion-capital-abeja-dirigida-a-mujeres","status":"publish","type":"post","link":"https:\/\/eltrabajo.cl\/portal\/capacitacion-capital-abeja-dirigida-a-mujeres\/","title":{"rendered":"Capacitaci\u00f3n Capital Abeja dirigida a mujeres"},"content":{"rendered":"<figure id=\"attachment_18605\" aria-describedby=\"caption-attachment-18605\" style=\"width: 600px\" class=\"wp-caption alignnone\"><a href=\"http:\/\/www.eltrabajo.cl\/portal\/2012\/05\/capacitacion-capital-abeja-dirigida-a-mujeres\/capital-abeja-3\/\" rel=\"attachment wp-att-18605\"><img data-recalc-dims=\"1\" loading=\"lazy\" decoding=\"async\" class=\"size-full wp-image-18605\" title=\"capital abeja (3)\" src=\"https:\/\/i0.wp.com\/www.eltrabajo.cl\/portal\/wp-content\/uploads\/2012\/05\/capital-abeja-3.jpg?resize=600%2C450\" alt=\"\" width=\"600\" height=\"450\" srcset=\"https:\/\/i0.wp.com\/eltrabajo.cl\/portal\/wp-content\/uploads\/2012\/05\/capital-abeja-3.jpg?w=600&amp;ssl=1 600w, https:\/\/i0.wp.com\/eltrabajo.cl\/portal\/wp-content\/uploads\/2012\/05\/capital-abeja-3.jpg?resize=200%2C150&amp;ssl=1 200w, https:\/\/i0.wp.com\/eltrabajo.cl\/portal\/wp-content\/uploads\/2012\/05\/capital-abeja-3.jpg?resize=300%2C225&amp;ssl=1 300w, https:\/\/i0.wp.com\/eltrabajo.cl\/portal\/wp-content\/uploads\/2012\/05\/capital-abeja-3.jpg?resize=150%2C112&amp;ssl=1 150w, https:\/\/i0.wp.com\/eltrabajo.cl\/portal\/wp-content\/uploads\/2012\/05\/capital-abeja-3.jpg?resize=400%2C300&amp;ssl=1 400w\" sizes=\"auto, (max-width: 600px) 100vw, 600px\" \/><\/a><figcaption id=\"caption-attachment-18605\" class=\"wp-caption-text\">Un importante n\u00famero de mujeres participaron en la actividad de este martes, con el objetivo de conocer la nueva iniciativa de Sercotec.<\/figcaption><\/figure>\n<p>En el Sal\u00f3n de Honor del municipio de San Felipe se realiz\u00f3 una jornada de capacitaci\u00f3n que ten\u00eda como objetivo promover el capital Abeja.<\/p>\n<p>Pensando en que las abejas son trabajadoras, tal como las mujeres, el nuevo capital Abeja est\u00e1 especialmente destinado a los proyectos que ellas presenten y es un nuevo programa de Sercotec.<\/p>\n<p>Con esta nueva iniciativa, la idea es ayudar a las mujeres, no importando la ficha de protecci\u00f3n social.<\/p>\n<p>Entre los requisitos que deben tener las mujeres que postulen al capital Abeja, es tener 18 a\u00f1os y contar con un emprendimiento.<\/p>\n<p>Ese punto est\u00e1 enfocado en dos aspectos, la l\u00ednea empresa y la l\u00ednea emprendimiento.<\/p>\n<p>La primera est\u00e1 enfocada en financiar hasta tres millones de pesos una empresa que se encuentre constituida. Mientras que la l\u00ednea emprendimiento est\u00e1 enfocada hacia todas las mujeres que tengan ganas de tener una empresa, reci\u00e9n est\u00e1n inici\u00e1ndose o no han podido formalizarse.<\/p>\n<p>\u201cPara ese grupo se financia entre 500 y un mill\u00f3n y medio, que es lo que entrega Sercotec, con un 20% de parte de la persona\u201d, se\u00f1al\u00f3 Andrea Fuentes, coordinadora de la actividad.<\/p>\n<p>Las mujeres interesadas pueden postular hasta el 16 de junio, y para m\u00e1s informaci\u00f3n este mi\u00e9rcoles, la Gobernaci\u00f3n dictar\u00e1 una charla para informar sobre el tema, la que se realizar\u00e1 en el Teatro Municipal a las 10 de la ma\u00f1ana.<\/p>\n<p>Aquellas personas que se decidan a postular, deben inscribirse por internet, luego pasan a una etapa de diagn\u00f3stico, parte del proceso donde se esboza el tema del proyecto que se quiere hacer.<\/p>\n<p>\u201cNo es necesariamente un proyecto que ya est\u00e9 sino que la idea, lo importante es que ella se haya preocupado de ver si tienen competencia o si sus productos se van a vender, porque esto es con el fin de que la persona tenga un mejor nivel de vida y pueda aumentar su capital\u201d, dijo Fuentes.<\/p>\n<p>Luego se escogen algunos proyectos, los que pasan a la siguiente etapa, donde se realiza la capacitaci\u00f3n para aprender a hacer el proyecto definitivo.<\/p>\n<p>Esos son los proyectos que postulan y de donde sale el ganador, a quien se le entregan los recursos.<\/p>\n","protected":false},"excerpt":{"rendered":"<p>En el Sal\u00f3n de Honor del municipio de San Felipe se realiz\u00f3 una jornada de capacitaci\u00f3n que ten\u00eda como objetivo promover el capital Abeja. Pensando en que las abejas son trabajadoras, tal&#8230;<\/p>\n","protected":false},"author":482,"featured_media":18605,"comment_status":"open","ping_status":"closed","sticky":false,"template":"","format":"standard","meta":{"advanced_seo_description":"","jetpack_seo_html_title":"","jetpack_seo_noindex":false,"_jetpack_memberships_contains_paid_content":false,"footnotes":""},"categories":[1],"tags":[],"class_list":["post-18604","post","type-post","status-publish","format-standard","has-post-thumbnail","hentry","category-cronica"],"jetpack_featured_media_url":"https:\/\/i0.wp.com\/eltrabajo.cl\/portal\/wp-content\/uploads\/2012\/05\/capital-abeja-3.jpg?fit=600%2C450&ssl=1","jetpack_sharing_enabled":true,"jetpack_likes_enabled":true,"jetpack-related-posts":[],"_links":{"self":[{"href":"https:\/\/eltrabajo.cl\/portal\/wp-json\/wp\/v2\/posts\/18604","targetHints":{"allow":["GET"]}}],"collection":[{"href":"https:\/\/eltrabajo.cl\/portal\/wp-json\/wp\/v2\/posts"}],"about":[{"href":"https:\/\/eltrabajo.cl\/portal\/wp-json\/wp\/v2\/types\/post"}],"author":[{"embeddable":true,"href":"https:\/\/eltrabajo.cl\/portal\/wp-json\/wp\/v2\/users\/482"}],"replies":[{"embeddable":true,"href":"https:\/\/eltrabajo.cl\/portal\/wp-json\/wp\/v2\/comments?post=18604"}],"version-history":[{"count":0,"href":"https:\/\/eltrabajo.cl\/portal\/wp-json\/wp\/v2\/posts\/18604\/revisions"}],"wp:featuredmedia":[{"embeddable":true,"href":"https:\/\/eltrabajo.cl\/portal\/wp-json\/wp\/v2\/media\/18605"}],"wp:attachment":[{"href":"https:\/\/eltrabajo.cl\/portal\/wp-json\/wp\/v2\/media?parent=18604"}],"wp:term":[{"taxonomy":"category","embeddable":true,"href":"https:\/\/eltrabajo.cl\/portal\/wp-json\/wp\/v2\/categories?post=18604"},{"taxonomy":"post_tag","embeddable":true,"href":"https:\/\/eltrabajo.cl\/portal\/wp-json\/wp\/v2\/tags?post=18604"}],"curies":[{"name":"wp","href":"https:\/\/api.w.org\/{rel}","templated":true}]}}