{"id":18617,"date":"2012-05-30T10:00:20","date_gmt":"2012-05-30T14:00:20","guid":{"rendered":"http:\/\/www.eltrabajo.cl\/portal\/?p=18617"},"modified":"2012-05-30T10:00:20","modified_gmt":"2012-05-30T14:00:20","slug":"esval-ni-chilquinta-estaban-preparados-para-enfrentar-una-emergencia","status":"publish","type":"post","link":"https:\/\/eltrabajo.cl\/portal\/esval-ni-chilquinta-estaban-preparados-para-enfrentar-una-emergencia\/","title":{"rendered":"Esval ni Chilquinta estaban preparados para enfrentar una emergencia"},"content":{"rendered":"<figure id=\"attachment_18618\" aria-describedby=\"caption-attachment-18618\" style=\"width: 300px\" class=\"wp-caption alignleft\"><a href=\"http:\/\/www.eltrabajo.cl\/portal\/2012\/05\/esval-ni-chilquinta-estaban-preparados-para-enfrentar-una-emergencia\/gobernadora-los-andes\/\" rel=\"attachment wp-att-18618\"><img data-recalc-dims=\"1\" loading=\"lazy\" decoding=\"async\" class=\"size-medium wp-image-18618\" title=\"gobernadora los andes\" src=\"https:\/\/i0.wp.com\/www.eltrabajo.cl\/portal\/wp-content\/uploads\/2012\/05\/gobernadora-los-andes-300x225.jpg?resize=300%2C225\" alt=\"\" width=\"300\" height=\"225\" srcset=\"https:\/\/i0.wp.com\/eltrabajo.cl\/portal\/wp-content\/uploads\/2012\/05\/gobernadora-los-andes.jpg?resize=300%2C225&amp;ssl=1 300w, https:\/\/i0.wp.com\/eltrabajo.cl\/portal\/wp-content\/uploads\/2012\/05\/gobernadora-los-andes.jpg?resize=200%2C150&amp;ssl=1 200w, https:\/\/i0.wp.com\/eltrabajo.cl\/portal\/wp-content\/uploads\/2012\/05\/gobernadora-los-andes.jpg?resize=150%2C112&amp;ssl=1 150w, https:\/\/i0.wp.com\/eltrabajo.cl\/portal\/wp-content\/uploads\/2012\/05\/gobernadora-los-andes.jpg?resize=400%2C300&amp;ssl=1 400w, https:\/\/i0.wp.com\/eltrabajo.cl\/portal\/wp-content\/uploads\/2012\/05\/gobernadora-los-andes.jpg?w=600&amp;ssl=1 600w\" sizes=\"auto, (max-width: 300px) 100vw, 300px\" \/><\/a><figcaption id=\"caption-attachment-18618\" class=\"wp-caption-text\">La Gobernadora Edith Quiroz critic\u00f3 la lentitud de respuesta de Esval y Chilquinta ante el corte del suministro a causa del temporal.<\/figcaption><\/figure>\n<p><strong>LOS ANDES.-<\/strong> La gobernadora provincial Edith Quiroz critic\u00f3 duramente el actuar tanto de Esval como Chilquinta por la demora en la reposici\u00f3n de los servicios de luz y agua potable que afectaron a la zona a causa del temporal de viento y lluvia del fin de semana pasado.<\/p>\n<p>\u201cEntendemos que son situaciones especiales, que hay una emergencia, pero as\u00ed como los servicios p\u00fablicos como municipios, gobernaci\u00f3n, Carabineros o Bomberos tuvieron capacidad de reacci\u00f3n, los servicios privados tambi\u00e9n debieron haberlo tenido\u201d, fustig\u00f3.<\/p>\n<p>La m\u00e1xima autoridad provincial dijo que esta emergencia dej\u00f3 de manifiesto la falta de preparaci\u00f3n de ambas empresas para enfrentar este tipo de situaciones, \u201cy por eso hemos tenido estos tiempos de espera demasiado prolongados con el consiguiente costo para la ciudadan\u00eda de Los Andes\u201d.<\/p>\n<p>Por ello, la gobernadora se\u00f1al\u00f3 que fue enviado un oficio tanto a la superintendencia de servicios sanitarios como a la de electricidad para que hagan una investigaci\u00f3n y sancionen a estas dos empresas, que por lo dem\u00e1s tiene en el monopolio de los servicios b\u00e1sicos.<\/p>\n<p>Manifest\u00f3 que la idea es que se puedan buscar indemnizaciones o compensaciones a los usuarios que se vieron afectados por la falta de estos servicios b\u00e1sicos, \u201cpor lo tanto lo que hicimos fue enviar estos oficios a las superintendencias respectivas y lo que estamos pidiendo es una reuni\u00f3n con ellos ac\u00e1 en Los Andes donde participen las juntas de vecinos.<\/p>\n<p>\u201cEs impresentable que a 48 horas de sucedido el evento a\u00fan tengamos gente sin luz y sin agua. En estos tiempos eso no deber\u00eda suceder y si bien entendemos la problem\u00e1tica en un primer momento ante la emergencia, pero hay tiempos adecuados para solucionar los problemas\u201d, afirm\u00f3 la gobernadora.<\/p>\n<p>Record\u00f3 que si bien siempre hacen participar a estas empresas en las reuniones del comit\u00e9 provincial de emergencias, \u201cahora nos hemos dado cuenta de sus planes de emergencia son insuficientes y deben prepararse a\u00fan m\u00e1s porque sus tiempos de respuesta han sido demasiado extensos\u201d.<\/p>\n","protected":false},"excerpt":{"rendered":"<p>LOS ANDES.- La gobernadora provincial Edith Quiroz critic\u00f3 duramente el actuar tanto de Esval como Chilquinta por la demora en la reposici\u00f3n de los servicios de luz y agua potable que afectaron&#8230;<\/p>\n","protected":false},"author":482,"featured_media":18618,"comment_status":"open","ping_status":"closed","sticky":false,"template":"","format":"standard","meta":{"advanced_seo_description":"","jetpack_seo_html_title":"","jetpack_seo_noindex":false,"_jetpack_memberships_contains_paid_content":false,"footnotes":""},"categories":[1],"tags":[],"class_list":["post-18617","post","type-post","status-publish","format-standard","has-post-thumbnail","hentry","category-cronica"],"jetpack_featured_media_url":"https:\/\/i0.wp.com\/eltrabajo.cl\/portal\/wp-content\/uploads\/2012\/05\/gobernadora-los-andes.jpg?fit=600%2C450&ssl=1","jetpack_sharing_enabled":true,"jetpack_likes_enabled":true,"jetpack-related-posts":[],"_links":{"self":[{"href":"https:\/\/eltrabajo.cl\/portal\/wp-json\/wp\/v2\/posts\/18617","targetHints":{"allow":["GET"]}}],"collection":[{"href":"https:\/\/eltrabajo.cl\/portal\/wp-json\/wp\/v2\/posts"}],"about":[{"href":"https:\/\/eltrabajo.cl\/portal\/wp-json\/wp\/v2\/types\/post"}],"author":[{"embeddable":true,"href":"https:\/\/eltrabajo.cl\/portal\/wp-json\/wp\/v2\/users\/482"}],"replies":[{"embeddable":true,"href":"https:\/\/eltrabajo.cl\/portal\/wp-json\/wp\/v2\/comments?post=18617"}],"version-history":[{"count":0,"href":"https:\/\/eltrabajo.cl\/portal\/wp-json\/wp\/v2\/posts\/18617\/revisions"}],"wp:featuredmedia":[{"embeddable":true,"href":"https:\/\/eltrabajo.cl\/portal\/wp-json\/wp\/v2\/media\/18618"}],"wp:attachment":[{"href":"https:\/\/eltrabajo.cl\/portal\/wp-json\/wp\/v2\/media?parent=18617"}],"wp:term":[{"taxonomy":"category","embeddable":true,"href":"https:\/\/eltrabajo.cl\/portal\/wp-json\/wp\/v2\/categories?post=18617"},{"taxonomy":"post_tag","embeddable":true,"href":"https:\/\/eltrabajo.cl\/portal\/wp-json\/wp\/v2\/tags?post=18617"}],"curies":[{"name":"wp","href":"https:\/\/api.w.org\/{rel}","templated":true}]}}