{"id":18621,"date":"2012-05-30T10:02:44","date_gmt":"2012-05-30T14:02:44","guid":{"rendered":"http:\/\/www.eltrabajo.cl\/portal\/?p=18621"},"modified":"2012-05-30T10:02:44","modified_gmt":"2012-05-30T14:02:44","slug":"alcalde-de-santa-maria-contrato-empresa-externa-para-solucionar-cortes-de-luz","status":"publish","type":"post","link":"https:\/\/eltrabajo.cl\/portal\/alcalde-de-santa-maria-contrato-empresa-externa-para-solucionar-cortes-de-luz\/","title":{"rendered":"Alcalde de Santa Mar\u00eda contrat\u00f3 empresa externa para solucionar cortes de luz"},"content":{"rendered":"<p>&nbsp;<\/p>\n<figure id=\"attachment_18623\" aria-describedby=\"caption-attachment-18623\" style=\"width: 300px\" class=\"wp-caption alignleft\"><a href=\"http:\/\/www.eltrabajo.cl\/portal\/2012\/05\/alcalde-de-santa-maria-contrato-empresa-externa-para-solucionar-cortes-de-luz\/claudio-zurita-4\/\" rel=\"attachment wp-att-18623\"><img data-recalc-dims=\"1\" loading=\"lazy\" decoding=\"async\" class=\"size-medium wp-image-18623\" title=\"Claudio Zurita\" src=\"https:\/\/i0.wp.com\/www.eltrabajo.cl\/portal\/wp-content\/uploads\/2012\/05\/Claudio-Zurita1-300x278.jpg?resize=300%2C278\" alt=\"\" width=\"300\" height=\"278\" srcset=\"https:\/\/i0.wp.com\/eltrabajo.cl\/portal\/wp-content\/uploads\/2012\/05\/Claudio-Zurita1.jpg?resize=300%2C278&amp;ssl=1 300w, https:\/\/i0.wp.com\/eltrabajo.cl\/portal\/wp-content\/uploads\/2012\/05\/Claudio-Zurita1.jpg?resize=161%2C150&amp;ssl=1 161w, https:\/\/i0.wp.com\/eltrabajo.cl\/portal\/wp-content\/uploads\/2012\/05\/Claudio-Zurita1.jpg?resize=150%2C139&amp;ssl=1 150w, https:\/\/i0.wp.com\/eltrabajo.cl\/portal\/wp-content\/uploads\/2012\/05\/Claudio-Zurita1.jpg?resize=400%2C371&amp;ssl=1 400w, https:\/\/i0.wp.com\/eltrabajo.cl\/portal\/wp-content\/uploads\/2012\/05\/Claudio-Zurita1.jpg?w=600&amp;ssl=1 600w\" sizes=\"auto, (max-width: 300px) 100vw, 300px\" \/><\/a><figcaption id=\"caption-attachment-18623\" class=\"wp-caption-text\">El alcalde Claudio Zurita se\u00f1al\u00f3 que ahora ver\u00e1n con abogados el camino a seguir.<\/figcaption><\/figure>\n<p>En horas de la tarde, la Municipalidad de Santa Mar\u00eda inform\u00f3 que la totalidad de la comuna se encontraba con el suministro restablecido en un 100%. Sin duda no se trat\u00f3 de una situaci\u00f3n sencilla, ya que \u00e9ste fue uno de los sectores m\u00e1s afectados y donde m\u00e1s problemas registr\u00f3 Chilquinta.<\/p>\n<p>De hecho el alcalde Claudio Zurita se vio en la obligaci\u00f3n de contratar una empresa externa para lograr una soluci\u00f3n para un gran n\u00famero de vecinos que llevaban m\u00e1s de dos d\u00edas sin energ\u00eda el\u00e9ctrica.<\/p>\n<p>\u201cLe met\u00ed mano al sistema el\u00e9ctrico, con todo el riesgo que eso significa y le di luz a unas 300 familias y hoy d\u00eda fue Chilquinta a trabajar y creo que al medio d\u00eda vamos estar terminando; fuimos de los m\u00e1s afectados, pero estamos reaccionando fuerte, a lo mejor comet\u00ed una falta, pero le metimos mano a los trabajos y solucionamos muchos sectores\u201d.<\/p>\n<p>El jefe comunal calific\u00f3 como insuficiente el plan de contingencia que adopt\u00f3 Chilquinta durante la emergencia, lo que signific\u00f3 el colapso de la empresa ante el temporal de viento, se\u00f1al\u00f3.<\/p>\n<p>\u201cColaps\u00f3 y si ten\u00edan 30 veh\u00edculos, necesitaban 40, la gente de Santa Mar\u00eda dec\u00eda que nos cobren un poquito m\u00e1s caro por un mes, pero que nos d\u00e9 soluci\u00f3n, creo que no aprendimos la lecci\u00f3n, hubo un terremoto hace dos a\u00f1os, y Chilquinta nuevamente se prepar\u00f3 pero no fue suficiente y la gente que pone la cara, el Alcalde, el Concejal, y la gente no entendi\u00f3 y nosotros nos vimos en la obligaci\u00f3n anoche (lunes) de contratar una empresa externa\u201d, dijo Zurita.<\/p>\n<p>El jefe comunal adem\u00e1s se\u00f1al\u00f3 que ver\u00e1n con el abogado del municipio el camino a seguir para apoyar a las personas que perdieron sus alimentos, especialmente en los negocios de la comuna, que se vieron sumamente afectados con el corte de energ\u00eda.<\/p>\n","protected":false},"excerpt":{"rendered":"<p>&nbsp; En horas de la tarde, la Municipalidad de Santa Mar\u00eda inform\u00f3 que la totalidad de la comuna se encontraba con el suministro restablecido en un 100%. Sin duda no se trat\u00f3&#8230;<\/p>\n","protected":false},"author":482,"featured_media":18623,"comment_status":"open","ping_status":"closed","sticky":false,"template":"","format":"standard","meta":{"advanced_seo_description":"","jetpack_seo_html_title":"","jetpack_seo_noindex":false,"_jetpack_memberships_contains_paid_content":false,"footnotes":""},"categories":[1],"tags":[],"class_list":["post-18621","post","type-post","status-publish","format-standard","has-post-thumbnail","hentry","category-cronica"],"jetpack_featured_media_url":"https:\/\/i0.wp.com\/eltrabajo.cl\/portal\/wp-content\/uploads\/2012\/05\/Claudio-Zurita1.jpg?fit=600%2C557&ssl=1","jetpack_sharing_enabled":true,"jetpack_likes_enabled":true,"jetpack-related-posts":[],"_links":{"self":[{"href":"https:\/\/eltrabajo.cl\/portal\/wp-json\/wp\/v2\/posts\/18621","targetHints":{"allow":["GET"]}}],"collection":[{"href":"https:\/\/eltrabajo.cl\/portal\/wp-json\/wp\/v2\/posts"}],"about":[{"href":"https:\/\/eltrabajo.cl\/portal\/wp-json\/wp\/v2\/types\/post"}],"author":[{"embeddable":true,"href":"https:\/\/eltrabajo.cl\/portal\/wp-json\/wp\/v2\/users\/482"}],"replies":[{"embeddable":true,"href":"https:\/\/eltrabajo.cl\/portal\/wp-json\/wp\/v2\/comments?post=18621"}],"version-history":[{"count":0,"href":"https:\/\/eltrabajo.cl\/portal\/wp-json\/wp\/v2\/posts\/18621\/revisions"}],"wp:featuredmedia":[{"embeddable":true,"href":"https:\/\/eltrabajo.cl\/portal\/wp-json\/wp\/v2\/media\/18623"}],"wp:attachment":[{"href":"https:\/\/eltrabajo.cl\/portal\/wp-json\/wp\/v2\/media?parent=18621"}],"wp:term":[{"taxonomy":"category","embeddable":true,"href":"https:\/\/eltrabajo.cl\/portal\/wp-json\/wp\/v2\/categories?post=18621"},{"taxonomy":"post_tag","embeddable":true,"href":"https:\/\/eltrabajo.cl\/portal\/wp-json\/wp\/v2\/tags?post=18621"}],"curies":[{"name":"wp","href":"https:\/\/api.w.org\/{rel}","templated":true}]}}