{"id":18627,"date":"2012-05-30T10:05:32","date_gmt":"2012-05-30T14:05:32","guid":{"rendered":"http:\/\/www.eltrabajo.cl\/portal\/?p=18627"},"modified":"2012-05-30T10:05:32","modified_gmt":"2012-05-30T14:05:32","slug":"chilquinta-reconoce-que-se-vio-sobrepasada-por-sistema-frontal-que-afecto-a-la-zona","status":"publish","type":"post","link":"https:\/\/eltrabajo.cl\/portal\/chilquinta-reconoce-que-se-vio-sobrepasada-por-sistema-frontal-que-afecto-a-la-zona\/","title":{"rendered":"Chilquinta reconoce que se vio sobrepasada por sistema frontal que afect\u00f3 a la zona"},"content":{"rendered":"<figure id=\"attachment_18628\" aria-describedby=\"caption-attachment-18628\" style=\"width: 300px\" class=\"wp-caption alignleft\"><a href=\"http:\/\/www.eltrabajo.cl\/portal\/2012\/05\/chilquinta-reconoce-que-se-vio-sobrepasada-por-sistema-frontal-que-afecto-a-la-zona\/hector-bustos-1\/\" rel=\"attachment wp-att-18628\"><img data-recalc-dims=\"1\" loading=\"lazy\" decoding=\"async\" class=\"size-medium wp-image-18628\" title=\"hector bustos (1)\" src=\"https:\/\/i0.wp.com\/www.eltrabajo.cl\/portal\/wp-content\/uploads\/2012\/05\/hector-bustos-1-300x225.jpg?resize=300%2C225\" alt=\"\" width=\"300\" height=\"225\" srcset=\"https:\/\/i0.wp.com\/eltrabajo.cl\/portal\/wp-content\/uploads\/2012\/05\/hector-bustos-1.jpg?resize=300%2C225&amp;ssl=1 300w, https:\/\/i0.wp.com\/eltrabajo.cl\/portal\/wp-content\/uploads\/2012\/05\/hector-bustos-1.jpg?resize=200%2C150&amp;ssl=1 200w, https:\/\/i0.wp.com\/eltrabajo.cl\/portal\/wp-content\/uploads\/2012\/05\/hector-bustos-1.jpg?resize=150%2C112&amp;ssl=1 150w, https:\/\/i0.wp.com\/eltrabajo.cl\/portal\/wp-content\/uploads\/2012\/05\/hector-bustos-1.jpg?resize=400%2C300&amp;ssl=1 400w, https:\/\/i0.wp.com\/eltrabajo.cl\/portal\/wp-content\/uploads\/2012\/05\/hector-bustos-1.jpg?w=600&amp;ssl=1 600w\" sizes=\"auto, (max-width: 300px) 100vw, 300px\" \/><\/a><figcaption id=\"caption-attachment-18628\" class=\"wp-caption-text\">El gerente de Servicio al Cliente de Chilquinta, H\u00e9ctor Bustos, se\u00f1al\u00f3 que los postes y cables cayeron por la cantidad de \u00e1rboles que se encuentran en la v\u00eda p\u00fablica, muchos de los cuales ser\u00edan plantados por los vecinos seg\u00fan su apreciaci\u00f3n.<\/figcaption><\/figure>\n<ul>\n<li><strong>Aseguraron que ayer martes quedar\u00eda pr\u00e1cticamente el cien por ciento de los clientes con suministro de energ\u00eda, salvo casos individuales que se pudieran presentar.<\/strong><\/li>\n<\/ul>\n<p>La cantidad de \u00e1rboles y letreros que cayeron a los cables el\u00e9ctricos a causa del temporal de viento que se sinti\u00f3 el s\u00e1bado pasado, fue mucho mayor de lo que la empresa Chilquinta hab\u00eda presupuestado respecto del sistema frontal que azot\u00f3 la zona. Esa fue la respuesta que entreg\u00f3 H\u00e9ctor Bustos, Gerente de Atenci\u00f3n al cliente de la empresa el\u00e9ctrica, por la demora que han tenido que aguantar los clientes de la provincia para que les sea restituido el suministro de energ\u00eda.<\/p>\n<p>Seg\u00fan se\u00f1al\u00f3 Bustos, desde el mismo s\u00e1bado y durante el domingo la empresa sac\u00f3 a la calle todas las cuadrillas que ten\u00edan disponibles para restituir el suministro el\u00e9ctrico, es decir 33 m\u00f3viles, los que estaban compuestos con grupos entre dos y seis trabajadores por cada una.<\/p>\n<p>Ese d\u00eda la empresa envi\u00f3 a la calle 8 m\u00f3viles m\u00e1s especializados y 16 m\u00f3viles llamados livianos, equipos que se multiplicaron por 3 el d\u00eda domingo. Seg\u00fan explic\u00f3 el Gerente. Esos son los recursos con que cuenta la empresa en condiciones normales, por lo que en esta situaci\u00f3n debieron llamar a m\u00e1s equipos desde otros sectores de la regi\u00f3n.<\/p>\n<p>\u201cTenemos un plan de contingencia que oper\u00f3 en toda la regi\u00f3n, la verdad que la situaci\u00f3n de San Felipe fue una situaci\u00f3n que tambi\u00e9n existi\u00f3 en otras zonas, se atendi\u00f3 en todos los lados con el m\u00e1ximo de recursos, nosotros estamos en alerta roja desde el d\u00eda s\u00e1bado a primera hora, con todos los recursos disponibles nuestros de contratistas, incluso se contrat\u00f3 personal adicional, porque sab\u00edamos la cantidad de operaciones que deb\u00edan haber y la verdad de las cosas que la cantidad de puntos de fallas ac\u00e1 fueron mucho m\u00e1s de lo que nosotros pensamos\u201d.<\/p>\n<p>Bustos dijo adem\u00e1s que los postes no se cayeron por el viento ni por el temporal, sino que por los \u00e1rboles que se encuentran en la v\u00eda p\u00fablica, muchos de los cuales ser\u00edan responsabilidad de los vecinos, seg\u00fan su apreciaci\u00f3n.<\/p>\n<p>\u201cSe est\u00e1 haciendo un plan de poda, pero hay ciertos \u00e1rboles que nosotros no tenemos la posibilidad de cortarlos, porque son \u00e1rboles de personas particulares, esos \u00e1rboles se proyectaron sobre la l\u00ednea y cortaron las redes, esa es la situaci\u00f3n que en la pr\u00e1ctica ocurri\u00f3. Todos los recursos que existen los tomamos, los recursos externos los tomamos para apoyar, pero la cantidad de puntos de fallas y el viento que hubo en San Felipe super\u00f3 las condiciones normales\u201d.<\/p>\n<p>El Gerente se\u00f1al\u00f3 incluso que la situaci\u00f3n ocurrida el fin de semana pasado gener\u00f3 m\u00e1s da\u00f1o del producido por el terremoto del 27 de febrero del 2010, donde una vez m\u00e1s los clientes debieron soportar por varios d\u00edas no contar con suministro el\u00e9ctrico.<\/p>\n<p>Y tal como hab\u00edan anunciado el d\u00eda lunes desde la empresa, Bustos se\u00f1al\u00f3 que la energ\u00eda estar\u00eda restablecida este martes para todos los clientes de la provincia, y una vez m\u00e1s record\u00f3 que la cantidad de puntos de fallas fueron mayores de los que se pensaron.<\/p>\n<p>\u201cSi hay situaciones puntuales, son situaciones puntuales domiciliarias que podr\u00edan a lo mejor no alcanzar a resolverse hoy d\u00eda (martes), pero todo lo que es masivo deber\u00eda quedar resuelto\u201d.<\/p>\n<p>Consultados por los reclamos de la comunidad al se\u00f1alar que cuando un cliente se atrasa en el pago de su cuenta, de inmediato se le corta la luz, pero en este caso se les pide paciencia para contar nuevamente con suministro el\u00e9ctrico, Bustos dijo que esta no es una situaci\u00f3n que se haya producido solamente en San Felipe y que la empresa cont\u00f3 con todos los recursos a los que pudo acceder.<\/p>\n","protected":false},"excerpt":{"rendered":"<p>Aseguraron que ayer martes quedar\u00eda pr\u00e1cticamente el cien por ciento de los clientes con suministro de energ\u00eda, salvo casos individuales que se pudieran presentar. La cantidad de \u00e1rboles y letreros que cayeron&#8230;<\/p>\n","protected":false},"author":482,"featured_media":18628,"comment_status":"open","ping_status":"closed","sticky":false,"template":"","format":"standard","meta":{"advanced_seo_description":"","jetpack_seo_html_title":"","jetpack_seo_noindex":false,"_jetpack_memberships_contains_paid_content":false,"footnotes":""},"categories":[1],"tags":[],"class_list":["post-18627","post","type-post","status-publish","format-standard","has-post-thumbnail","hentry","category-cronica"],"jetpack_featured_media_url":"https:\/\/i0.wp.com\/eltrabajo.cl\/portal\/wp-content\/uploads\/2012\/05\/hector-bustos-1.jpg?fit=600%2C451&ssl=1","jetpack_sharing_enabled":true,"jetpack_likes_enabled":true,"jetpack-related-posts":[],"_links":{"self":[{"href":"https:\/\/eltrabajo.cl\/portal\/wp-json\/wp\/v2\/posts\/18627","targetHints":{"allow":["GET"]}}],"collection":[{"href":"https:\/\/eltrabajo.cl\/portal\/wp-json\/wp\/v2\/posts"}],"about":[{"href":"https:\/\/eltrabajo.cl\/portal\/wp-json\/wp\/v2\/types\/post"}],"author":[{"embeddable":true,"href":"https:\/\/eltrabajo.cl\/portal\/wp-json\/wp\/v2\/users\/482"}],"replies":[{"embeddable":true,"href":"https:\/\/eltrabajo.cl\/portal\/wp-json\/wp\/v2\/comments?post=18627"}],"version-history":[{"count":0,"href":"https:\/\/eltrabajo.cl\/portal\/wp-json\/wp\/v2\/posts\/18627\/revisions"}],"wp:featuredmedia":[{"embeddable":true,"href":"https:\/\/eltrabajo.cl\/portal\/wp-json\/wp\/v2\/media\/18628"}],"wp:attachment":[{"href":"https:\/\/eltrabajo.cl\/portal\/wp-json\/wp\/v2\/media?parent=18627"}],"wp:term":[{"taxonomy":"category","embeddable":true,"href":"https:\/\/eltrabajo.cl\/portal\/wp-json\/wp\/v2\/categories?post=18627"},{"taxonomy":"post_tag","embeddable":true,"href":"https:\/\/eltrabajo.cl\/portal\/wp-json\/wp\/v2\/tags?post=18627"}],"curies":[{"name":"wp","href":"https:\/\/api.w.org\/{rel}","templated":true}]}}