{"id":18631,"date":"2012-05-30T10:07:16","date_gmt":"2012-05-30T14:07:16","guid":{"rendered":"http:\/\/www.eltrabajo.cl\/portal\/?p=18631"},"modified":"2012-05-30T10:07:16","modified_gmt":"2012-05-30T14:07:16","slug":"pediran-a-la-sec-que-investigue-lentitud-en-reposicion-de-energia","status":"publish","type":"post","link":"https:\/\/eltrabajo.cl\/portal\/pediran-a-la-sec-que-investigue-lentitud-en-reposicion-de-energia\/","title":{"rendered":"Pedir\u00e1n a la SEC que investigue lentitud en reposici\u00f3n de energ\u00eda"},"content":{"rendered":"<figure id=\"attachment_18632\" aria-describedby=\"caption-attachment-18632\" style=\"width: 600px\" class=\"wp-caption alignnone\"><a href=\"http:\/\/www.eltrabajo.cl\/portal\/2012\/05\/pediran-a-la-sec-que-investigue-lentitud-en-reposicion-de-energia\/reunion-autoridades-chilquinta-1\/\" rel=\"attachment wp-att-18632\"><img data-recalc-dims=\"1\" loading=\"lazy\" decoding=\"async\" class=\"size-full wp-image-18632\" title=\"reunion autoridades chilquinta (1)\" src=\"https:\/\/i0.wp.com\/www.eltrabajo.cl\/portal\/wp-content\/uploads\/2012\/05\/reunion-autoridades-chilquinta-1.jpg?resize=600%2C450\" alt=\"\" width=\"600\" height=\"450\" srcset=\"https:\/\/i0.wp.com\/eltrabajo.cl\/portal\/wp-content\/uploads\/2012\/05\/reunion-autoridades-chilquinta-1.jpg?w=600&amp;ssl=1 600w, https:\/\/i0.wp.com\/eltrabajo.cl\/portal\/wp-content\/uploads\/2012\/05\/reunion-autoridades-chilquinta-1.jpg?resize=200%2C150&amp;ssl=1 200w, https:\/\/i0.wp.com\/eltrabajo.cl\/portal\/wp-content\/uploads\/2012\/05\/reunion-autoridades-chilquinta-1.jpg?resize=300%2C225&amp;ssl=1 300w, https:\/\/i0.wp.com\/eltrabajo.cl\/portal\/wp-content\/uploads\/2012\/05\/reunion-autoridades-chilquinta-1.jpg?resize=150%2C112&amp;ssl=1 150w, https:\/\/i0.wp.com\/eltrabajo.cl\/portal\/wp-content\/uploads\/2012\/05\/reunion-autoridades-chilquinta-1.jpg?resize=400%2C300&amp;ssl=1 400w\" sizes=\"auto, (max-width: 600px) 100vw, 600px\" \/><\/a><figcaption id=\"caption-attachment-18632\" class=\"wp-caption-text\">Las autoridades se reunieron con los ejecutivos de Chilquinta, con el objetivo de plantearle las inquietudes de cada comuna.<\/figcaption><\/figure>\n<p>Una presentaci\u00f3n a la Superintendencia de Electricidad y Combustibles realizar\u00e1n las autoridades de la provincia, encabezadas por la Gobernadora Patricia Boffa, debido a la lentitud en la respuesta de la empresa Chilquinta hacia los clientes que quedaron sin suministro el\u00e9ctrico luego del temporal que se sinti\u00f3 en el valle de Aconcagua durante la tarde del s\u00e1bado.<\/p>\n<p>La decisi\u00f3n fue tomada luego de una reuni\u00f3n que sostuvo la Gobernadora con los alcaldes de la provincia y los representantes de la empresa el\u00e9ctrica, la que se realiz\u00f3 en horas de la ma\u00f1ana de este martes y que signific\u00f3 una instancia para que las autoridades plantearan sus inquietudes a los representantes de la empresa.<\/p>\n<p>Adem\u00e1s la autoridad provincial inform\u00f3 que envi\u00f3 los antecedentes de la reuni\u00f3n al intendente Ra\u00fal Celis, para que tambi\u00e9n se analice la situaci\u00f3n a nivel de la regi\u00f3n.<\/p>\n<p>Por su parte, la empresa Chilquinta le inform\u00f3 a la Gobernadora Boffa que tras el temporal, se activ\u00f3 un plan de contingencia y respuesta y que de los 12 mil clientes afectados en la provincia, a las nueve de la ma\u00f1ana de ayer estaban en calidad de pendientes 4.484, que representan un 10 por ciento.<\/p>\n<p>El compromiso de la empresa distribuidora es responder casi el 99 por ciento este martes, advirtiendo que pueden quedar algunos hogares sin energ\u00eda, para lo cual se solicitara que sean ellos mismo quienes alerten a la empresa a trav\u00e9s de su call center.<\/p>\n<p>Boffa se\u00f1al\u00f3 adem\u00e1s que las autoridades le entregaron un plazo a la empresa el\u00e9ctrica para que reponga el suministro el\u00e9ctrico en las zonas que a\u00fan se encuentran sin servicio, d\u00e1ndole prioridad a los sectores que cuentan con APR, donde la situaci\u00f3n se vuelve m\u00e1s compleja.<\/p>\n","protected":false},"excerpt":{"rendered":"<p>Una presentaci\u00f3n a la Superintendencia de Electricidad y Combustibles realizar\u00e1n las autoridades de la provincia, encabezadas por la Gobernadora Patricia Boffa, debido a la lentitud en la respuesta de la empresa Chilquinta&#8230;<\/p>\n","protected":false},"author":482,"featured_media":18632,"comment_status":"open","ping_status":"closed","sticky":false,"template":"","format":"standard","meta":{"advanced_seo_description":"","jetpack_seo_html_title":"","jetpack_seo_noindex":false,"_jetpack_memberships_contains_paid_content":false,"footnotes":""},"categories":[1],"tags":[],"class_list":["post-18631","post","type-post","status-publish","format-standard","has-post-thumbnail","hentry","category-cronica"],"jetpack_featured_media_url":"https:\/\/i0.wp.com\/eltrabajo.cl\/portal\/wp-content\/uploads\/2012\/05\/reunion-autoridades-chilquinta-1.jpg?fit=600%2C450&ssl=1","jetpack_sharing_enabled":true,"jetpack_likes_enabled":true,"jetpack-related-posts":[],"_links":{"self":[{"href":"https:\/\/eltrabajo.cl\/portal\/wp-json\/wp\/v2\/posts\/18631","targetHints":{"allow":["GET"]}}],"collection":[{"href":"https:\/\/eltrabajo.cl\/portal\/wp-json\/wp\/v2\/posts"}],"about":[{"href":"https:\/\/eltrabajo.cl\/portal\/wp-json\/wp\/v2\/types\/post"}],"author":[{"embeddable":true,"href":"https:\/\/eltrabajo.cl\/portal\/wp-json\/wp\/v2\/users\/482"}],"replies":[{"embeddable":true,"href":"https:\/\/eltrabajo.cl\/portal\/wp-json\/wp\/v2\/comments?post=18631"}],"version-history":[{"count":0,"href":"https:\/\/eltrabajo.cl\/portal\/wp-json\/wp\/v2\/posts\/18631\/revisions"}],"wp:featuredmedia":[{"embeddable":true,"href":"https:\/\/eltrabajo.cl\/portal\/wp-json\/wp\/v2\/media\/18632"}],"wp:attachment":[{"href":"https:\/\/eltrabajo.cl\/portal\/wp-json\/wp\/v2\/media?parent=18631"}],"wp:term":[{"taxonomy":"category","embeddable":true,"href":"https:\/\/eltrabajo.cl\/portal\/wp-json\/wp\/v2\/categories?post=18631"},{"taxonomy":"post_tag","embeddable":true,"href":"https:\/\/eltrabajo.cl\/portal\/wp-json\/wp\/v2\/tags?post=18631"}],"curies":[{"name":"wp","href":"https:\/\/api.w.org\/{rel}","templated":true}]}}