{"id":18635,"date":"2012-05-30T10:13:01","date_gmt":"2012-05-30T14:13:01","guid":{"rendered":"http:\/\/www.eltrabajo.cl\/portal\/?p=18635"},"modified":"2012-05-31T09:01:45","modified_gmt":"2012-05-31T13:01:45","slug":"vecinos-afectados-por-corte-de-energia-protestaron-frente-a-la-gobernacion","status":"publish","type":"post","link":"https:\/\/eltrabajo.cl\/portal\/vecinos-afectados-por-corte-de-energia-protestaron-frente-a-la-gobernacion\/","title":{"rendered":"Vecinos afectados por corte de energ\u00eda protestaron frente a la Gobernaci\u00f3n"},"content":{"rendered":"<figure id=\"attachment_18652\" aria-describedby=\"caption-attachment-18652\" style=\"width: 600px\" class=\"wp-caption alignnone\"><a href=\"http:\/\/www.eltrabajo.cl\/portal\/2012\/05\/vecinos-afectados-por-corte-de-energia-protestaron-frente-a-la-gobernacion\/protesta-porta\/\" rel=\"attachment wp-att-18652\"><img data-recalc-dims=\"1\" loading=\"lazy\" decoding=\"async\" class=\"size-full wp-image-18652 \" title=\"protesta porta\" src=\"https:\/\/i0.wp.com\/www.eltrabajo.cl\/portal\/wp-content\/uploads\/2012\/05\/protesta-porta.jpg?resize=600%2C450\" alt=\"Los vecinos de la poblaci\u00f3n Esperanza perdieron la paciencia y se trasladaron hasta el centro para protestar por la situaci\u00f3n que est\u00e1n viviendo.\" width=\"600\" height=\"450\" srcset=\"https:\/\/i0.wp.com\/eltrabajo.cl\/portal\/wp-content\/uploads\/2012\/05\/protesta-porta.jpg?w=600&amp;ssl=1 600w, https:\/\/i0.wp.com\/eltrabajo.cl\/portal\/wp-content\/uploads\/2012\/05\/protesta-porta.jpg?resize=200%2C150&amp;ssl=1 200w, https:\/\/i0.wp.com\/eltrabajo.cl\/portal\/wp-content\/uploads\/2012\/05\/protesta-porta.jpg?resize=300%2C225&amp;ssl=1 300w, https:\/\/i0.wp.com\/eltrabajo.cl\/portal\/wp-content\/uploads\/2012\/05\/protesta-porta.jpg?resize=150%2C112&amp;ssl=1 150w, https:\/\/i0.wp.com\/eltrabajo.cl\/portal\/wp-content\/uploads\/2012\/05\/protesta-porta.jpg?resize=400%2C300&amp;ssl=1 400w\" sizes=\"auto, (max-width: 600px) 100vw, 600px\" \/><\/a><figcaption id=\"caption-attachment-18652\" class=\"wp-caption-text\">Los vecinos de la poblaci\u00f3n Esperanza perdieron la paciencia y se trasladaron hasta el centro para protestar por la situaci\u00f3n que est\u00e1n viviendo.<\/figcaption><\/figure>\n<p>Superados por la rabia y la impotencia de no contar con energ\u00eda el\u00e9ctrica desde el s\u00e1bado pasado y recibiendo solamente explicaciones, alrededor de 30 vecinos de la poblaci\u00f3n Esperanza se \u2018armaron\u2019 con ollas, velas y carteles y partieron al centro de la comuna a protestar por la situaci\u00f3n que est\u00e1n viviendo.<\/p>\n<figure id=\"attachment_18637\" aria-describedby=\"caption-attachment-18637\" style=\"width: 300px\" class=\"wp-caption alignright\"><a href=\"http:\/\/www.eltrabajo.cl\/portal\/2012\/05\/vecinos-afectados-por-corte-de-energia-protestaron-frente-a-la-gobernacion\/encuentro-con-ejecutivos-4\/\" rel=\"attachment wp-att-18637\"><img data-recalc-dims=\"1\" loading=\"lazy\" decoding=\"async\" class=\"size-medium wp-image-18637\" title=\"encuentro con ejecutivos (4)\" src=\"https:\/\/i0.wp.com\/www.eltrabajo.cl\/portal\/wp-content\/uploads\/2012\/05\/encuentro-con-ejecutivos-4-300x225.jpg?resize=300%2C225\" alt=\"\" width=\"300\" height=\"225\" srcset=\"https:\/\/i0.wp.com\/eltrabajo.cl\/portal\/wp-content\/uploads\/2012\/05\/encuentro-con-ejecutivos-4.jpg?resize=300%2C225&amp;ssl=1 300w, https:\/\/i0.wp.com\/eltrabajo.cl\/portal\/wp-content\/uploads\/2012\/05\/encuentro-con-ejecutivos-4.jpg?resize=200%2C150&amp;ssl=1 200w, https:\/\/i0.wp.com\/eltrabajo.cl\/portal\/wp-content\/uploads\/2012\/05\/encuentro-con-ejecutivos-4.jpg?resize=150%2C112&amp;ssl=1 150w, https:\/\/i0.wp.com\/eltrabajo.cl\/portal\/wp-content\/uploads\/2012\/05\/encuentro-con-ejecutivos-4.jpg?resize=400%2C300&amp;ssl=1 400w, https:\/\/i0.wp.com\/eltrabajo.cl\/portal\/wp-content\/uploads\/2012\/05\/encuentro-con-ejecutivos-4.jpg?w=600&amp;ssl=1 600w\" sizes=\"auto, (max-width: 300px) 100vw, 300px\" \/><\/a><figcaption id=\"caption-attachment-18637\" class=\"wp-caption-text\">Los vecinos les enrostraron su situaci\u00f3n a los ejecutivos de Chilquinta, quienes nuevamente explicaron las razones de la lentitud en el restablecimiento del sistema el\u00e9ctrico.<\/figcaption><\/figure>\n<p>Los vecinos protestaron primero frente a las dependencias de la empresa Chilquinta, responsable del corte de energ\u00eda desde hace m\u00e1s de 60 horas y del lento restablecimiento del suministro en toda la provincia.<\/p>\n<p>Rosa Brito, presidenta de la junta de vecinos de la poblaci\u00f3n Esperanza, se\u00f1al\u00f3 que desde el s\u00e1bado que est\u00e1n sin energ\u00eda el\u00e9ctrica, situaci\u00f3n que ha generado varios problemas entre los vecinos, desde la imposibilidad de lavar la ropa de los ni\u00f1os para ir al colegio, hasta la p\u00e9rdida de los producto que ten\u00edan en sus refrigeradores, los que han tenido que botar por el mal estado en que se encontraban.<\/p>\n<p>\u201cLlamamos a Chilquinta y ponen una contestadora, que ya vamos a ir, que estamos reparando y nunca van. Hay adultos mayores que est\u00e1n postrados en cama, ni\u00f1os chicos, guaguas, personas enfermas y todav\u00eda esperamos una soluci\u00f3n. Ya es demasiado, ya son 4 d\u00edas que estamos as\u00ed y no nos dan ninguna soluci\u00f3n y m\u00e1s encima nos mienten que ya est\u00e1 el 90% restablecido y no es as\u00ed\u201d.<\/p>\n<figure id=\"attachment_18638\" aria-describedby=\"caption-attachment-18638\" style=\"width: 300px\" class=\"wp-caption alignleft\"><a href=\"http:\/\/www.eltrabajo.cl\/portal\/2012\/05\/vecinos-afectados-por-corte-de-energia-protestaron-frente-a-la-gobernacion\/barricadas-6\/\" rel=\"attachment wp-att-18638\"><img data-recalc-dims=\"1\" loading=\"lazy\" decoding=\"async\" class=\"size-medium wp-image-18638\" title=\"barricadas (6)\" src=\"https:\/\/i0.wp.com\/www.eltrabajo.cl\/portal\/wp-content\/uploads\/2012\/05\/barricadas-6-300x225.jpg?resize=300%2C225\" alt=\"\" width=\"300\" height=\"225\" srcset=\"https:\/\/i0.wp.com\/eltrabajo.cl\/portal\/wp-content\/uploads\/2012\/05\/barricadas-6.jpg?resize=300%2C225&amp;ssl=1 300w, https:\/\/i0.wp.com\/eltrabajo.cl\/portal\/wp-content\/uploads\/2012\/05\/barricadas-6.jpg?resize=200%2C150&amp;ssl=1 200w, https:\/\/i0.wp.com\/eltrabajo.cl\/portal\/wp-content\/uploads\/2012\/05\/barricadas-6.jpg?resize=150%2C112&amp;ssl=1 150w, https:\/\/i0.wp.com\/eltrabajo.cl\/portal\/wp-content\/uploads\/2012\/05\/barricadas-6.jpg?resize=400%2C300&amp;ssl=1 400w, https:\/\/i0.wp.com\/eltrabajo.cl\/portal\/wp-content\/uploads\/2012\/05\/barricadas-6.jpg?w=600&amp;ssl=1 600w\" sizes=\"auto, (max-width: 300px) 100vw, 300px\" \/><\/a><figcaption id=\"caption-attachment-18638\" class=\"wp-caption-text\">En diferentes sectores y comunas, vecinos indignados reaccionaron encendiendo barricadas para hacer p\u00fablico su malestar contra Chilquinta, como en Hermanos Carrera.<\/figcaption><\/figure>\n<p>En ese sector poblacional son 110 las casas que se ven afectadas con la situaci\u00f3n, muchas de las cuales albergan a familias numerosas, en su mayor\u00eda con adultos mayores.<\/p>\n<p>Los vecinos criticaron la postura de la empresa Chilquinta, que no les ha entregado una soluci\u00f3n.<\/p>\n<p>\u201cDicen prep\u00e1rense para un sismo, para un terremoto, si esta empresa lo \u00fanico que se est\u00e1 embolsando los miles de d\u00f3lares que nosotros como consumidores les damos, y aparte de eso nosotros nos atrasamos, nos cortan la luz, y ahora quien nos va a indemnizar, nosotros somos personas de escasos recursos, si compramos 20 \u00f3 30 mil pesos de carne que la ten\u00edamos para los 15 d\u00edas, se nos ech\u00f3 a perder, quien nos va a devolver todos esos gastos, nadie, entonces qui\u00e9n nos responde\u201d, dijo Brito.<\/p>\n<p>La dirigenta dijo que durante la ma\u00f1ana del martes fue a la oficina de la empresa, donde fue atendida por un funcionario que nuevamente les pidi\u00f3 esperar por la soluci\u00f3n, argumentando que es un tema de la naturaleza.<\/p>\n<figure id=\"attachment_18639\" aria-describedby=\"caption-attachment-18639\" style=\"width: 210px\" class=\"wp-caption alignright\"><a href=\"http:\/\/www.eltrabajo.cl\/portal\/2012\/05\/vecinos-afectados-por-corte-de-energia-protestaron-frente-a-la-gobernacion\/rosa-brito\/\" rel=\"attachment wp-att-18639\"><img data-recalc-dims=\"1\" loading=\"lazy\" decoding=\"async\" class=\"size-medium wp-image-18639 \" title=\"Rosa Brito\" src=\"https:\/\/i0.wp.com\/www.eltrabajo.cl\/portal\/wp-content\/uploads\/2012\/05\/Rosa-Brito-300x225.jpg?resize=210%2C158\" alt=\"\" width=\"210\" height=\"158\" srcset=\"https:\/\/i0.wp.com\/eltrabajo.cl\/portal\/wp-content\/uploads\/2012\/05\/Rosa-Brito.jpg?resize=300%2C225&amp;ssl=1 300w, https:\/\/i0.wp.com\/eltrabajo.cl\/portal\/wp-content\/uploads\/2012\/05\/Rosa-Brito.jpg?resize=200%2C150&amp;ssl=1 200w, https:\/\/i0.wp.com\/eltrabajo.cl\/portal\/wp-content\/uploads\/2012\/05\/Rosa-Brito.jpg?resize=150%2C112&amp;ssl=1 150w, https:\/\/i0.wp.com\/eltrabajo.cl\/portal\/wp-content\/uploads\/2012\/05\/Rosa-Brito.jpg?resize=400%2C300&amp;ssl=1 400w, https:\/\/i0.wp.com\/eltrabajo.cl\/portal\/wp-content\/uploads\/2012\/05\/Rosa-Brito.jpg?w=600&amp;ssl=1 600w\" sizes=\"auto, (max-width: 210px) 100vw, 210px\" \/><\/a><figcaption id=\"caption-attachment-18639\" class=\"wp-caption-text\">Rosa Brito, presidenta de la junta de vecinos de la poblaci\u00f3n Esperanza, exigi\u00f3 saber qui\u00e9n les va a responder por los perjuicios que les ha causado la falta de energ\u00eda.<\/figcaption><\/figure>\n<p>\u201cNosotros entendemos, pero por algo hay una empresa que nos cobra mantenci\u00f3n y ni siquiera van a nuestros domicilios\u201d.<\/p>\n<p>Brito se\u00f1al\u00f3 adem\u00e1s que la situaci\u00f3n est\u00e1 afectando especialmente a los negocios que se ubican en la poblaci\u00f3n, muchos de los cuales han nacido por el esfuerzo de los vecinos, los que han tenido que botar a la basura sus productos. \u201cLa se\u00f1ora ac\u00e1 perdi\u00f3 todas las cecinas, los productos l\u00e1cteos y quien le devuelve a ella, ella reci\u00e9n estaba empezando con su local y quien nos va a indemnizar por esto, nadie, porque nadie da la cara\u201d, dijo molesta.<\/p>\n<p>Los manifestantes se trasladaron hasta la entrada de la Gobernaci\u00f3n, donde las autoridades estaban reunidas. Arm\u00e1ndose una vez m\u00e1s de paciencia, esperaron a los representantes de la empresa el\u00e9ctrica y sostuvieron un \u00e1spero di\u00e1logo, a quienes les enrostraron su situaci\u00f3n. Los ejecutivos nuevamente explicaron la situaci\u00f3n que se estaba produciendo en la provincia y se\u00f1alaron que este martes deb\u00eda estar restablecido el suministro en todo el valle.<\/p>\n<p>Finalmente los manifestantes se trasladaron hasta las dependencias de la misma empresa, donde continuaron con sus c\u00e1nticos exigiendo a Chilquinta les devuelva la energ\u00eda.<\/p>\n","protected":false},"excerpt":{"rendered":"<p>Superados por la rabia y la impotencia de no contar con energ\u00eda el\u00e9ctrica desde el s\u00e1bado pasado y recibiendo solamente explicaciones, alrededor de 30 vecinos de la poblaci\u00f3n Esperanza se \u2018armaron\u2019 con&#8230;<\/p>\n","protected":false},"author":482,"featured_media":18636,"comment_status":"open","ping_status":"closed","sticky":false,"template":"","format":"standard","meta":{"advanced_seo_description":"","jetpack_seo_html_title":"","jetpack_seo_noindex":false,"_jetpack_memberships_contains_paid_content":false,"footnotes":""},"categories":[15],"tags":[],"class_list":["post-18635","post","type-post","status-publish","format-standard","has-post-thumbnail","hentry","category-comunidad"],"jetpack_featured_media_url":"https:\/\/i0.wp.com\/eltrabajo.cl\/portal\/wp-content\/uploads\/2012\/05\/protesta-4.jpg?fit=600%2C450&ssl=1","jetpack_sharing_enabled":true,"jetpack_likes_enabled":true,"jetpack-related-posts":[],"_links":{"self":[{"href":"https:\/\/eltrabajo.cl\/portal\/wp-json\/wp\/v2\/posts\/18635","targetHints":{"allow":["GET"]}}],"collection":[{"href":"https:\/\/eltrabajo.cl\/portal\/wp-json\/wp\/v2\/posts"}],"about":[{"href":"https:\/\/eltrabajo.cl\/portal\/wp-json\/wp\/v2\/types\/post"}],"author":[{"embeddable":true,"href":"https:\/\/eltrabajo.cl\/portal\/wp-json\/wp\/v2\/users\/482"}],"replies":[{"embeddable":true,"href":"https:\/\/eltrabajo.cl\/portal\/wp-json\/wp\/v2\/comments?post=18635"}],"version-history":[{"count":0,"href":"https:\/\/eltrabajo.cl\/portal\/wp-json\/wp\/v2\/posts\/18635\/revisions"}],"wp:featuredmedia":[{"embeddable":true,"href":"https:\/\/eltrabajo.cl\/portal\/wp-json\/wp\/v2\/media\/18636"}],"wp:attachment":[{"href":"https:\/\/eltrabajo.cl\/portal\/wp-json\/wp\/v2\/media?parent=18635"}],"wp:term":[{"taxonomy":"category","embeddable":true,"href":"https:\/\/eltrabajo.cl\/portal\/wp-json\/wp\/v2\/categories?post=18635"},{"taxonomy":"post_tag","embeddable":true,"href":"https:\/\/eltrabajo.cl\/portal\/wp-json\/wp\/v2\/tags?post=18635"}],"curies":[{"name":"wp","href":"https:\/\/api.w.org\/{rel}","templated":true}]}}