{"id":18660,"date":"2012-05-31T09:33:24","date_gmt":"2012-05-31T13:33:24","guid":{"rendered":"http:\/\/www.eltrabajo.cl\/portal\/?p=18660"},"modified":"2012-05-31T09:33:24","modified_gmt":"2012-05-31T13:33:24","slug":"matrimonio-de-artesanos-%e2%80%9csolo-teniamos-un-pedazo-de-pan-para-comer-toda-la-familia-durante-el-dia%e2%80%9d","status":"publish","type":"post","link":"https:\/\/eltrabajo.cl\/portal\/matrimonio-de-artesanos-%e2%80%9csolo-teniamos-un-pedazo-de-pan-para-comer-toda-la-familia-durante-el-dia%e2%80%9d\/","title":{"rendered":"Matrimonio de artesanos: \u201cS\u00f3lo ten\u00edamos un pedazo de pan para comer toda la familia durante el d\u00eda\u201d"},"content":{"rendered":"<figure id=\"attachment_18661\" aria-describedby=\"caption-attachment-18661\" style=\"width: 600px\" class=\"wp-caption alignnone\"><a href=\"http:\/\/www.eltrabajo.cl\/portal\/2012\/05\/matrimonio-de-artesanos-%e2%80%9csolo-teniamos-un-pedazo-de-pan-para-comer-toda-la-familia-durante-el-dia%e2%80%9d\/artesanos1\/\" rel=\"attachment wp-att-18661\"><img data-recalc-dims=\"1\" loading=\"lazy\" decoding=\"async\" class=\"size-full wp-image-18661\" title=\"Artesanos1\" src=\"https:\/\/i0.wp.com\/www.eltrabajo.cl\/portal\/wp-content\/uploads\/2012\/05\/Artesanos1.jpg?resize=600%2C419\" alt=\"\" width=\"600\" height=\"419\" srcset=\"https:\/\/i0.wp.com\/eltrabajo.cl\/portal\/wp-content\/uploads\/2012\/05\/Artesanos1.jpg?w=600&amp;ssl=1 600w, https:\/\/i0.wp.com\/eltrabajo.cl\/portal\/wp-content\/uploads\/2012\/05\/Artesanos1.jpg?resize=200%2C139&amp;ssl=1 200w, https:\/\/i0.wp.com\/eltrabajo.cl\/portal\/wp-content\/uploads\/2012\/05\/Artesanos1.jpg?resize=300%2C209&amp;ssl=1 300w, https:\/\/i0.wp.com\/eltrabajo.cl\/portal\/wp-content\/uploads\/2012\/05\/Artesanos1.jpg?resize=150%2C104&amp;ssl=1 150w, https:\/\/i0.wp.com\/eltrabajo.cl\/portal\/wp-content\/uploads\/2012\/05\/Artesanos1.jpg?resize=400%2C279&amp;ssl=1 400w\" sizes=\"auto, (max-width: 600px) 100vw, 600px\" \/><\/a><figcaption id=\"caption-attachment-18661\" class=\"wp-caption-text\">Este es el trabajo que Isabel Osorio y Omar Lucero hacen para salir adelante. \u2018Familiart\u2019 produce los mejores anuncios publicitarios en madera para empresas de todo Chile.<\/figcaption><\/figure>\n<p>Roberto Gonz\u00e1lez Short &#8211; <a href=\"mailto:rgonzalez@eltrabajo.cl\">rgonzalez@eltrabajo.cl<\/a><\/p>\n<p><strong>SANTA MAR\u00cdA.-<\/strong> La c\u00e9lebre frase an\u00f3nima que reza: \u2018Nunca se pone m\u00e1s oscuro que cuando va a amanecer\u2019, ser\u00eda la m\u00e1s id\u00f3nea para describir los inicios de un proyecto familiar que ha permitido a una familia completa salir adelante como artistas del dibujo y la artesan\u00eda durante trece a\u00f1os en Villa Mirasol, luego de vivir momentos apremiantes que les imped\u00edan surgir como personas.<\/p>\n<p>Se trata de \u2018Familiart\u2019, una actividad que se inici\u00f3 como pasatiempo, pero que cuando una crisis afect\u00f3 al joven matrimonio, y padres de dos ni\u00f1as, se convirti\u00f3 en la \u2018tabla salvavidas\u2019 que permiti\u00f3 a los protagonistas salir adelante, aunque en algunas ocasiones no contaran con algo m\u00e1s que un trozo de pan para pasar el d\u00eda los cuatro.<\/p>\n<figure id=\"attachment_18662\" aria-describedby=\"caption-attachment-18662\" style=\"width: 300px\" class=\"wp-caption alignright\"><a href=\"http:\/\/www.eltrabajo.cl\/portal\/2012\/05\/matrimonio-de-artesanos-%e2%80%9csolo-teniamos-un-pedazo-de-pan-para-comer-toda-la-familia-durante-el-dia%e2%80%9d\/taller1\/\" rel=\"attachment wp-att-18662\"><img data-recalc-dims=\"1\" loading=\"lazy\" decoding=\"async\" class=\"size-medium wp-image-18662\" title=\"Taller1\" src=\"https:\/\/i0.wp.com\/www.eltrabajo.cl\/portal\/wp-content\/uploads\/2012\/05\/Taller1-300x225.jpg?resize=300%2C225\" alt=\"\" width=\"300\" height=\"225\" srcset=\"https:\/\/i0.wp.com\/eltrabajo.cl\/portal\/wp-content\/uploads\/2012\/05\/Taller1.jpg?resize=300%2C225&amp;ssl=1 300w, https:\/\/i0.wp.com\/eltrabajo.cl\/portal\/wp-content\/uploads\/2012\/05\/Taller1.jpg?resize=200%2C150&amp;ssl=1 200w, https:\/\/i0.wp.com\/eltrabajo.cl\/portal\/wp-content\/uploads\/2012\/05\/Taller1.jpg?resize=150%2C112&amp;ssl=1 150w, https:\/\/i0.wp.com\/eltrabajo.cl\/portal\/wp-content\/uploads\/2012\/05\/Taller1.jpg?resize=400%2C300&amp;ssl=1 400w, https:\/\/i0.wp.com\/eltrabajo.cl\/portal\/wp-content\/uploads\/2012\/05\/Taller1.jpg?w=600&amp;ssl=1 600w\" sizes=\"auto, (max-width: 300px) 100vw, 300px\" \/><\/a><figcaption id=\"caption-attachment-18662\" class=\"wp-caption-text\">Cada trabajo de \u2018Familiart\u2019 lleva el sello de la excelencia, ahora los pedidos aumentaron y el sol brill\u00f3 sobre esta familia en San Mar\u00eda.<\/figcaption><\/figure>\n<p>\u201cCuando yo qued\u00e9 sin trabajo en 1998, me desesper\u00e9, no encontr\u00e1bamos salida, recuerdo que mi esposa hac\u00eda dibujos y artesan\u00edas por pasatiempo, decid\u00ed apoyarme en su iniciativa e inici\u00e9 mi parte en el proyecto familiar, en ese momento no me interesaba el Arte, s\u00f3lo ganar algo para que mis ni\u00f1as pudieran desayunar y asistir a la escuela con su est\u00f3mago lleno\u201d, confes\u00f3 a Diario El Trabajo, Omar Lucero.<\/p>\n<p><strong>\u201cNO TEN\u00cdAMOS NI PARA LA OLLA\u201d<\/strong><\/p>\n<p>Se trata de una peque\u00f1a empresa de tipo Familiar, manejada por Omar y su esposa Isabel Osorio, ellos producen en \u2018Familiart\u2019, letreros tallados en madera, pirograbados en madera, adornos y restauraci\u00f3n de antig\u00fcedades y art\u00edculos decorativos. Pero para que sus trabajos llegaran a ser colocados en pa\u00edses como Australia, China, Francia, Alemania, Jap\u00f3n y Ucrania, tuvieron que pasar mil apuros y endeudarse con muchos amigos.<\/p>\n<p>\u201cFue una experiencia muy dura para todos en casa, no ten\u00edamos ni para la olla, s\u00f3lo cont\u00e1bamos a veces, con un pedazo de pan que ten\u00edamos que repartirnos en todo el d\u00eda, mi esposa y yo sal\u00edamos a las comunidades a ofrecer nuestras artesan\u00edas, simplemente la gente no nos compraba nada, a\u00fan as\u00ed salimos adelante\u201d, coment\u00f3 el artesano.<\/p>\n<figure id=\"attachment_18663\" aria-describedby=\"caption-attachment-18663\" style=\"width: 300px\" class=\"wp-caption alignleft\"><a href=\"http:\/\/www.eltrabajo.cl\/portal\/2012\/05\/matrimonio-de-artesanos-%e2%80%9csolo-teniamos-un-pedazo-de-pan-para-comer-toda-la-familia-durante-el-dia%e2%80%9d\/graba2\/\" rel=\"attachment wp-att-18663\"><img data-recalc-dims=\"1\" loading=\"lazy\" decoding=\"async\" class=\"size-medium wp-image-18663\" title=\"Graba2\" src=\"https:\/\/i0.wp.com\/www.eltrabajo.cl\/portal\/wp-content\/uploads\/2012\/05\/Graba2-300x205.jpg?resize=300%2C205\" alt=\"\" width=\"300\" height=\"205\" srcset=\"https:\/\/i0.wp.com\/eltrabajo.cl\/portal\/wp-content\/uploads\/2012\/05\/Graba2.jpg?resize=300%2C205&amp;ssl=1 300w, https:\/\/i0.wp.com\/eltrabajo.cl\/portal\/wp-content\/uploads\/2012\/05\/Graba2.jpg?resize=200%2C136&amp;ssl=1 200w, https:\/\/i0.wp.com\/eltrabajo.cl\/portal\/wp-content\/uploads\/2012\/05\/Graba2.jpg?resize=150%2C102&amp;ssl=1 150w, https:\/\/i0.wp.com\/eltrabajo.cl\/portal\/wp-content\/uploads\/2012\/05\/Graba2.jpg?resize=400%2C273&amp;ssl=1 400w, https:\/\/i0.wp.com\/eltrabajo.cl\/portal\/wp-content\/uploads\/2012\/05\/Graba2.jpg?w=600&amp;ssl=1 600w\" sizes=\"auto, (max-width: 300px) 100vw, 300px\" \/><\/a><figcaption id=\"caption-attachment-18663\" class=\"wp-caption-text\">Esta es una peque\u00f1a muestra de los productos realizados por las manos y herramientas de este matrimonio orgulloso de su talento.<\/figcaption><\/figure>\n<p>\u201cNosotros trabajamos en \u2018Maderas Nobles\u2019 (muy antiguas) como el pino, nubles, roble, raul\u00ed y alerce, son especies f\u00e1ciles de trabajar pero de gran durabilidad, nuestras tintas son org\u00e1nicas y yo especialmente soy quien hago los pirograbados\u201d, relata Isabel \u2018Yayita\u2019 Osorio a nuestro medio.<\/p>\n<p>\u201cAhora que pas\u00f3 la tormenta y nuestras ni\u00f1as son bellas mujeres y aplicadas universitarias, estoy muy orgullosa por esta profesi\u00f3n que aprendimos, ahora nuestras hijas nos apoyan y tienen su talento art\u00edstico, ellas realizan sus trabajos tambi\u00e9n en dibujo\u201d, indic\u00f3 \u2018Yayita\u2019 Osorio a Diario El Trabajo.<\/p>\n<p>No importa qu\u00e9 tan dif\u00edcil pueda ser la situaci\u00f3n que enfrentamos, la puerta del \u00e9xito y la superaci\u00f3n siempre estar\u00e1n abiertas para quienes logran mirar una oportunidad para aprender y adaptarse. Para Informes llamar al Fono: 581290.<\/p>\n","protected":false},"excerpt":{"rendered":"<p>Roberto Gonz\u00e1lez Short &#8211; rgonzalez@eltrabajo.cl SANTA MAR\u00cdA.- La c\u00e9lebre frase an\u00f3nima que reza: \u2018Nunca se pone m\u00e1s oscuro que cuando va a amanecer\u2019, ser\u00eda la m\u00e1s id\u00f3nea para describir los inicios de&#8230;<\/p>\n","protected":false},"author":482,"featured_media":18661,"comment_status":"open","ping_status":"closed","sticky":false,"template":"","format":"standard","meta":{"advanced_seo_description":"","jetpack_seo_html_title":"","jetpack_seo_noindex":false,"_jetpack_memberships_contains_paid_content":false,"footnotes":""},"categories":[15],"tags":[],"class_list":["post-18660","post","type-post","status-publish","format-standard","has-post-thumbnail","hentry","category-comunidad"],"jetpack_featured_media_url":"https:\/\/i0.wp.com\/eltrabajo.cl\/portal\/wp-content\/uploads\/2012\/05\/Artesanos1.jpg?fit=600%2C419&ssl=1","jetpack_sharing_enabled":true,"jetpack_likes_enabled":true,"jetpack-related-posts":[],"_links":{"self":[{"href":"https:\/\/eltrabajo.cl\/portal\/wp-json\/wp\/v2\/posts\/18660","targetHints":{"allow":["GET"]}}],"collection":[{"href":"https:\/\/eltrabajo.cl\/portal\/wp-json\/wp\/v2\/posts"}],"about":[{"href":"https:\/\/eltrabajo.cl\/portal\/wp-json\/wp\/v2\/types\/post"}],"author":[{"embeddable":true,"href":"https:\/\/eltrabajo.cl\/portal\/wp-json\/wp\/v2\/users\/482"}],"replies":[{"embeddable":true,"href":"https:\/\/eltrabajo.cl\/portal\/wp-json\/wp\/v2\/comments?post=18660"}],"version-history":[{"count":0,"href":"https:\/\/eltrabajo.cl\/portal\/wp-json\/wp\/v2\/posts\/18660\/revisions"}],"wp:featuredmedia":[{"embeddable":true,"href":"https:\/\/eltrabajo.cl\/portal\/wp-json\/wp\/v2\/media\/18661"}],"wp:attachment":[{"href":"https:\/\/eltrabajo.cl\/portal\/wp-json\/wp\/v2\/media?parent=18660"}],"wp:term":[{"taxonomy":"category","embeddable":true,"href":"https:\/\/eltrabajo.cl\/portal\/wp-json\/wp\/v2\/categories?post=18660"},{"taxonomy":"post_tag","embeddable":true,"href":"https:\/\/eltrabajo.cl\/portal\/wp-json\/wp\/v2\/tags?post=18660"}],"curies":[{"name":"wp","href":"https:\/\/api.w.org\/{rel}","templated":true}]}}