{"id":18672,"date":"2012-05-31T09:37:20","date_gmt":"2012-05-31T13:37:20","guid":{"rendered":"http:\/\/www.eltrabajo.cl\/portal\/?p=18672"},"modified":"2012-05-31T09:37:20","modified_gmt":"2012-05-31T13:37:20","slug":"dirigentes-mineros-y-autoridades-analizan-licitaciones-en-andina","status":"publish","type":"post","link":"https:\/\/eltrabajo.cl\/portal\/dirigentes-mineros-y-autoridades-analizan-licitaciones-en-andina\/","title":{"rendered":"Dirigentes mineros y autoridades analizan licitaciones en Andina"},"content":{"rendered":"<figure id=\"attachment_18673\" aria-describedby=\"caption-attachment-18673\" style=\"width: 600px\" class=\"wp-caption alignnone\"><a href=\"http:\/\/www.eltrabajo.cl\/portal\/2012\/05\/dirigentes-mineros-y-autoridades-analizan-licitaciones-en-andina\/transnacional-codelco1\/\" rel=\"attachment wp-att-18673\"><img data-recalc-dims=\"1\" loading=\"lazy\" decoding=\"async\" class=\"size-full wp-image-18673\" title=\"transnacional-codelco1\" src=\"https:\/\/i0.wp.com\/www.eltrabajo.cl\/portal\/wp-content\/uploads\/2012\/05\/transnacional-codelco1.jpg?resize=600%2C450\" alt=\"\" width=\"600\" height=\"450\" srcset=\"https:\/\/i0.wp.com\/eltrabajo.cl\/portal\/wp-content\/uploads\/2012\/05\/transnacional-codelco1.jpg?w=600&amp;ssl=1 600w, https:\/\/i0.wp.com\/eltrabajo.cl\/portal\/wp-content\/uploads\/2012\/05\/transnacional-codelco1.jpg?resize=200%2C150&amp;ssl=1 200w, https:\/\/i0.wp.com\/eltrabajo.cl\/portal\/wp-content\/uploads\/2012\/05\/transnacional-codelco1.jpg?resize=300%2C225&amp;ssl=1 300w, https:\/\/i0.wp.com\/eltrabajo.cl\/portal\/wp-content\/uploads\/2012\/05\/transnacional-codelco1.jpg?resize=150%2C112&amp;ssl=1 150w, https:\/\/i0.wp.com\/eltrabajo.cl\/portal\/wp-content\/uploads\/2012\/05\/transnacional-codelco1.jpg?resize=400%2C300&amp;ssl=1 400w\" sizes=\"auto, (max-width: 600px) 100vw, 600px\" \/><\/a><figcaption id=\"caption-attachment-18673\" class=\"wp-caption-text\">Trabajadores de Codelco con autoridades de Oposici\u00f3n ante las licitaciones que se han realizado a empresas extranjeras.<\/figcaption><\/figure>\n<ul>\n<li><strong>Piden claridad respecto a la entrega de contratos a un sola empresa trasnacional.<\/strong><\/li>\n<\/ul>\n<p><strong>LOS ANDES.-<\/strong> Dirigentes sindicales de empresas contratistas y del sindicato de Integraci\u00f3n Industrial Laboral de la Divisi\u00f3n Andina de Codelco, se reunieron con el senador Ignacio Walker y el alcalde Mauricio Navarro a fin de abordar el tema de las licitaciones en la cupr\u00edfera, las cuales est\u00e1n siendo adjudicadas s\u00f3lo a dos grandes empresas transnacionales.<\/p>\n<p>Los trabajadores temen que producto de esta situaci\u00f3n pierdan su fuente laboral o bien sean recontratados con menores remuneraciones, y si bien no hay nada oficial de parte de Codelco, se mantienen en la incertidumbre.<\/p>\n<p>Es por ello que el Senador Walker dijo que no s\u00f3lo se perjudicar\u00eda a los trabajadores contratistas, sino tambi\u00e9n de planta de Codelco y a una veintena de empresas contratistas peque\u00f1as que desarrollan labores en el \u00e1rea industrial de Andina.<\/p>\n<p>El parlamentario manifest\u00f3 que la idea es que los ejecutivos de Andina reciban a los trabajadores contratistas y se generen los canales de comunicaci\u00f3n adecuados para saber qu\u00e9 es lo que realmente est\u00e1 ocurriendo y se disipe la incertidumbre laboral.<\/p>\n<p>\u201cCreo que la empresa apunta a niveles de eficiencia y modernizaci\u00f3n, pero hay problemas de interlocuci\u00f3n desde el gobierno corporativo de Codelco, los trabajadores abogan porque sus derechos sean respetados considerando que muchos de ellos llevan 10, 20 \u00f3 15 a\u00f1os de trabajo, y si se requiere de especializaci\u00f3n que al menos tenga la posibilidad de capacitarse\u201d, expres\u00f3 el Senador.<\/p>\n<p>Walker sostuvo que no hay una informaci\u00f3n oficial en torno a estas licitaciones, \u201cpor lo que los trabajadores se han enterado a prop\u00f3sito de una licitaci\u00f3n que se habr\u00eda remitido a dos empresas trasnacionales y que no dio la posibilidad de participaci\u00f3n a empresas locales sin considerar su tremenda experiencia\u201d.<\/p>\n<p>Por su parte el alcalde Mauricio Navarro, se\u00f1al\u00f3 que como municipio est\u00e1n preocupados por la situaci\u00f3n laboral de los trabajadores que son vecinos precisamente de la ciudad.<\/p>\n<p>\u201cHoy son cerca de mil 300 trabajadores de las empresas contratistas los que a partir de una decisi\u00f3n muy desacertada por parte de Codelco, est\u00e1n en riesgo de perder su fuente de trabajo y no s\u00f3lo eso, ya que lo poco que nos queda de miner\u00eda nacional se lo estamos entregando a empresas extranjeras\u201d, acus\u00f3.<\/p>\n<p>El edil plante\u00f3 que esta decisi\u00f3n debe ser revisada por Codelco, pues hay muchas empresas locales peque\u00f1as que dan trabajo y hoy est\u00e1n viendo peligrar su fuente de ingresos y puestos de trabajo.<\/p>\n<p>Por ello llam\u00f3 a la nueva gerencia de la Divisi\u00f3n Andina para que esta decisi\u00f3n sea revisada y cambiada, advirtiendo que entregar\u00e1n todo el apoyo a la Federaci\u00f3n de Trabajadores de Empresas Contratistas de Andina y a la Asociaci\u00f3n de Empresas Contratistas para que exijan esta revisi\u00f3n.<\/p>\n<p>A su vez el Presidente de la Fetramin, Ricardo Vergara, reiter\u00f3 que a su juicio hoy d\u00eda Codelco no hace honor a su lema del \u2018Buen Vecino\u2019, \u201cporque hoy d\u00eda ha tra\u00eddo una empresa como Siemens que va a tomar 17 contratos y se perder\u00e1n cientos de trabajadores de nuestro valle sin su fuente laboral, porque la informaci\u00f3n que tenemos es que est\u00e1 ingresando a esta empresa trabajadores que vienen de la zona sur del pa\u00eds y que van a dejar sin su fuente de trabajo a viejos que por a\u00f1os han laborado en la miner\u00eda\u201d.<\/p>\n<p>Vergara reconoci\u00f3 eso s\u00ed que hay un tema de falta de capacitaci\u00f3n de algunos trabajadores, \u201cpero creo que no es la forma para sacarlos de sus puestos donde han laborado por d\u00e9cadas\u201d.<\/p>\n<p>Por ello esperan analizar los alcances de esta situaci\u00f3n con todos los dirigentes sindicales de la empresa y no descart\u00f3 realizar movilizaciones a contar de la pr\u00f3xima semana si no hay un pronunciamiento de Codelco.<\/p>\n<p>En el mismo tenor, el Presidente del SIIL de Codelco Andina, Juan Olgu\u00edn, dijo que como trabajadores de planta de la empresa no est\u00e1n para nada de acuerdo con el proceso de tercerizaci\u00f3n de labores que se est\u00e1 llevando a cabo, \u201cporque hay un estudio de mercado que pueda hacer un servicio integral del contrato de mantenimiento en andina y en segundo lugar el costo, pues nosotros presentamos un modelo mixto en conjunto con las empresas contratistas que es mucho m\u00e1s rentable que la decisi\u00f3n que tom\u00f3 la Divisi\u00f3n Andina\u201d.<\/p>\n<p>Olgu\u00edn asegur\u00f3 que este modelo implementado por Andina est\u00e1 destinado al fracaso, \u201cpues se requiere tener personal muy competente y calificado y en el mercado no hay ese tipo de personal disponible en las contratistas\u201d.<\/p>\n","protected":false},"excerpt":{"rendered":"<p>Piden claridad respecto a la entrega de contratos a un sola empresa trasnacional. LOS ANDES.- Dirigentes sindicales de empresas contratistas y del sindicato de Integraci\u00f3n Industrial Laboral de la Divisi\u00f3n Andina de&#8230;<\/p>\n","protected":false},"author":482,"featured_media":18673,"comment_status":"open","ping_status":"closed","sticky":false,"template":"","format":"standard","meta":{"advanced_seo_description":"","jetpack_seo_html_title":"","jetpack_seo_noindex":false,"_jetpack_memberships_contains_paid_content":false,"footnotes":""},"categories":[1],"tags":[],"class_list":["post-18672","post","type-post","status-publish","format-standard","has-post-thumbnail","hentry","category-cronica"],"jetpack_featured_media_url":"https:\/\/i0.wp.com\/eltrabajo.cl\/portal\/wp-content\/uploads\/2012\/05\/transnacional-codelco1.jpg?fit=600%2C450&ssl=1","jetpack_sharing_enabled":true,"jetpack_likes_enabled":true,"jetpack-related-posts":[],"_links":{"self":[{"href":"https:\/\/eltrabajo.cl\/portal\/wp-json\/wp\/v2\/posts\/18672","targetHints":{"allow":["GET"]}}],"collection":[{"href":"https:\/\/eltrabajo.cl\/portal\/wp-json\/wp\/v2\/posts"}],"about":[{"href":"https:\/\/eltrabajo.cl\/portal\/wp-json\/wp\/v2\/types\/post"}],"author":[{"embeddable":true,"href":"https:\/\/eltrabajo.cl\/portal\/wp-json\/wp\/v2\/users\/482"}],"replies":[{"embeddable":true,"href":"https:\/\/eltrabajo.cl\/portal\/wp-json\/wp\/v2\/comments?post=18672"}],"version-history":[{"count":0,"href":"https:\/\/eltrabajo.cl\/portal\/wp-json\/wp\/v2\/posts\/18672\/revisions"}],"wp:featuredmedia":[{"embeddable":true,"href":"https:\/\/eltrabajo.cl\/portal\/wp-json\/wp\/v2\/media\/18673"}],"wp:attachment":[{"href":"https:\/\/eltrabajo.cl\/portal\/wp-json\/wp\/v2\/media?parent=18672"}],"wp:term":[{"taxonomy":"category","embeddable":true,"href":"https:\/\/eltrabajo.cl\/portal\/wp-json\/wp\/v2\/categories?post=18672"},{"taxonomy":"post_tag","embeddable":true,"href":"https:\/\/eltrabajo.cl\/portal\/wp-json\/wp\/v2\/tags?post=18672"}],"curies":[{"name":"wp","href":"https:\/\/api.w.org\/{rel}","templated":true}]}}