{"id":18676,"date":"2012-05-31T09:41:00","date_gmt":"2012-05-31T13:41:00","guid":{"rendered":"http:\/\/www.eltrabajo.cl\/portal\/?p=18676"},"modified":"2012-05-31T09:41:00","modified_gmt":"2012-05-31T13:41:00","slug":"campesinos-atienden-granja-turistica-con-un-avestruz-y-300-cabritas","status":"publish","type":"post","link":"https:\/\/eltrabajo.cl\/portal\/campesinos-atienden-granja-turistica-con-un-avestruz-y-300-cabritas\/","title":{"rendered":"Campesinos atienden granja tur\u00edstica con un avestruz y 300 cabritas"},"content":{"rendered":"<figure id=\"attachment_18677\" aria-describedby=\"caption-attachment-18677\" style=\"width: 600px\" class=\"wp-caption alignnone\"><a href=\"http:\/\/www.eltrabajo.cl\/portal\/2012\/05\/campesinos-atienden-granja-turistica-con-un-avestruz-y-300-cabritas\/chivos1\/\" rel=\"attachment wp-att-18677\"><img data-recalc-dims=\"1\" loading=\"lazy\" decoding=\"async\" class=\"size-full wp-image-18677\" title=\"Chivos1\" src=\"https:\/\/i0.wp.com\/www.eltrabajo.cl\/portal\/wp-content\/uploads\/2012\/05\/Chivos1.jpg?resize=600%2C450\" alt=\"\" width=\"600\" height=\"450\" srcset=\"https:\/\/i0.wp.com\/eltrabajo.cl\/portal\/wp-content\/uploads\/2012\/05\/Chivos1.jpg?w=600&amp;ssl=1 600w, https:\/\/i0.wp.com\/eltrabajo.cl\/portal\/wp-content\/uploads\/2012\/05\/Chivos1.jpg?resize=200%2C150&amp;ssl=1 200w, https:\/\/i0.wp.com\/eltrabajo.cl\/portal\/wp-content\/uploads\/2012\/05\/Chivos1.jpg?resize=300%2C225&amp;ssl=1 300w, https:\/\/i0.wp.com\/eltrabajo.cl\/portal\/wp-content\/uploads\/2012\/05\/Chivos1.jpg?resize=150%2C112&amp;ssl=1 150w, https:\/\/i0.wp.com\/eltrabajo.cl\/portal\/wp-content\/uploads\/2012\/05\/Chivos1.jpg?resize=400%2C300&amp;ssl=1 400w\" sizes=\"auto, (max-width: 600px) 100vw, 600px\" \/><\/a><figcaption id=\"caption-attachment-18677\" class=\"wp-caption-text\">Fructuoso, Mar\u00eda y Manuel Rojas, posaron para Diario El Trabajo con los tres chivos encargados de cortejar a las 300 cabritas de la granja. Uno de los hermanos, Mois\u00e9s Rojas, no se encuentra presente, pero tambi\u00e9n es parte vital del proyecto.<\/figcaption><\/figure>\n<p>Roberto Gonz\u00e1lez Short &#8211; <a href=\"mailto:rgonzalez@eltrabajo.cl\">rgonzalez@eltrabajo.cl<\/a><\/p>\n<p>\u00bfSe imagina llevar una vida en donde no existen los d\u00edas feriados, descansos por Navidad ni fiestas dieciochenas durante todo el a\u00f1o? Es la vida de Fructuoso Rojas (Chico Fuy) y sus varios hermanos, quienes dedican su existencia al mantenimiento de la parcela N\u00ba137, la misma mide 11,8 hect\u00e1reas y fue recibida en 1973, gracias a la desaparecida Corporaci\u00f3n de Reforma Agraria.<\/p>\n<figure id=\"attachment_18678\" aria-describedby=\"caption-attachment-18678\" style=\"width: 300px\" class=\"wp-caption alignright\"><a href=\"http:\/\/www.eltrabajo.cl\/portal\/2012\/05\/campesinos-atienden-granja-turistica-con-un-avestruz-y-300-cabritas\/cabritas2-2\/\" rel=\"attachment wp-att-18678\"><img data-recalc-dims=\"1\" loading=\"lazy\" decoding=\"async\" class=\"size-medium wp-image-18678\" title=\"Cabritas2\" src=\"https:\/\/i0.wp.com\/www.eltrabajo.cl\/portal\/wp-content\/uploads\/2012\/05\/Cabritas2-300x211.jpg?resize=300%2C211\" alt=\"\" width=\"300\" height=\"211\" srcset=\"https:\/\/i0.wp.com\/eltrabajo.cl\/portal\/wp-content\/uploads\/2012\/05\/Cabritas2.jpg?resize=300%2C211&amp;ssl=1 300w, https:\/\/i0.wp.com\/eltrabajo.cl\/portal\/wp-content\/uploads\/2012\/05\/Cabritas2.jpg?resize=200%2C141&amp;ssl=1 200w, https:\/\/i0.wp.com\/eltrabajo.cl\/portal\/wp-content\/uploads\/2012\/05\/Cabritas2.jpg?resize=150%2C105&amp;ssl=1 150w, https:\/\/i0.wp.com\/eltrabajo.cl\/portal\/wp-content\/uploads\/2012\/05\/Cabritas2.jpg?resize=400%2C282&amp;ssl=1 400w, https:\/\/i0.wp.com\/eltrabajo.cl\/portal\/wp-content\/uploads\/2012\/05\/Cabritas2.jpg?w=600&amp;ssl=1 600w\" sizes=\"auto, (max-width: 300px) 100vw, 300px\" \/><\/a><figcaption id=\"caption-attachment-18678\" class=\"wp-caption-text\">Todos los d\u00edas hay que alimentarlas, orde\u00f1arlas, sacarlas a pasear y asearlas, estas 300 cabritas son el principal atractivo de la granja de los hermanos Rojas en Casas Chicas de Quilpu\u00e9.<\/figcaption><\/figure>\n<p>\u2018Chico Fuy\u2019 y algunos de sus hermanos han trabajado esta propiedad en labores de cr\u00eda de cabras, abono de las heces de cabra, gallinas, pasto, producci\u00f3n de leche y queso de cabra. Diario El Trabajo habl\u00f3 con \u2018Chico Fuy\u2019 en su granja familiar.<\/p>\n<p><strong>&#8211; \u00bfEs muy pesada la vida de un granjero?<\/strong><\/p>\n<p>&#8211; \u201cEs sacrificada. El primero en levantarse y tomar el control del trabajo diario es mi hermano Manuel, \u00e9l vive aqu\u00ed a tiempo completo, sin su aporte esta granja no ser\u00eda lo que es. Entre todos nos encargamos de la alimentaci\u00f3n del reba\u00f1o, cuidar de \u2018Poncho\u2019, el \u00faltimo avestruz que nos queda vivo de tres que ten\u00edamos\u201d.<\/p>\n<p><strong>&#8211; \u00bfQu\u00e9 producen y en qu\u00e9 cantidad?<\/strong><\/p>\n<p>&#8211; \u201cLa producci\u00f3n de leche y queso de cabra es relativa en todo el a\u00f1o, a veces producimos unos 40 litros de leche por d\u00eda y cuando hacemos queso, logramos sacar unos seis kilos diarios\u201d.<\/p>\n<p><strong>&#8211; \u00bfSu granja es tur\u00edstica tambi\u00e9n?<\/strong><\/p>\n<p>&#8211; \u201cNuestra parcela cuenta con una colina, desde ah\u00ed se puede ver todo San Felipe, a veces nos visitan turistas chilenos y tambi\u00e9n extranjeros. El turismo rural es lo que se practica en nuestra parcela, pues a los visitantes les encanta tener contacto con animales, contamos adem\u00e1s con tres caballos para recorrer todos los senderos\u201d.<\/p>\n<figure id=\"attachment_18679\" aria-describedby=\"caption-attachment-18679\" style=\"width: 300px\" class=\"wp-caption alignleft\"><a href=\"http:\/\/www.eltrabajo.cl\/portal\/2012\/05\/campesinos-atienden-granja-turistica-con-un-avestruz-y-300-cabritas\/poncho1\/\" rel=\"attachment wp-att-18679\"><img data-recalc-dims=\"1\" loading=\"lazy\" decoding=\"async\" class=\"size-medium wp-image-18679\" title=\"Poncho1\" src=\"https:\/\/i0.wp.com\/www.eltrabajo.cl\/portal\/wp-content\/uploads\/2012\/05\/Poncho1-300x217.jpg?resize=300%2C217\" alt=\"\" width=\"300\" height=\"217\" srcset=\"https:\/\/i0.wp.com\/eltrabajo.cl\/portal\/wp-content\/uploads\/2012\/05\/Poncho1.jpg?resize=300%2C217&amp;ssl=1 300w, https:\/\/i0.wp.com\/eltrabajo.cl\/portal\/wp-content\/uploads\/2012\/05\/Poncho1.jpg?resize=200%2C145&amp;ssl=1 200w, https:\/\/i0.wp.com\/eltrabajo.cl\/portal\/wp-content\/uploads\/2012\/05\/Poncho1.jpg?resize=150%2C108&amp;ssl=1 150w, https:\/\/i0.wp.com\/eltrabajo.cl\/portal\/wp-content\/uploads\/2012\/05\/Poncho1.jpg?resize=400%2C290&amp;ssl=1 400w, https:\/\/i0.wp.com\/eltrabajo.cl\/portal\/wp-content\/uploads\/2012\/05\/Poncho1.jpg?w=600&amp;ssl=1 600w\" sizes=\"auto, (max-width: 300px) 100vw, 300px\" \/><\/a><figcaption id=\"caption-attachment-18679\" class=\"wp-caption-text\">Poncho es el \u00faltimo de tres avestruces que queda con vida, \u00e9l s\u00f3lo acepta que lo atienda Fructuoso Rojas.<\/figcaption><\/figure>\n<p><strong>HABLA CON SUS ANIMALES<\/strong><\/p>\n<p>Manuel Mora, hermano de Fructuoso, explic\u00f3 a Diario El Trabajo que ellos aman esta clase de vida y que morir\u00e1n siendo campesinos. Tanto ama su trabajo, que hasta reconoci\u00f3 que \u00e9l habla con los animales a quien atiende.<\/p>\n<p>\u201cYo hablo con los animales, les he tomado cari\u00f1o y hasta me siento comprendido por estas traviesas criaturas; al que no me le acerco es a \u2018Poncho\u2019, ese Avestruz es salvaje, s\u00f3lo con \u2018Chico Fuy\u2019 tiene amistad\u201d, detall\u00f3 Manuel. Por su parte, Mar\u00eda Rojas, una de los nueve hermanos, se mostr\u00f3 muy animada con nuestra visita a la granja.<\/p>\n<p>\u201cEstoy muy contenta de poder compartir nuestra forma de vivir con todos los lectores del Diario, es una herencia recibida de nuestros padres y seguiremos adelante, todos los fines de semana nuestros hijos y nietos llegan aqu\u00ed para inundar de alegr\u00eda nuestros corazones, eso es una buena vida\u201d, coment\u00f3 Mar\u00eda. Si usted quiere conocer esta granja de Casas Chicas de Quilpu\u00e9, puede llamar al 9583 3693.<\/p>\n","protected":false},"excerpt":{"rendered":"<p>Roberto Gonz\u00e1lez Short &#8211; rgonzalez@eltrabajo.cl \u00bfSe imagina llevar una vida en donde no existen los d\u00edas feriados, descansos por Navidad ni fiestas dieciochenas durante todo el a\u00f1o? Es la vida de Fructuoso&#8230;<\/p>\n","protected":false},"author":482,"featured_media":18677,"comment_status":"open","ping_status":"closed","sticky":false,"template":"","format":"standard","meta":{"advanced_seo_description":"","jetpack_seo_html_title":"","jetpack_seo_noindex":false,"_jetpack_memberships_contains_paid_content":false,"footnotes":""},"categories":[15],"tags":[],"class_list":["post-18676","post","type-post","status-publish","format-standard","has-post-thumbnail","hentry","category-comunidad"],"jetpack_featured_media_url":"https:\/\/i0.wp.com\/eltrabajo.cl\/portal\/wp-content\/uploads\/2012\/05\/Chivos1.jpg?fit=600%2C450&ssl=1","jetpack_sharing_enabled":true,"jetpack_likes_enabled":true,"jetpack-related-posts":[],"_links":{"self":[{"href":"https:\/\/eltrabajo.cl\/portal\/wp-json\/wp\/v2\/posts\/18676","targetHints":{"allow":["GET"]}}],"collection":[{"href":"https:\/\/eltrabajo.cl\/portal\/wp-json\/wp\/v2\/posts"}],"about":[{"href":"https:\/\/eltrabajo.cl\/portal\/wp-json\/wp\/v2\/types\/post"}],"author":[{"embeddable":true,"href":"https:\/\/eltrabajo.cl\/portal\/wp-json\/wp\/v2\/users\/482"}],"replies":[{"embeddable":true,"href":"https:\/\/eltrabajo.cl\/portal\/wp-json\/wp\/v2\/comments?post=18676"}],"version-history":[{"count":0,"href":"https:\/\/eltrabajo.cl\/portal\/wp-json\/wp\/v2\/posts\/18676\/revisions"}],"wp:featuredmedia":[{"embeddable":true,"href":"https:\/\/eltrabajo.cl\/portal\/wp-json\/wp\/v2\/media\/18677"}],"wp:attachment":[{"href":"https:\/\/eltrabajo.cl\/portal\/wp-json\/wp\/v2\/media?parent=18676"}],"wp:term":[{"taxonomy":"category","embeddable":true,"href":"https:\/\/eltrabajo.cl\/portal\/wp-json\/wp\/v2\/categories?post=18676"},{"taxonomy":"post_tag","embeddable":true,"href":"https:\/\/eltrabajo.cl\/portal\/wp-json\/wp\/v2\/tags?post=18676"}],"curies":[{"name":"wp","href":"https:\/\/api.w.org\/{rel}","templated":true}]}}