{"id":18682,"date":"2012-05-31T09:42:42","date_gmt":"2012-05-31T13:42:42","guid":{"rendered":"http:\/\/www.eltrabajo.cl\/portal\/?p=18682"},"modified":"2012-05-31T09:42:42","modified_gmt":"2012-05-31T13:42:42","slug":"nuevo-integrante-en-la-familia-de-granja-ecologica-parque-cordillera","status":"publish","type":"post","link":"https:\/\/eltrabajo.cl\/portal\/nuevo-integrante-en-la-familia-de-granja-ecologica-parque-cordillera\/","title":{"rendered":"Nuevo integrante en la familia de Granja Ecol\u00f3gica Parque Cordillera"},"content":{"rendered":"<figure id=\"attachment_18683\" aria-describedby=\"caption-attachment-18683\" style=\"width: 600px\" class=\"wp-caption alignnone\"><a href=\"http:\/\/www.eltrabajo.cl\/portal\/2012\/05\/nuevo-integrante-en-la-familia-de-granja-ecologica-parque-cordillera\/ternero-hereford\/\" rel=\"attachment wp-att-18683\"><img data-recalc-dims=\"1\" loading=\"lazy\" decoding=\"async\" class=\"size-full wp-image-18683\" title=\"ternero hereford\" src=\"https:\/\/i0.wp.com\/www.eltrabajo.cl\/portal\/wp-content\/uploads\/2012\/05\/ternero-hereford.jpg?resize=600%2C400\" alt=\"\" width=\"600\" height=\"400\" srcset=\"https:\/\/i0.wp.com\/eltrabajo.cl\/portal\/wp-content\/uploads\/2012\/05\/ternero-hereford.jpg?w=600&amp;ssl=1 600w, https:\/\/i0.wp.com\/eltrabajo.cl\/portal\/wp-content\/uploads\/2012\/05\/ternero-hereford.jpg?resize=200%2C133&amp;ssl=1 200w, https:\/\/i0.wp.com\/eltrabajo.cl\/portal\/wp-content\/uploads\/2012\/05\/ternero-hereford.jpg?resize=300%2C200&amp;ssl=1 300w, https:\/\/i0.wp.com\/eltrabajo.cl\/portal\/wp-content\/uploads\/2012\/05\/ternero-hereford.jpg?resize=150%2C100&amp;ssl=1 150w, https:\/\/i0.wp.com\/eltrabajo.cl\/portal\/wp-content\/uploads\/2012\/05\/ternero-hereford.jpg?resize=400%2C266&amp;ssl=1 400w\" sizes=\"auto, (max-width: 600px) 100vw, 600px\" \/><\/a><figcaption id=\"caption-attachment-18683\" class=\"wp-caption-text\">El ternero est\u00e1 sano y se tomaron las medidas para que tenga un mejor abrigo, ya que la zona es bastante fr\u00eda.<\/figcaption><\/figure>\n<p><strong>LOS ANDES<\/strong>.- A pocas semanas de haberse inaugurado la Granja Ecol\u00f3gica Parque Cordillera, proyecto financiado por el Fondo de Inversi\u00f3n Social de Codelco, la vaquita Hereford pari\u00f3 un hermoso ternero que se viene a sumar a las m\u00faltiples especies que \u00e9sta posee.<\/p>\n<p>La llegada al mundo de Hereford Junior fue la noche del domingo, donde el director de la Junta de Adelanto de Los Andes, Sergio D\u00edaz, inform\u00f3 de inmediato el m\u00e9dico veterinario Mario M\u00e9ndez, el que se constituy\u00f3 en el lugar el d\u00eda lunes para constatar el buen estado del animal.<\/p>\n<p>\u201cEsta es una hermosa experiencia porque luego de la violenta tormenta del fin de semana, nos dio un fruto hermoso la Granja Ecol\u00f3gica, con el nacimiento de un primer ternero que surge de una vaca de raza Hereford mestiza que tenemos en este lugar. Afortunadamente est\u00e1 sano y estamos tomando medidas para que tenga un mejor abrigo, porque esta zona es bastante fr\u00eda. Le hice una revisi\u00f3n cl\u00ednica y se han entregado indicaciones para que tenga la mejor protecci\u00f3n en temperatura posible\u201d, afirm\u00f3 Mario M\u00e9ndez.<\/p>\n<p>De esta forma, se pretende que la Granja Ecol\u00f3gica vaya creciendo por su propia naturaleza, para que en un futuro cercano las especies se incrementen.<\/p>\n","protected":false},"excerpt":{"rendered":"<p>LOS ANDES.- A pocas semanas de haberse inaugurado la Granja Ecol\u00f3gica Parque Cordillera, proyecto financiado por el Fondo de Inversi\u00f3n Social de Codelco, la vaquita Hereford pari\u00f3 un hermoso ternero que se&#8230;<\/p>\n","protected":false},"author":482,"featured_media":18683,"comment_status":"open","ping_status":"closed","sticky":false,"template":"","format":"standard","meta":{"advanced_seo_description":"","jetpack_seo_html_title":"","jetpack_seo_noindex":false,"_jetpack_memberships_contains_paid_content":false,"footnotes":""},"categories":[1],"tags":[],"class_list":["post-18682","post","type-post","status-publish","format-standard","has-post-thumbnail","hentry","category-cronica"],"jetpack_featured_media_url":"https:\/\/i0.wp.com\/eltrabajo.cl\/portal\/wp-content\/uploads\/2012\/05\/ternero-hereford.jpg?fit=600%2C400&ssl=1","jetpack_sharing_enabled":true,"jetpack_likes_enabled":true,"jetpack-related-posts":[],"_links":{"self":[{"href":"https:\/\/eltrabajo.cl\/portal\/wp-json\/wp\/v2\/posts\/18682","targetHints":{"allow":["GET"]}}],"collection":[{"href":"https:\/\/eltrabajo.cl\/portal\/wp-json\/wp\/v2\/posts"}],"about":[{"href":"https:\/\/eltrabajo.cl\/portal\/wp-json\/wp\/v2\/types\/post"}],"author":[{"embeddable":true,"href":"https:\/\/eltrabajo.cl\/portal\/wp-json\/wp\/v2\/users\/482"}],"replies":[{"embeddable":true,"href":"https:\/\/eltrabajo.cl\/portal\/wp-json\/wp\/v2\/comments?post=18682"}],"version-history":[{"count":0,"href":"https:\/\/eltrabajo.cl\/portal\/wp-json\/wp\/v2\/posts\/18682\/revisions"}],"wp:featuredmedia":[{"embeddable":true,"href":"https:\/\/eltrabajo.cl\/portal\/wp-json\/wp\/v2\/media\/18683"}],"wp:attachment":[{"href":"https:\/\/eltrabajo.cl\/portal\/wp-json\/wp\/v2\/media?parent=18682"}],"wp:term":[{"taxonomy":"category","embeddable":true,"href":"https:\/\/eltrabajo.cl\/portal\/wp-json\/wp\/v2\/categories?post=18682"},{"taxonomy":"post_tag","embeddable":true,"href":"https:\/\/eltrabajo.cl\/portal\/wp-json\/wp\/v2\/tags?post=18682"}],"curies":[{"name":"wp","href":"https:\/\/api.w.org\/{rel}","templated":true}]}}