{"id":18686,"date":"2012-05-31T09:46:13","date_gmt":"2012-05-31T13:46:13","guid":{"rendered":"http:\/\/www.eltrabajo.cl\/portal\/?p=18686"},"modified":"2012-05-31T09:46:13","modified_gmt":"2012-05-31T13:46:13","slug":"segun-plazos-establecidos-avanza-proyecto-de-recuperacion-de-plaza-de-la-donita","status":"publish","type":"post","link":"https:\/\/eltrabajo.cl\/portal\/segun-plazos-establecidos-avanza-proyecto-de-recuperacion-de-plaza-de-la-donita\/","title":{"rendered":"Seg\u00fan plazos establecidos avanza proyecto de recuperaci\u00f3n de plaza de La Do\u00f1ita"},"content":{"rendered":"<figure id=\"attachment_18687\" aria-describedby=\"caption-attachment-18687\" style=\"width: 600px\" class=\"wp-caption alignnone\"><a href=\"http:\/\/www.eltrabajo.cl\/portal\/2012\/05\/segun-plazos-establecidos-avanza-proyecto-de-recuperacion-de-plaza-de-la-donita\/plaza-la-donita-3\/\" rel=\"attachment wp-att-18687\"><img data-recalc-dims=\"1\" loading=\"lazy\" decoding=\"async\" class=\"size-full wp-image-18687\" title=\"plaza la donita (3)\" src=\"https:\/\/i0.wp.com\/www.eltrabajo.cl\/portal\/wp-content\/uploads\/2012\/05\/plaza-la-donita-3.jpg?resize=600%2C450\" alt=\"\" width=\"600\" height=\"450\" srcset=\"https:\/\/i0.wp.com\/eltrabajo.cl\/portal\/wp-content\/uploads\/2012\/05\/plaza-la-donita-3.jpg?w=600&amp;ssl=1 600w, https:\/\/i0.wp.com\/eltrabajo.cl\/portal\/wp-content\/uploads\/2012\/05\/plaza-la-donita-3.jpg?resize=200%2C150&amp;ssl=1 200w, https:\/\/i0.wp.com\/eltrabajo.cl\/portal\/wp-content\/uploads\/2012\/05\/plaza-la-donita-3.jpg?resize=300%2C225&amp;ssl=1 300w, https:\/\/i0.wp.com\/eltrabajo.cl\/portal\/wp-content\/uploads\/2012\/05\/plaza-la-donita-3.jpg?resize=150%2C112&amp;ssl=1 150w, https:\/\/i0.wp.com\/eltrabajo.cl\/portal\/wp-content\/uploads\/2012\/05\/plaza-la-donita-3.jpg?resize=400%2C300&amp;ssl=1 400w\" sizes=\"auto, (max-width: 600px) 100vw, 600px\" \/><\/a><figcaption id=\"caption-attachment-18687\" class=\"wp-caption-text\">En la plaza ya fue instalado el juego antivand\u00e1lico, y se espera que una vez terminados los trabajos, los vecinos hagan uso de este espacio.<\/figcaption><\/figure>\n<p>Un importante avance presentan las plazas que se ubican en la villa La Do\u00f1ita, las que est\u00e1n siendo totalmente recuperadas para que as\u00ed vuelvan a ser utilizadas por los vecinos del sector.<\/p>\n<p>En el lugar ya fue instalado el juego antivand\u00e1lico y por estos d\u00edas se est\u00e1n determinando las \u00e1reas verdes, colocando el maicillo, las luminarias ornamentales tambi\u00e9n est\u00e1n listas y se est\u00e1n haciendo las veredas.<\/p>\n<p>Para los pr\u00f3ximos d\u00edas adem\u00e1s se espera que llegue el equipamiento para ser posteriormente instalado, el que contempla esca\u00f1os antivand\u00e1licos y tableros de ajedrez.<\/p>\n<figure id=\"attachment_18688\" aria-describedby=\"caption-attachment-18688\" style=\"width: 300px\" class=\"wp-caption alignright\"><a href=\"http:\/\/www.eltrabajo.cl\/portal\/2012\/05\/segun-plazos-establecidos-avanza-proyecto-de-recuperacion-de-plaza-de-la-donita\/alexis-guerrero-2\/\" rel=\"attachment wp-att-18688\"><img data-recalc-dims=\"1\" loading=\"lazy\" decoding=\"async\" class=\"size-medium wp-image-18688\" title=\"alexis guerrero\" src=\"https:\/\/i0.wp.com\/www.eltrabajo.cl\/portal\/wp-content\/uploads\/2012\/05\/alexis-guerrero-300x225.jpg?resize=300%2C225\" alt=\"\" width=\"300\" height=\"225\" srcset=\"https:\/\/i0.wp.com\/eltrabajo.cl\/portal\/wp-content\/uploads\/2012\/05\/alexis-guerrero.jpg?resize=300%2C225&amp;ssl=1 300w, https:\/\/i0.wp.com\/eltrabajo.cl\/portal\/wp-content\/uploads\/2012\/05\/alexis-guerrero.jpg?resize=200%2C150&amp;ssl=1 200w, https:\/\/i0.wp.com\/eltrabajo.cl\/portal\/wp-content\/uploads\/2012\/05\/alexis-guerrero.jpg?resize=150%2C112&amp;ssl=1 150w, https:\/\/i0.wp.com\/eltrabajo.cl\/portal\/wp-content\/uploads\/2012\/05\/alexis-guerrero.jpg?resize=400%2C300&amp;ssl=1 400w, https:\/\/i0.wp.com\/eltrabajo.cl\/portal\/wp-content\/uploads\/2012\/05\/alexis-guerrero.jpg?w=600&amp;ssl=1 600w\" sizes=\"auto, (max-width: 300px) 100vw, 300px\" \/><\/a><figcaption id=\"caption-attachment-18688\" class=\"wp-caption-text\">El coordinador municipal del programa, Alexis Guerrero, se\u00f1al\u00f3 que el proyecto va de acuerdo a los plazos y se espera que en julio sea finalmente entregado.<\/figcaption><\/figure>\n<p>El plazo de entrega de este proyecto, que cuenta con recursos del a\u00f1o 2011, es en el mes de julio, luego de lo cual el programa Barrio en Paz Residencial continuar\u00e1 enfocado en seguir recuperando espacios p\u00fablicos, con recursos a\u00f1o 2012.<\/p>\n<p>\u201cEsta plaza est\u00e1 acorde con los plazos que ten\u00edamos planificados desde el primer momento y ser\u00e1 en el mes de julio\u201d, dijo Alexis Guerrero, coordinador municipal del programa.<\/p>\n<p>Aunque se trata de un beneficio para los vecinos de este sector, existe un grupo de ellos que no ven con buenos ojos la iniciativa.<\/p>\n<p>Seg\u00fan explica Guerrero, hay visiones contrapuestas en relaci\u00f3n con el proyecto, ya que una parte de los vecinos se opone al uso, argumentando que puede generar focos de delincuencia y el uso de grupos negativos, mientras que otro sector de la villa apoya la iniciativa y piensan en utilizar las plazas y no dejar espacio a la delincuencia.<\/p>\n<p>\u201cEsperamos que con los talleres que se van a realizar con los vecinos, esa visi\u00f3n que es negativa se pueda mejorar y que efectivamente los vecinos de La Do\u00f1ita y del barrio puedan hacer uso de la plaza\u201d, sostuvo Guerrero.<\/p>\n<p>Para intervenir estas plazas se tomaron en cuenta tres aspectos fundamentales, que dicen relaci\u00f3n con la inseguridad y espec\u00edficamente cuales eran los factores que incid\u00edan en este tema. Otro punto estaba directamente relacionado con la comisi\u00f3n de delitos, es decir qu\u00e9 factores estaban favoreciendo la ocurrencia de delitos, y en tercer lugar se tom\u00f3 la opini\u00f3n de los vecinos respecto de conceptos b\u00e1sico de dise\u00f1o, lo que dice relaci\u00f3n con la instalaci\u00f3n de basureros, donde se instalar\u00e1n los bancos, etc.<\/p>\n","protected":false},"excerpt":{"rendered":"<p>Un importante avance presentan las plazas que se ubican en la villa La Do\u00f1ita, las que est\u00e1n siendo totalmente recuperadas para que as\u00ed vuelvan a ser utilizadas por los vecinos del sector&#8230;.<\/p>\n","protected":false},"author":482,"featured_media":18687,"comment_status":"open","ping_status":"closed","sticky":false,"template":"","format":"standard","meta":{"advanced_seo_description":"","jetpack_seo_html_title":"","jetpack_seo_noindex":false,"_jetpack_memberships_contains_paid_content":false,"footnotes":""},"categories":[1],"tags":[],"class_list":["post-18686","post","type-post","status-publish","format-standard","has-post-thumbnail","hentry","category-cronica"],"jetpack_featured_media_url":"https:\/\/i0.wp.com\/eltrabajo.cl\/portal\/wp-content\/uploads\/2012\/05\/plaza-la-donita-3.jpg?fit=600%2C450&ssl=1","jetpack_sharing_enabled":true,"jetpack_likes_enabled":true,"jetpack-related-posts":[],"_links":{"self":[{"href":"https:\/\/eltrabajo.cl\/portal\/wp-json\/wp\/v2\/posts\/18686","targetHints":{"allow":["GET"]}}],"collection":[{"href":"https:\/\/eltrabajo.cl\/portal\/wp-json\/wp\/v2\/posts"}],"about":[{"href":"https:\/\/eltrabajo.cl\/portal\/wp-json\/wp\/v2\/types\/post"}],"author":[{"embeddable":true,"href":"https:\/\/eltrabajo.cl\/portal\/wp-json\/wp\/v2\/users\/482"}],"replies":[{"embeddable":true,"href":"https:\/\/eltrabajo.cl\/portal\/wp-json\/wp\/v2\/comments?post=18686"}],"version-history":[{"count":0,"href":"https:\/\/eltrabajo.cl\/portal\/wp-json\/wp\/v2\/posts\/18686\/revisions"}],"wp:featuredmedia":[{"embeddable":true,"href":"https:\/\/eltrabajo.cl\/portal\/wp-json\/wp\/v2\/media\/18687"}],"wp:attachment":[{"href":"https:\/\/eltrabajo.cl\/portal\/wp-json\/wp\/v2\/media?parent=18686"}],"wp:term":[{"taxonomy":"category","embeddable":true,"href":"https:\/\/eltrabajo.cl\/portal\/wp-json\/wp\/v2\/categories?post=18686"},{"taxonomy":"post_tag","embeddable":true,"href":"https:\/\/eltrabajo.cl\/portal\/wp-json\/wp\/v2\/tags?post=18686"}],"curies":[{"name":"wp","href":"https:\/\/api.w.org\/{rel}","templated":true}]}}