{"id":18691,"date":"2012-05-31T09:47:43","date_gmt":"2012-05-31T13:47:43","guid":{"rendered":"http:\/\/www.eltrabajo.cl\/portal\/?p=18691"},"modified":"2012-05-31T09:47:43","modified_gmt":"2012-05-31T13:47:43","slug":"entregan-ayuda-a-familias-afectadas-por-temporal-en-la-redonda","status":"publish","type":"post","link":"https:\/\/eltrabajo.cl\/portal\/entregan-ayuda-a-familias-afectadas-por-temporal-en-la-redonda\/","title":{"rendered":"Entregan ayuda a familias afectadas por temporal en La Redonda"},"content":{"rendered":"<figure id=\"attachment_18692\" aria-describedby=\"caption-attachment-18692\" style=\"width: 600px\" class=\"wp-caption alignnone\"><a href=\"http:\/\/www.eltrabajo.cl\/portal\/2012\/05\/entregan-ayuda-a-familias-afectadas-por-temporal-en-la-redonda\/entrega-de-ayuda\/\" rel=\"attachment wp-att-18692\"><img data-recalc-dims=\"1\" loading=\"lazy\" decoding=\"async\" class=\"size-full wp-image-18692\" title=\"entrega de ayuda\" src=\"https:\/\/i0.wp.com\/www.eltrabajo.cl\/portal\/wp-content\/uploads\/2012\/05\/entrega-de-ayuda.jpg?resize=600%2C450\" alt=\"\" width=\"600\" height=\"450\" srcset=\"https:\/\/i0.wp.com\/eltrabajo.cl\/portal\/wp-content\/uploads\/2012\/05\/entrega-de-ayuda.jpg?w=600&amp;ssl=1 600w, https:\/\/i0.wp.com\/eltrabajo.cl\/portal\/wp-content\/uploads\/2012\/05\/entrega-de-ayuda.jpg?resize=200%2C150&amp;ssl=1 200w, https:\/\/i0.wp.com\/eltrabajo.cl\/portal\/wp-content\/uploads\/2012\/05\/entrega-de-ayuda.jpg?resize=300%2C225&amp;ssl=1 300w, https:\/\/i0.wp.com\/eltrabajo.cl\/portal\/wp-content\/uploads\/2012\/05\/entrega-de-ayuda.jpg?resize=150%2C112&amp;ssl=1 150w, https:\/\/i0.wp.com\/eltrabajo.cl\/portal\/wp-content\/uploads\/2012\/05\/entrega-de-ayuda.jpg?resize=400%2C300&amp;ssl=1 400w\" sizes=\"auto, (max-width: 600px) 100vw, 600px\" \/><\/a><figcaption id=\"caption-attachment-18692\" class=\"wp-caption-text\">Roxana Y\u00e1\u00f1ez, una de las vecinas afectadas por el temporal, recibi\u00f3 la ayuda directamente de la Gobernadora Patricia Boffa y el Alcalde Jaime Amar.<\/figcaption><\/figure>\n<p>La entrega de alimentos y geomembrana a las familias del sector La Redonda afectadas por el temporal del fin de semana, realiz\u00f3 la Gobernadora Provincial de San Felipe, Patricia Boffa, acompa\u00f1ada del alcalde Jaime Amar.<\/p>\n<p>Tras el temporal, los caminos de acceso desde el sector de Catemu hasta el mencionado lugar, que pertenece a la comuna de San Felipe, quedaron intransitables, provocando serios problemas de conectividad para la entrega de ayuda, lo que se sum\u00f3 a la falta de energ\u00eda el\u00e9ctrica y agua de bebida.<\/p>\n<p>Ante este panorama, la Gobernadora Boffa junto al alcalde Amar acudieron hasta el lugar conversando con las familias que han resultado afectadas, recogiendo sus inquietudes, lo que permiti\u00f3 evaluar los da\u00f1os de sus viviendas para implementar un plan inmediato de mejoramiento.<\/p>\n<p>Tras su condici\u00f3n de aislamiento geogr\u00e1fico por el mal estado del camino, que le corresponder\u00e1 a la Direcci\u00f3n Provincial de Vialidad dejar en condiciones de tr\u00e1nsito, ambas autoridades hicieron entrega de alimentos no perecibles, como asimismo geomembrana, aislante que permite revestir las viviendas que resultaron da\u00f1adas tras el temporal.<\/p>\n<p>Roxana Y\u00e1\u00f1ez, una de las vecinas afectadas por el temporal, dijo que si bien la situaci\u00f3n que han vivido estos d\u00edas ha sido muy complicada, le emocion\u00f3 ver a las autoridades llegar hasta esos lugares a dejarles ayuda.<\/p>\n<p>\u201cLe agradezco a la Gobernadora, le agradezco su inter\u00e9s junto al alcalde de llegar hasta ac\u00e1, porque nosotros hemos tenido que soportar un temporal que adem\u00e1s nos dej\u00f3 sin agua y luz\u201d.<\/p>\n<p>Por su parte el Alcalde Amar se\u00f1al\u00f3 que se orden\u00f3 a la Direcci\u00f3n de Obras de la municipalidad hacer las respectivas evaluaciones de las viviendas que han resultado afectadas con el temporal para su mejoramiento.<\/p>\n<p>Finalmente la Gobernadora Patricia Boffa explic\u00f3 que tras hacer las coordinaciones de rigor, est\u00e1 visitando a la gente de \u00e9ste y otros sectores para ver si las medidas de mitigaci\u00f3n se est\u00e1n cumpliendo. \u00abEsta gente no la ha pasado bien, por lo mismo si bien no es mucha la ayuda que llevamos en esta primera instancia, lo que nos interesa es poder visitarlos, hacer entrega de la ayuda necesaria y solucionar sus problemas pues a esta gente le debemos dar una soluci\u00f3n inmediata, ahora ya y es lo que estamos haciendo\u00bb.<\/p>\n","protected":false},"excerpt":{"rendered":"<p>La entrega de alimentos y geomembrana a las familias del sector La Redonda afectadas por el temporal del fin de semana, realiz\u00f3 la Gobernadora Provincial de San Felipe, Patricia Boffa, acompa\u00f1ada del&#8230;<\/p>\n","protected":false},"author":482,"featured_media":18692,"comment_status":"open","ping_status":"closed","sticky":false,"template":"","format":"standard","meta":{"advanced_seo_description":"","jetpack_seo_html_title":"","jetpack_seo_noindex":false,"_jetpack_memberships_contains_paid_content":false,"footnotes":""},"categories":[15],"tags":[],"class_list":["post-18691","post","type-post","status-publish","format-standard","has-post-thumbnail","hentry","category-comunidad"],"jetpack_featured_media_url":"https:\/\/i0.wp.com\/eltrabajo.cl\/portal\/wp-content\/uploads\/2012\/05\/entrega-de-ayuda.jpg?fit=600%2C450&ssl=1","jetpack_sharing_enabled":true,"jetpack_likes_enabled":true,"jetpack-related-posts":[],"_links":{"self":[{"href":"https:\/\/eltrabajo.cl\/portal\/wp-json\/wp\/v2\/posts\/18691","targetHints":{"allow":["GET"]}}],"collection":[{"href":"https:\/\/eltrabajo.cl\/portal\/wp-json\/wp\/v2\/posts"}],"about":[{"href":"https:\/\/eltrabajo.cl\/portal\/wp-json\/wp\/v2\/types\/post"}],"author":[{"embeddable":true,"href":"https:\/\/eltrabajo.cl\/portal\/wp-json\/wp\/v2\/users\/482"}],"replies":[{"embeddable":true,"href":"https:\/\/eltrabajo.cl\/portal\/wp-json\/wp\/v2\/comments?post=18691"}],"version-history":[{"count":0,"href":"https:\/\/eltrabajo.cl\/portal\/wp-json\/wp\/v2\/posts\/18691\/revisions"}],"wp:featuredmedia":[{"embeddable":true,"href":"https:\/\/eltrabajo.cl\/portal\/wp-json\/wp\/v2\/media\/18692"}],"wp:attachment":[{"href":"https:\/\/eltrabajo.cl\/portal\/wp-json\/wp\/v2\/media?parent=18691"}],"wp:term":[{"taxonomy":"category","embeddable":true,"href":"https:\/\/eltrabajo.cl\/portal\/wp-json\/wp\/v2\/categories?post=18691"},{"taxonomy":"post_tag","embeddable":true,"href":"https:\/\/eltrabajo.cl\/portal\/wp-json\/wp\/v2\/tags?post=18691"}],"curies":[{"name":"wp","href":"https:\/\/api.w.org\/{rel}","templated":true}]}}