{"id":18701,"date":"2012-05-31T09:52:22","date_gmt":"2012-05-31T13:52:22","guid":{"rendered":"http:\/\/www.eltrabajo.cl\/portal\/?p=18701"},"modified":"2012-05-31T09:52:22","modified_gmt":"2012-05-31T13:52:22","slug":"diputado-gaspar-rivas-%e2%80%9cchilquinta-no-aprendio-nada-con-experiencia-sufrida-con-el-terremoto-del-2010%e2%80%9d","status":"publish","type":"post","link":"https:\/\/eltrabajo.cl\/portal\/diputado-gaspar-rivas-%e2%80%9cchilquinta-no-aprendio-nada-con-experiencia-sufrida-con-el-terremoto-del-2010%e2%80%9d\/","title":{"rendered":"Diputado Gaspar Rivas: \u201cChilquinta no aprendi\u00f3 nada con experiencia sufrida con el terremoto del 2010\u201d"},"content":{"rendered":"<figure id=\"attachment_18702\" aria-describedby=\"caption-attachment-18702\" style=\"width: 600px\" class=\"wp-caption alignnone\"><a href=\"http:\/\/www.eltrabajo.cl\/portal\/2012\/05\/diputado-gaspar-rivas-%e2%80%9cchilquinta-no-aprendio-nada-con-experiencia-sufrida-con-el-terremoto-del-2010%e2%80%9d\/rivasboffa\/\" rel=\"attachment wp-att-18702\"><img data-recalc-dims=\"1\" loading=\"lazy\" decoding=\"async\" class=\"size-full wp-image-18702\" title=\"rivasBoffa\" src=\"https:\/\/i0.wp.com\/www.eltrabajo.cl\/portal\/wp-content\/uploads\/2012\/05\/rivasBoffa.jpg?resize=600%2C498\" alt=\"\" width=\"600\" height=\"498\" srcset=\"https:\/\/i0.wp.com\/eltrabajo.cl\/portal\/wp-content\/uploads\/2012\/05\/rivasBoffa.jpg?w=600&amp;ssl=1 600w, https:\/\/i0.wp.com\/eltrabajo.cl\/portal\/wp-content\/uploads\/2012\/05\/rivasBoffa.jpg?resize=180%2C150&amp;ssl=1 180w, https:\/\/i0.wp.com\/eltrabajo.cl\/portal\/wp-content\/uploads\/2012\/05\/rivasBoffa.jpg?resize=300%2C249&amp;ssl=1 300w, https:\/\/i0.wp.com\/eltrabajo.cl\/portal\/wp-content\/uploads\/2012\/05\/rivasBoffa.jpg?resize=150%2C124&amp;ssl=1 150w, https:\/\/i0.wp.com\/eltrabajo.cl\/portal\/wp-content\/uploads\/2012\/05\/rivasBoffa.jpg?resize=400%2C332&amp;ssl=1 400w\" sizes=\"auto, (max-width: 600px) 100vw, 600px\" \/><\/a><figcaption id=\"caption-attachment-18702\" class=\"wp-caption-text\">El diputado Gaspar Rivas junto a la Gobernadora de San Felipe, Patricia Boffa.<\/figcaption><\/figure>\n<p>Al momento de anunciar la presentaci\u00f3n de una denuncia al Sernac en nombre de todos los afectados por el corte el\u00e9ctrico tras el temporal del s\u00e1bado pasado en el valle de Aconcagua, el Diputado Gaspar Rivas sostuvo que \u201cChilquinta no aprendi\u00f3 nada de la experiencia vivida con el terremoto del 2010\u201d.<\/p>\n<p>El parlamentario record\u00f3 que posterior al terremoto del 27 de febrero ocurri\u00f3 exactamente lo mismo con Chilquinta, dejando por interminables d\u00edas a muchos sectores en Aconcagua sin electricidad; \u201cy cre\u00edamos que dicha empresa, con toda la solidez que aparenta demostrar, hab\u00eda aprendido la lecci\u00f3n, y que tal cual lo ped\u00ed y exigimos, que entidades como \u00e9stas ten\u00edan que transparentar y generar protocolos de respuesta ante situaciones de emergencia, pero a dos a\u00f1os de eso vemos que tenemos a Chilquinta que sigue igual o peor preparada para una situaci\u00f3n como la que vivimos el pasado fin de semana\u201d.<\/p>\n<p>Para el diputado Gaspar Rivas, Chilquinta fue totalmente ineficiente para enfrentar las consecuencias del temporal del s\u00e1bado pasado; \u201cy por eso es correcto preguntarse que con este grado de incapacidad, ineficacia e ineptitud por parte de esta empresa, qu\u00e9 pasar\u00eda ante una emergencia mayor, \u00bfcu\u00e1ntos ser\u00edan los tiempos de espera?. No es posible que muchos sectores hayan tenido que esperar hasta cuatro d\u00edas para contar nuevamente con el suministro el\u00e9ctrico, gener\u00e1ndose una serie de situaciones que han menoscabado la calidad de vida de muchas familias, muchas personas\u201d.<\/p>\n<p>Frente a una negligencia de esta magnitud, Rivas sostuvo que Chilquinta tiene que hacerse responsable; \u201caqu\u00ed no corresponden las excusas y por eso para complementar las presentaciones que har\u00e1n las Gobernaciones de Los Andes y San Felipe a la SEC, vamos a presentar una denuncia ante el Servicio Nacional del Consumidor, Sernac, para que se tomen todas las medidas y sanciones legales que correspondan, porque la inoperancia de Chilquinta pas\u00f3 a otros ribetes y no vamos a esperar otra emergencia m\u00e1s para saber si estar\u00e1n en condiciones de responder oportunamente a sus clientes, a la comunidad afectada.<\/p>\n<p>\u201cChilquinta nos ha demostrado que no tiene capacidad de previsi\u00f3n, cada vez que ocurre una emergencia est\u00e1 reaccionando como si fuera la primera vez, no aprende de las experiencias anteriores y los que sufren esa ineficiencia son los vecinos, lo que es un abuso\u201d, sentenci\u00f3 el Diputado Rivas.<\/p>\n","protected":false},"excerpt":{"rendered":"<p>Al momento de anunciar la presentaci\u00f3n de una denuncia al Sernac en nombre de todos los afectados por el corte el\u00e9ctrico tras el temporal del s\u00e1bado pasado en el valle de Aconcagua,&#8230;<\/p>\n","protected":false},"author":482,"featured_media":18702,"comment_status":"open","ping_status":"closed","sticky":false,"template":"","format":"standard","meta":{"advanced_seo_description":"","jetpack_seo_html_title":"","jetpack_seo_noindex":false,"_jetpack_memberships_contains_paid_content":false,"footnotes":""},"categories":[1],"tags":[],"class_list":["post-18701","post","type-post","status-publish","format-standard","has-post-thumbnail","hentry","category-cronica"],"jetpack_featured_media_url":"https:\/\/i0.wp.com\/eltrabajo.cl\/portal\/wp-content\/uploads\/2012\/05\/rivasBoffa.jpg?fit=600%2C498&ssl=1","jetpack_sharing_enabled":true,"jetpack_likes_enabled":true,"jetpack-related-posts":[],"_links":{"self":[{"href":"https:\/\/eltrabajo.cl\/portal\/wp-json\/wp\/v2\/posts\/18701","targetHints":{"allow":["GET"]}}],"collection":[{"href":"https:\/\/eltrabajo.cl\/portal\/wp-json\/wp\/v2\/posts"}],"about":[{"href":"https:\/\/eltrabajo.cl\/portal\/wp-json\/wp\/v2\/types\/post"}],"author":[{"embeddable":true,"href":"https:\/\/eltrabajo.cl\/portal\/wp-json\/wp\/v2\/users\/482"}],"replies":[{"embeddable":true,"href":"https:\/\/eltrabajo.cl\/portal\/wp-json\/wp\/v2\/comments?post=18701"}],"version-history":[{"count":0,"href":"https:\/\/eltrabajo.cl\/portal\/wp-json\/wp\/v2\/posts\/18701\/revisions"}],"wp:featuredmedia":[{"embeddable":true,"href":"https:\/\/eltrabajo.cl\/portal\/wp-json\/wp\/v2\/media\/18702"}],"wp:attachment":[{"href":"https:\/\/eltrabajo.cl\/portal\/wp-json\/wp\/v2\/media?parent=18701"}],"wp:term":[{"taxonomy":"category","embeddable":true,"href":"https:\/\/eltrabajo.cl\/portal\/wp-json\/wp\/v2\/categories?post=18701"},{"taxonomy":"post_tag","embeddable":true,"href":"https:\/\/eltrabajo.cl\/portal\/wp-json\/wp\/v2\/tags?post=18701"}],"curies":[{"name":"wp","href":"https:\/\/api.w.org\/{rel}","templated":true}]}}