{"id":18705,"date":"2012-05-31T09:53:43","date_gmt":"2012-05-31T13:53:43","guid":{"rendered":"http:\/\/www.eltrabajo.cl\/portal\/?p=18705"},"modified":"2012-05-31T09:53:43","modified_gmt":"2012-05-31T13:53:43","slug":"mas-de-30-personas-ya-se-han-sumado-a-demanda-contra-chilquinta","status":"publish","type":"post","link":"https:\/\/eltrabajo.cl\/portal\/mas-de-30-personas-ya-se-han-sumado-a-demanda-contra-chilquinta\/","title":{"rendered":"M\u00e1s de 30 personas ya se han sumado a demanda contra Chilquinta"},"content":{"rendered":"<figure id=\"attachment_18706\" aria-describedby=\"caption-attachment-18706\" style=\"width: 300px\" class=\"wp-caption alignleft\"><a href=\"http:\/\/www.eltrabajo.cl\/portal\/2012\/05\/mas-de-30-personas-ya-se-han-sumado-a-demanda-contra-chilquinta\/rolando-stevenson-2\/\" rel=\"attachment wp-att-18706\"><img data-recalc-dims=\"1\" loading=\"lazy\" decoding=\"async\" class=\"size-medium wp-image-18706\" title=\"rolando stevenson\" src=\"https:\/\/i0.wp.com\/www.eltrabajo.cl\/portal\/wp-content\/uploads\/2012\/05\/rolando-stevenson-300x225.jpg?resize=300%2C225\" alt=\"\" width=\"300\" height=\"225\" srcset=\"https:\/\/i0.wp.com\/eltrabajo.cl\/portal\/wp-content\/uploads\/2012\/05\/rolando-stevenson.jpg?resize=300%2C225&amp;ssl=1 300w, https:\/\/i0.wp.com\/eltrabajo.cl\/portal\/wp-content\/uploads\/2012\/05\/rolando-stevenson.jpg?resize=200%2C150&amp;ssl=1 200w, https:\/\/i0.wp.com\/eltrabajo.cl\/portal\/wp-content\/uploads\/2012\/05\/rolando-stevenson.jpg?resize=150%2C112&amp;ssl=1 150w, https:\/\/i0.wp.com\/eltrabajo.cl\/portal\/wp-content\/uploads\/2012\/05\/rolando-stevenson.jpg?resize=400%2C300&amp;ssl=1 400w, https:\/\/i0.wp.com\/eltrabajo.cl\/portal\/wp-content\/uploads\/2012\/05\/rolando-stevenson.jpg?w=600&amp;ssl=1 600w\" sizes=\"auto, (max-width: 300px) 100vw, 300px\" \/><\/a><figcaption id=\"caption-attachment-18706\" class=\"wp-caption-text\">Rolando Stevenson se\u00f1al\u00f3 que presentar\u00e1n una demanda colectiva para que la empresa responda econ\u00f3micamente a los vecinos afectados.<\/figcaption><\/figure>\n<p>El extenso corte de energ\u00eda el\u00e9ctrica y las incomodidades y m\u00faltiples problemas que esa situaci\u00f3n gener\u00f3 en la comunidad, motiv\u00f3 al Centro Pro Transparencia a presentar una demanda colectiva contra la empresa Chilquinta.<\/p>\n<p>Asesorados jur\u00eddicamente por el abogado Claudio G\u00f3mez y luego de recorrer diversos sectores de la provincia de San Felipe, el Comit\u00e9 presentar\u00e1 esta acci\u00f3n legal que tiene como objetivo compensar econ\u00f3micamente a las personas que se vieron afectadas con la situaci\u00f3n.<\/p>\n<p>\u201cHay una cantidad impresionante de peque\u00f1os comerciantes sobre todo que han visto sus productos perecer por la falta de energ\u00eda el\u00e9ctrica para poder continuar con la cadena de fr\u00edo, esto significa un da\u00f1o terrible a personas que manejan negocios de relativo capital, peque\u00f1as f\u00e1bricas de empanadas que se pudri\u00f3 todo, las masas y el pino que ten\u00edan hecho, y hay un da\u00f1o efectivo\u201d, dijo Rolando Stevenson, integrante del Comit\u00e9.<\/p>\n<p>Esa situaci\u00f3n los motiv\u00f3 a hacer la presentaci\u00f3n por da\u00f1os y perjuicios.<\/p>\n<p>Stevenson dijo que esta es una instancia distinta del reclamo a la Superintendencia de Electricidad y Combustibles, donde se multa a la empresa que gener\u00f3 la inc\u00f3moda situaci\u00f3n, en cambio la acci\u00f3n legal que ellos est\u00e1n impulsando, busca apoyar a los vecinos afectados.<\/p>\n<p>\u201cEstamos pidiendo que haya un resarcimiento a los miles de afectados, empezamos el d\u00eda de ayer esta campa\u00f1a y ya tenemos 30 personas que est\u00e1n dispuestas a suscribir esta reclamaci\u00f3n\u201d.<\/p>\n<p>Stevenson dijo que la empresa de energ\u00eda tiene una importante responsabilidad en la situaci\u00f3n que ocurri\u00f3 este fin de semana, por lo que las autoridades no pueden justificar las acciones que Chilquinta est\u00e1 realizando, sino respaldar a la comunidad.<\/p>\n<p>Adem\u00e1s en caso de que existan m\u00e1s personas que se vieron afectadas y cuenten con antecedentes, pueden contactarse con Stevenson para ser parte de la acci\u00f3n legal, llam\u00e1ndolo al celular 99977245 \u00f3 al tel\u00e9fono 510282.<\/p>\n","protected":false},"excerpt":{"rendered":"<p>El extenso corte de energ\u00eda el\u00e9ctrica y las incomodidades y m\u00faltiples problemas que esa situaci\u00f3n gener\u00f3 en la comunidad, motiv\u00f3 al Centro Pro Transparencia a presentar una demanda colectiva contra la empresa&#8230;<\/p>\n","protected":false},"author":482,"featured_media":18706,"comment_status":"open","ping_status":"closed","sticky":false,"template":"","format":"standard","meta":{"advanced_seo_description":"","jetpack_seo_html_title":"","jetpack_seo_noindex":false,"_jetpack_memberships_contains_paid_content":false,"footnotes":""},"categories":[1],"tags":[],"class_list":["post-18705","post","type-post","status-publish","format-standard","has-post-thumbnail","hentry","category-cronica"],"jetpack_featured_media_url":"https:\/\/i0.wp.com\/eltrabajo.cl\/portal\/wp-content\/uploads\/2012\/05\/rolando-stevenson.jpg?fit=600%2C450&ssl=1","jetpack_sharing_enabled":true,"jetpack_likes_enabled":true,"jetpack-related-posts":[],"_links":{"self":[{"href":"https:\/\/eltrabajo.cl\/portal\/wp-json\/wp\/v2\/posts\/18705","targetHints":{"allow":["GET"]}}],"collection":[{"href":"https:\/\/eltrabajo.cl\/portal\/wp-json\/wp\/v2\/posts"}],"about":[{"href":"https:\/\/eltrabajo.cl\/portal\/wp-json\/wp\/v2\/types\/post"}],"author":[{"embeddable":true,"href":"https:\/\/eltrabajo.cl\/portal\/wp-json\/wp\/v2\/users\/482"}],"replies":[{"embeddable":true,"href":"https:\/\/eltrabajo.cl\/portal\/wp-json\/wp\/v2\/comments?post=18705"}],"version-history":[{"count":0,"href":"https:\/\/eltrabajo.cl\/portal\/wp-json\/wp\/v2\/posts\/18705\/revisions"}],"wp:featuredmedia":[{"embeddable":true,"href":"https:\/\/eltrabajo.cl\/portal\/wp-json\/wp\/v2\/media\/18706"}],"wp:attachment":[{"href":"https:\/\/eltrabajo.cl\/portal\/wp-json\/wp\/v2\/media?parent=18705"}],"wp:term":[{"taxonomy":"category","embeddable":true,"href":"https:\/\/eltrabajo.cl\/portal\/wp-json\/wp\/v2\/categories?post=18705"},{"taxonomy":"post_tag","embeddable":true,"href":"https:\/\/eltrabajo.cl\/portal\/wp-json\/wp\/v2\/tags?post=18705"}],"curies":[{"name":"wp","href":"https:\/\/api.w.org\/{rel}","templated":true}]}}