{"id":18709,"date":"2012-05-31T10:02:44","date_gmt":"2012-05-31T14:02:44","guid":{"rendered":"http:\/\/www.eltrabajo.cl\/portal\/?p=18709"},"modified":"2012-05-31T10:02:44","modified_gmt":"2012-05-31T14:02:44","slug":"universitaria-se-desnuda-frente-a-casa-de-ex-pololo-exigiendole-que-vuelvan","status":"publish","type":"post","link":"https:\/\/eltrabajo.cl\/portal\/universitaria-se-desnuda-frente-a-casa-de-ex-pololo-exigiendole-que-vuelvan\/","title":{"rendered":"Universitaria se desnuda frente a casa de ex pololo exigi\u00e9ndole que vuelvan"},"content":{"rendered":"<figure id=\"attachment_18710\" aria-describedby=\"caption-attachment-18710\" style=\"width: 600px\" class=\"wp-caption alignnone\"><a href=\"http:\/\/www.eltrabajo.cl\/portal\/2012\/05\/universitaria-se-desnuda-frente-a-casa-de-ex-pololo-exigiendole-que-vuelvan\/vidrios1\/\" rel=\"attachment wp-att-18710\"><img data-recalc-dims=\"1\" loading=\"lazy\" decoding=\"async\" class=\"size-full wp-image-18710\" title=\"Vidrios1\" src=\"https:\/\/i0.wp.com\/www.eltrabajo.cl\/portal\/wp-content\/uploads\/2012\/05\/Vidrios1.jpg?resize=600%2C437\" alt=\"\" width=\"600\" height=\"437\" srcset=\"https:\/\/i0.wp.com\/eltrabajo.cl\/portal\/wp-content\/uploads\/2012\/05\/Vidrios1.jpg?w=600&amp;ssl=1 600w, https:\/\/i0.wp.com\/eltrabajo.cl\/portal\/wp-content\/uploads\/2012\/05\/Vidrios1.jpg?resize=200%2C145&amp;ssl=1 200w, https:\/\/i0.wp.com\/eltrabajo.cl\/portal\/wp-content\/uploads\/2012\/05\/Vidrios1.jpg?resize=300%2C218&amp;ssl=1 300w, https:\/\/i0.wp.com\/eltrabajo.cl\/portal\/wp-content\/uploads\/2012\/05\/Vidrios1.jpg?resize=150%2C109&amp;ssl=1 150w, https:\/\/i0.wp.com\/eltrabajo.cl\/portal\/wp-content\/uploads\/2012\/05\/Vidrios1.jpg?resize=400%2C291&amp;ssl=1 400w\" sizes=\"auto, (max-width: 600px) 100vw, 600px\" \/><\/a><figcaption id=\"caption-attachment-18710\" class=\"wp-caption-text\">Alejandra Jorquera y su hijo Andr\u00e9s Aguilera, muestran a Diario El Trabajo los cristales rotos, producto de los ataques de \u2018la acosadora\u2019 en contra de la vivienda de Rub\u00e9n y su familia.<\/figcaption><\/figure>\n<ul>\n<li><strong>No se trata de la filmaci\u00f3n de una de esas pel\u00edculas de Suspense, es una historia real que se vive entre una despechada universitaria y su ex-pololo y que arrastra literalmente a toda una familia a una vida de zozobra y expectaci\u00f3n por su seguridad personal.<\/strong><\/li>\n<\/ul>\n<p>Roberto Gonz\u00e1lez Short &#8211; <a href=\"mailto:rgonzalez@eltrabajo.cl\">rgonzalez@eltrabajo.cl<\/a><\/p>\n<p>Haber terminado una relaci\u00f3n sentimental con su polola en agosto de 2011, tiene a un universitario y a su familia al borde de la desesperaci\u00f3n en Villa El Se\u00f1orial. Seg\u00fan supo Diario El Trabajo, desde que el universitario Rub\u00e9n Aguilera Jorquera decidi\u00f3 poner fin a su relaci\u00f3n sentimental con A.C.C., de 20 a\u00f1os y estudiante de Enfermer\u00eda en una universidad de San Felipe, su vida se transform\u00f3 en un aut\u00e9ntico \u2018Remake\u2019 de la pel\u00edcula \u2018Atracci\u00f3n Fatal\u2019.<\/p>\n<figure id=\"attachment_18711\" aria-describedby=\"caption-attachment-18711\" style=\"width: 300px\" class=\"wp-caption alignright\"><a href=\"http:\/\/www.eltrabajo.cl\/portal\/2012\/05\/universitaria-se-desnuda-frente-a-casa-de-ex-pololo-exigiendole-que-vuelvan\/piedras1\/\" rel=\"attachment wp-att-18711\"><img data-recalc-dims=\"1\" loading=\"lazy\" decoding=\"async\" class=\"size-medium wp-image-18711\" title=\"Piedras1\" src=\"https:\/\/i0.wp.com\/www.eltrabajo.cl\/portal\/wp-content\/uploads\/2012\/05\/Piedras1-300x225.jpg?resize=300%2C225\" alt=\"\" width=\"300\" height=\"225\" srcset=\"https:\/\/i0.wp.com\/eltrabajo.cl\/portal\/wp-content\/uploads\/2012\/05\/Piedras1.jpg?resize=300%2C225&amp;ssl=1 300w, https:\/\/i0.wp.com\/eltrabajo.cl\/portal\/wp-content\/uploads\/2012\/05\/Piedras1.jpg?resize=200%2C150&amp;ssl=1 200w, https:\/\/i0.wp.com\/eltrabajo.cl\/portal\/wp-content\/uploads\/2012\/05\/Piedras1.jpg?resize=150%2C112&amp;ssl=1 150w, https:\/\/i0.wp.com\/eltrabajo.cl\/portal\/wp-content\/uploads\/2012\/05\/Piedras1.jpg?resize=400%2C300&amp;ssl=1 400w, https:\/\/i0.wp.com\/eltrabajo.cl\/portal\/wp-content\/uploads\/2012\/05\/Piedras1.jpg?w=600&amp;ssl=1 600w\" sizes=\"auto, (max-width: 300px) 100vw, 300px\" \/><\/a><figcaption id=\"caption-attachment-18711\" class=\"wp-caption-text\">Estas son las piedras que usa A.C.C. para amedrentar a toda una familia, su reacci\u00f3n indica un evidente desequilibrio emocional que apremia ser atendido cl\u00ednicamente.<\/figcaption><\/figure>\n<p>Seg\u00fan asegura Aguilera y la madre de \u00e9l, la joven A.C.C. lo persigue por todas partes y no le permite tener una vida social en ning\u00fan lugar. Diario El Trabajo habl\u00f3 con Rub\u00e9n sobre el drama que vive con esta muchacha cuya identidad Diario El Trabajo se reserva por tratarse de una persona aparentemente enajenada mental.<\/p>\n<p><strong>&#8211; \u00bfQui\u00e9n es esta jovencita y por qu\u00e9 te persigue?<\/strong><\/p>\n<p>&#8211; \u201cElla es una ex-polola con quien yo termin\u00e9 en agosto del a\u00f1o pasado, desde esa fecha ella no me deja en paz, no puedo ni salir a la calle porque ella aparece, rompe los vidrios, hace lo que quiere. Carabineros se la lleva y la sueltan al tiro\u201d.<\/p>\n<p><strong>&#8211; \u00bfQu\u00e9 opinas de que el problema a\u00fan no se ha resuelto por la V\u00eda Legal?<\/strong><\/p>\n<p>&#8211; \u201cSi a los hombres Carabineros los hacen pasar hasta una noche cuando est\u00e1n \u2018curados\u2019 en la c\u00e1rcel, \u00bfc\u00f3mo a ella no la retienen pero ni tres horas? A otros pololos que ten\u00eda, ella los ha seguido con cuchillo en mano, como ella sabe que no le hacen nada, por eso hace lo que quiere\u201d.<\/p>\n<p><strong>\u201cQUED\u00d3 EN ROPA INTERIOR\u201d<\/strong><\/p>\n<figure id=\"attachment_18712\" aria-describedby=\"caption-attachment-18712\" style=\"width: 210px\" class=\"wp-caption alignleft\"><a href=\"http:\/\/www.eltrabajo.cl\/portal\/2012\/05\/universitaria-se-desnuda-frente-a-casa-de-ex-pololo-exigiendole-que-vuelvan\/ruben1\/\" rel=\"attachment wp-att-18712\"><img data-recalc-dims=\"1\" loading=\"lazy\" decoding=\"async\" class=\"size-medium wp-image-18712 \" title=\"Rub\u00e9n1\" src=\"https:\/\/i0.wp.com\/www.eltrabajo.cl\/portal\/wp-content\/uploads\/2012\/05\/Rub%C3%A9n1-300x284.jpg?resize=210%2C199\" alt=\"\" width=\"210\" height=\"199\" srcset=\"https:\/\/i0.wp.com\/eltrabajo.cl\/portal\/wp-content\/uploads\/2012\/05\/Rub%C3%A9n1.jpg?resize=300%2C284&amp;ssl=1 300w, https:\/\/i0.wp.com\/eltrabajo.cl\/portal\/wp-content\/uploads\/2012\/05\/Rub%C3%A9n1.jpg?resize=158%2C150&amp;ssl=1 158w, https:\/\/i0.wp.com\/eltrabajo.cl\/portal\/wp-content\/uploads\/2012\/05\/Rub%C3%A9n1.jpg?resize=150%2C142&amp;ssl=1 150w, https:\/\/i0.wp.com\/eltrabajo.cl\/portal\/wp-content\/uploads\/2012\/05\/Rub%C3%A9n1.jpg?resize=400%2C378&amp;ssl=1 400w, https:\/\/i0.wp.com\/eltrabajo.cl\/portal\/wp-content\/uploads\/2012\/05\/Rub%C3%A9n1.jpg?w=600&amp;ssl=1 600w\" sizes=\"auto, (max-width: 210px) 100vw, 210px\" \/><\/a><figcaption id=\"caption-attachment-18712\" class=\"wp-caption-text\">Rub\u00e9n Aguilera, joven que asegura a nuestro medio ser acosado sexual y psicol\u00f3gicamente por una estudiante de Enfermer\u00eda.<\/figcaption><\/figure>\n<p>Nuestro medio tambi\u00e9n habl\u00f3 con Andr\u00e9s Aguilera, uno de los hermanos de Rub\u00e9n, quien asegura que A.C.C. lleg\u00f3 en una oportunidad exigiendo ser atendida por su \u2018amado Rub\u00e9n\u2019.<\/p>\n<p>\u201cUn d\u00eda ella vino en bicicleta a buscar a mi hermano, como nadie le atendi\u00f3 en ese momento, cuando sal\u00eda yo para mi trabajo, ella estaba frente a nuestra casa sin pantalones, en ropa interior. Ella gritaba que quer\u00eda hablar con Rub\u00e9n, luego de unos minutos, ella se fue con s\u00f3lo el buzo puesto, sin nada arriba, se fue en su bicicleta\u201d, coment\u00f3 a Diario El Trabajo, Andr\u00e9s Aguilera.<\/p>\n<p>Pero la persona a quien m\u00e1s viene afectando este acoso sexual y psicol\u00f3gico, es a la se\u00f1ora Ang\u00e9lica Jorquera Colombo, madre de Rub\u00e9n y Andr\u00e9s, quien visit\u00f3 nuestra Sala de Redacci\u00f3n para denunciar p\u00fablicamente a la \u2018acosadora\u2019 A.C.C. Jorquera asegur\u00f3 a este medio estar ya cansada de tener que soportar a esta joven.<\/p>\n<p><strong>&#8211; \u00bfCu\u00e1l es la situaci\u00f3n que usted y sus hijos enfrentan con esta \u2018acosadora\u2019?<\/strong><\/p>\n<p>&#8211; \u201cYo quiero hacer un reclamo contra la familia de la joven A.C.C., a su mam\u00e1 y a sus abuelos que por favor la hagan ver por un m\u00e9dico, esta joven no puede seguir ya con esta situaci\u00f3n contra mi familia, todas mis amistades prefieren no visitarnos puesto que ella nos tira piedras a las ventanas, quiebra los vidrios y nos tira bolsas de basura en el patio, inclusive esta joven hasta me llega a vigilar a mi lugar de trabajo\u201d.<\/p>\n<figure id=\"attachment_18713\" aria-describedby=\"caption-attachment-18713\" style=\"width: 210px\" class=\"wp-caption alignright\"><a href=\"http:\/\/www.eltrabajo.cl\/portal\/2012\/05\/universitaria-se-desnuda-frente-a-casa-de-ex-pololo-exigiendole-que-vuelvan\/alejandra1\/\" rel=\"attachment wp-att-18713\"><img data-recalc-dims=\"1\" loading=\"lazy\" decoding=\"async\" class=\"size-medium wp-image-18713 \" title=\"Alejandra1\" src=\"https:\/\/i0.wp.com\/www.eltrabajo.cl\/portal\/wp-content\/uploads\/2012\/05\/Alejandra1-300x241.jpg?resize=210%2C169\" alt=\"\" width=\"210\" height=\"169\" srcset=\"https:\/\/i0.wp.com\/eltrabajo.cl\/portal\/wp-content\/uploads\/2012\/05\/Alejandra1.jpg?resize=300%2C241&amp;ssl=1 300w, https:\/\/i0.wp.com\/eltrabajo.cl\/portal\/wp-content\/uploads\/2012\/05\/Alejandra1.jpg?resize=186%2C150&amp;ssl=1 186w, https:\/\/i0.wp.com\/eltrabajo.cl\/portal\/wp-content\/uploads\/2012\/05\/Alejandra1.jpg?resize=150%2C120&amp;ssl=1 150w, https:\/\/i0.wp.com\/eltrabajo.cl\/portal\/wp-content\/uploads\/2012\/05\/Alejandra1.jpg?resize=400%2C322&amp;ssl=1 400w, https:\/\/i0.wp.com\/eltrabajo.cl\/portal\/wp-content\/uploads\/2012\/05\/Alejandra1.jpg?w=600&amp;ssl=1 600w\" sizes=\"auto, (max-width: 210px) 100vw, 210px\" \/><\/a><figcaption id=\"caption-attachment-18713\" class=\"wp-caption-text\">Alejandra Jorquera Colombo, jefa de hogar afectada.<\/figcaption><\/figure>\n<p><strong>&#8211; \u00bfQu\u00e9 origin\u00f3 esta \u2018persecuci\u00f3n\u2019 contra todos ustedes?<\/strong><\/p>\n<p>&#8211; \u201cMi hijo Rub\u00e9n y A.C.C. eran pololos y ellos terminaron, ella no acepta esa situaci\u00f3n, mi hijo Rub\u00e9n no puede mantener amistad con ninguna otra jovencita de su edad, aunque \u00e9l salga conmigo, ella nos persigue por donde sea\u201d.<\/p>\n<p><strong>&#8211; \u00bfHa interpuesto alguna demanda ante Fiscal\u00eda o Carabineros?<\/strong><\/p>\n<p>&#8211; \u201cHe ido a Fiscal\u00eda, llega Carabineros y nada hacen. Ellos mismos me instaron a que yo tomara otra clase de medidas sobre este asunto, en Fiscal\u00eda he puesto varias acusaciones\u201d.<\/p>\n<p><strong>&#8211; \u00bfQu\u00e9 tan peligrosa es esta \u2018acosadora\u2019 sexual?<\/strong><\/p>\n<p>&#8211; \u201cEn una ocasi\u00f3n, A.C.C. acus\u00f3 a mi hijo de Violaci\u00f3n en Putaendo, me lo pasaron a detenci\u00f3n y Carabineros pudo confirmar que toda la denuncia de ella era falsa, lo dejaron al tiro en libertad\u201d.<\/p>\n<p><strong>&#8211; \u00bfQu\u00e9 busca usted con denunciar esta situaci\u00f3n ante la Prensa?<\/strong><\/p>\n<p>&#8211; \u201cLo \u00fanico que yo quiero con esto que estoy haciendo (denunciar p\u00fablicamente), es que la madre de esta jovencita la ponga en alg\u00fan tratamiento psiqui\u00e1trico (\u2026) porque ella despu\u00e9s de que hace sus \u2018embarradas\u2019, lo que hace es llamar a mi celular y amenazarme a m\u00ed y a mis hijos\u201d.<\/p>\n<figure id=\"attachment_18714\" aria-describedby=\"caption-attachment-18714\" style=\"width: 210px\" class=\"wp-caption alignleft\"><a href=\"http:\/\/www.eltrabajo.cl\/portal\/2012\/05\/universitaria-se-desnuda-frente-a-casa-de-ex-pololo-exigiendole-que-vuelvan\/andres1\/\" rel=\"attachment wp-att-18714\"><img data-recalc-dims=\"1\" loading=\"lazy\" decoding=\"async\" class=\"size-medium wp-image-18714 \" title=\"Andr\u00e9s1\" src=\"https:\/\/i0.wp.com\/www.eltrabajo.cl\/portal\/wp-content\/uploads\/2012\/05\/Andr%C3%A9s1-300x260.jpg?resize=210%2C182\" alt=\"\" width=\"210\" height=\"182\" srcset=\"https:\/\/i0.wp.com\/eltrabajo.cl\/portal\/wp-content\/uploads\/2012\/05\/Andr%C3%A9s1.jpg?resize=300%2C260&amp;ssl=1 300w, https:\/\/i0.wp.com\/eltrabajo.cl\/portal\/wp-content\/uploads\/2012\/05\/Andr%C3%A9s1.jpg?resize=172%2C150&amp;ssl=1 172w, https:\/\/i0.wp.com\/eltrabajo.cl\/portal\/wp-content\/uploads\/2012\/05\/Andr%C3%A9s1.jpg?resize=150%2C130&amp;ssl=1 150w, https:\/\/i0.wp.com\/eltrabajo.cl\/portal\/wp-content\/uploads\/2012\/05\/Andr%C3%A9s1.jpg?resize=400%2C347&amp;ssl=1 400w, https:\/\/i0.wp.com\/eltrabajo.cl\/portal\/wp-content\/uploads\/2012\/05\/Andr%C3%A9s1.jpg?w=600&amp;ssl=1 600w\" sizes=\"auto, (max-width: 210px) 100vw, 210px\" \/><\/a><figcaption id=\"caption-attachment-18714\" class=\"wp-caption-text\">Andr\u00e9s Aguilera Jorquera, le correspondi\u00f3 ver a la \u2018acosadora\u2019 semi-desnuda, haciendo esc\u00e1ndalo frente a su casa.<\/figcaption><\/figure>\n<p>Cabe destacar que <strong>Diario El Trabajo<\/strong> logr\u00f3 contactar a la familia de la joven denunciada, quienes declinaron referirse p\u00fablicamente a la situaci\u00f3n.<\/p>\n<p>Diario El Trabajo pudo confirmar en la universidad en la que A.C.C. estudia Enfermer\u00eda, que efectivamente ella es estudiante de esa carrera en esa entidad de formaci\u00f3n superior, a\u00fan as\u00ed, al cierre de nuestra edici\u00f3n la profesora a cargo de la desesperada \u2018acosadora\u2019 no respondi\u00f3 a nuestra solicitud de brindar informaci\u00f3n sobre una pregunta medular en este asunto: \u00bfSi efectivamente esta estudiante sufre estos trastornos de personalidad, c\u00f3mo es que pretende llegar a ejercer una de las profesiones m\u00e1s serias e importantes de nuestra sociedad?<\/p>\n","protected":false},"excerpt":{"rendered":"<p>No se trata de la filmaci\u00f3n de una de esas pel\u00edculas de Suspense, es una historia real que se vive entre una despechada universitaria y su ex-pololo y que arrastra literalmente a&#8230;<\/p>\n","protected":false},"author":482,"featured_media":18710,"comment_status":"open","ping_status":"closed","sticky":false,"template":"","format":"standard","meta":{"advanced_seo_description":"","jetpack_seo_html_title":"","jetpack_seo_noindex":false,"_jetpack_memberships_contains_paid_content":false,"footnotes":""},"categories":[15],"tags":[],"class_list":["post-18709","post","type-post","status-publish","format-standard","has-post-thumbnail","hentry","category-comunidad"],"jetpack_featured_media_url":"https:\/\/i0.wp.com\/eltrabajo.cl\/portal\/wp-content\/uploads\/2012\/05\/Vidrios1.jpg?fit=600%2C437&ssl=1","jetpack_sharing_enabled":true,"jetpack_likes_enabled":true,"jetpack-related-posts":[],"_links":{"self":[{"href":"https:\/\/eltrabajo.cl\/portal\/wp-json\/wp\/v2\/posts\/18709","targetHints":{"allow":["GET"]}}],"collection":[{"href":"https:\/\/eltrabajo.cl\/portal\/wp-json\/wp\/v2\/posts"}],"about":[{"href":"https:\/\/eltrabajo.cl\/portal\/wp-json\/wp\/v2\/types\/post"}],"author":[{"embeddable":true,"href":"https:\/\/eltrabajo.cl\/portal\/wp-json\/wp\/v2\/users\/482"}],"replies":[{"embeddable":true,"href":"https:\/\/eltrabajo.cl\/portal\/wp-json\/wp\/v2\/comments?post=18709"}],"version-history":[{"count":0,"href":"https:\/\/eltrabajo.cl\/portal\/wp-json\/wp\/v2\/posts\/18709\/revisions"}],"wp:featuredmedia":[{"embeddable":true,"href":"https:\/\/eltrabajo.cl\/portal\/wp-json\/wp\/v2\/media\/18710"}],"wp:attachment":[{"href":"https:\/\/eltrabajo.cl\/portal\/wp-json\/wp\/v2\/media?parent=18709"}],"wp:term":[{"taxonomy":"category","embeddable":true,"href":"https:\/\/eltrabajo.cl\/portal\/wp-json\/wp\/v2\/categories?post=18709"},{"taxonomy":"post_tag","embeddable":true,"href":"https:\/\/eltrabajo.cl\/portal\/wp-json\/wp\/v2\/tags?post=18709"}],"curies":[{"name":"wp","href":"https:\/\/api.w.org\/{rel}","templated":true}]}}