{"id":18725,"date":"2012-06-01T09:31:06","date_gmt":"2012-06-01T13:31:06","guid":{"rendered":"http:\/\/www.eltrabajo.cl\/portal\/?p=18725"},"modified":"2012-06-01T09:31:06","modified_gmt":"2012-06-01T13:31:06","slug":"desde-el-temporal-que-movistar-no-reanuda-internet-en-putaendo","status":"publish","type":"post","link":"https:\/\/eltrabajo.cl\/portal\/desde-el-temporal-que-movistar-no-reanuda-internet-en-putaendo\/","title":{"rendered":"Desde el temporal que Movistar no reanuda Internet en Putaendo"},"content":{"rendered":"<figure id=\"attachment_18726\" aria-describedby=\"caption-attachment-18726\" style=\"width: 300px\" class=\"wp-caption alignleft\"><a href=\"http:\/\/www.eltrabajo.cl\/portal\/2012\/06\/desde-el-temporal-que-movistar-no-reanuda-internet-en-putaendo\/richard1\/\" rel=\"attachment wp-att-18726\"><img data-recalc-dims=\"1\" loading=\"lazy\" decoding=\"async\" class=\"size-medium wp-image-18726\" title=\"Richard1\" src=\"https:\/\/i0.wp.com\/www.eltrabajo.cl\/portal\/wp-content\/uploads\/2012\/06\/Richard1-300x199.jpg?resize=300%2C199\" alt=\"\" width=\"300\" height=\"199\" srcset=\"https:\/\/i0.wp.com\/eltrabajo.cl\/portal\/wp-content\/uploads\/2012\/06\/Richard1.jpg?resize=300%2C199&amp;ssl=1 300w, https:\/\/i0.wp.com\/eltrabajo.cl\/portal\/wp-content\/uploads\/2012\/06\/Richard1.jpg?resize=200%2C132&amp;ssl=1 200w, https:\/\/i0.wp.com\/eltrabajo.cl\/portal\/wp-content\/uploads\/2012\/06\/Richard1.jpg?resize=150%2C99&amp;ssl=1 150w, https:\/\/i0.wp.com\/eltrabajo.cl\/portal\/wp-content\/uploads\/2012\/06\/Richard1.jpg?resize=400%2C265&amp;ssl=1 400w, https:\/\/i0.wp.com\/eltrabajo.cl\/portal\/wp-content\/uploads\/2012\/06\/Richard1.jpg?w=600&amp;ssl=1 600w\" sizes=\"auto, (max-width: 300px) 100vw, 300px\" \/><\/a><figcaption id=\"caption-attachment-18726\" class=\"wp-caption-text\">Richard Ulloa, empresario putaendino.<\/figcaption><\/figure>\n<p>Roberto Gonz\u00e1lez Short &#8211; <a href=\"mailto:rgonzalez@eltrabajo.cl\">rgonzalez@eltrabajo.cl<\/a><\/p>\n<p>Muy preocupado se encuentra el due\u00f1o de Ciber Memory Run, uno de los empresarios m\u00e1s conocidos de Putaendo, pues asegura que desde el mismo d\u00eda en que se originaron los fuertes vientos de temporal, la empresa Movistar no le suministra el servicio de Internet que \u00e9l viene pagando desde hace ocho a\u00f1os a esa empresa multinacional.<\/p>\n<p>\u201cNo puede ser posible, desde el s\u00e1bado pasado que no me reinstalan el Internet, he perdido miles de pesos sin poder brindar mis servicios a mi clientela, y aunque he ido a la sucursal en San Felipe, s\u00f3lo me tramitan diciendo que \u2018hoy mismo se lo instalamos\u2019. Todos los otros servicios ya fueron reanudados desde hace d\u00edas, sin embargo en Movistar Santiago me siguen tramitando tambi\u00e9n\u201d, explic\u00f3 Richard Ulloa a Diario El Trabajo.<\/p>\n<p>Seg\u00fan el afectado, su empresa es una que ofrece servicios de Internet y trabajos Online, raz\u00f3n por la cual est\u00e1 seguro que Movistar no le pagar\u00e1 lo que ha perdido o dejado de ganar. En San Felipe y todas las dem\u00e1s comunas, el servicio de Internet, tanto Movistar como de otras empresas, ya fue reanudado o bien nunca se interrumpi\u00f3.<\/p>\n","protected":false},"excerpt":{"rendered":"<p>Roberto Gonz\u00e1lez Short &#8211; rgonzalez@eltrabajo.cl Muy preocupado se encuentra el due\u00f1o de Ciber Memory Run, uno de los empresarios m\u00e1s conocidos de Putaendo, pues asegura que desde el mismo d\u00eda en que&#8230;<\/p>\n","protected":false},"author":482,"featured_media":18726,"comment_status":"open","ping_status":"closed","sticky":false,"template":"","format":"standard","meta":{"advanced_seo_description":"","jetpack_seo_html_title":"","jetpack_seo_noindex":false,"_jetpack_memberships_contains_paid_content":false,"footnotes":""},"categories":[15],"tags":[],"class_list":["post-18725","post","type-post","status-publish","format-standard","has-post-thumbnail","hentry","category-comunidad"],"jetpack_featured_media_url":"https:\/\/i0.wp.com\/eltrabajo.cl\/portal\/wp-content\/uploads\/2012\/06\/Richard1.jpg?fit=600%2C398&ssl=1","jetpack_sharing_enabled":true,"jetpack_likes_enabled":true,"jetpack-related-posts":[],"_links":{"self":[{"href":"https:\/\/eltrabajo.cl\/portal\/wp-json\/wp\/v2\/posts\/18725","targetHints":{"allow":["GET"]}}],"collection":[{"href":"https:\/\/eltrabajo.cl\/portal\/wp-json\/wp\/v2\/posts"}],"about":[{"href":"https:\/\/eltrabajo.cl\/portal\/wp-json\/wp\/v2\/types\/post"}],"author":[{"embeddable":true,"href":"https:\/\/eltrabajo.cl\/portal\/wp-json\/wp\/v2\/users\/482"}],"replies":[{"embeddable":true,"href":"https:\/\/eltrabajo.cl\/portal\/wp-json\/wp\/v2\/comments?post=18725"}],"version-history":[{"count":0,"href":"https:\/\/eltrabajo.cl\/portal\/wp-json\/wp\/v2\/posts\/18725\/revisions"}],"wp:featuredmedia":[{"embeddable":true,"href":"https:\/\/eltrabajo.cl\/portal\/wp-json\/wp\/v2\/media\/18726"}],"wp:attachment":[{"href":"https:\/\/eltrabajo.cl\/portal\/wp-json\/wp\/v2\/media?parent=18725"}],"wp:term":[{"taxonomy":"category","embeddable":true,"href":"https:\/\/eltrabajo.cl\/portal\/wp-json\/wp\/v2\/categories?post=18725"},{"taxonomy":"post_tag","embeddable":true,"href":"https:\/\/eltrabajo.cl\/portal\/wp-json\/wp\/v2\/tags?post=18725"}],"curies":[{"name":"wp","href":"https:\/\/api.w.org\/{rel}","templated":true}]}}