{"id":18729,"date":"2012-06-01T09:32:26","date_gmt":"2012-06-01T13:32:26","guid":{"rendered":"http:\/\/www.eltrabajo.cl\/portal\/?p=18729"},"modified":"2012-06-01T09:32:26","modified_gmt":"2012-06-01T13:32:26","slug":"senadora-lily-perez-presento-reclamo-al-sernac-contra-chilquinta-por-cortes","status":"publish","type":"post","link":"https:\/\/eltrabajo.cl\/portal\/senadora-lily-perez-presento-reclamo-al-sernac-contra-chilquinta-por-cortes\/","title":{"rendered":"Senadora Lily P\u00e9rez present\u00f3 reclamo al Sernac contra Chilquinta por cortes"},"content":{"rendered":"<figure id=\"attachment_18730\" aria-describedby=\"caption-attachment-18730\" style=\"width: 600px\" class=\"wp-caption alignnone\"><a href=\"http:\/\/www.eltrabajo.cl\/portal\/2012\/06\/senadora-lily-perez-presento-reclamo-al-sernac-contra-chilquinta-por-cortes\/reunion-lily-perez-sernac\/\" rel=\"attachment wp-att-18730\"><img data-recalc-dims=\"1\" loading=\"lazy\" decoding=\"async\" class=\"size-full wp-image-18730\" title=\"Reunion lily perez Sernac\" src=\"https:\/\/i0.wp.com\/www.eltrabajo.cl\/portal\/wp-content\/uploads\/2012\/06\/Reunion-lily-perez-Sernac.jpg?resize=600%2C400\" alt=\"\" width=\"600\" height=\"400\" srcset=\"https:\/\/i0.wp.com\/eltrabajo.cl\/portal\/wp-content\/uploads\/2012\/06\/Reunion-lily-perez-Sernac.jpg?w=600&amp;ssl=1 600w, https:\/\/i0.wp.com\/eltrabajo.cl\/portal\/wp-content\/uploads\/2012\/06\/Reunion-lily-perez-Sernac.jpg?resize=200%2C133&amp;ssl=1 200w, https:\/\/i0.wp.com\/eltrabajo.cl\/portal\/wp-content\/uploads\/2012\/06\/Reunion-lily-perez-Sernac.jpg?resize=300%2C200&amp;ssl=1 300w, https:\/\/i0.wp.com\/eltrabajo.cl\/portal\/wp-content\/uploads\/2012\/06\/Reunion-lily-perez-Sernac.jpg?resize=150%2C100&amp;ssl=1 150w, https:\/\/i0.wp.com\/eltrabajo.cl\/portal\/wp-content\/uploads\/2012\/06\/Reunion-lily-perez-Sernac.jpg?resize=400%2C266&amp;ssl=1 400w\" sizes=\"auto, (max-width: 600px) 100vw, 600px\" \/><\/a><figcaption id=\"caption-attachment-18730\" class=\"wp-caption-text\">Senadora Lily P\u00e9rez junto al Director Nacional de Sernac, Juan Peribonio, el Diputado Gaspar Rivas y la Gobernadora de San Felipe, Patricia Boffa.<\/figcaption><\/figure>\n<p><strong>Junto al Diputado Gaspar Rivas, la Gobernadora Patricia Bofa y la Directora del Sernac Regional, Ximena Olivares, presentaron la denuncia ante el Director Nacional Juan Peribonio.<\/strong><\/p>\n<p>Reci\u00e9n el martes pasado fue repuesto el suministro el\u00e9ctrico en algunas de las provincias de la regi\u00f3n de Valpara\u00edso despu\u00e9s del temporal del fin de semana, espec\u00edficamente en la provincia de San Felipe, por este motivo la Senadora Lily P\u00e9rez junto al Diputado por la zona Gaspar Rivas y las autoridades locales, presentaron ante el Director Nacional del Sernac, Juan Peribonio, un reclamo formal contra la empresa Chilquinta.<\/p>\n<p>La Senadora explic\u00f3 que esta lamentable situaci\u00f3n ha tra\u00eddo numerosos problemas a nivel local a m\u00e1s de 5 mil familias que viven y trabajan en la zona, ya que el corte del suministro el\u00e9ctrico ha impedido adem\u00e1s el acceso al agua potable rural.<\/p>\n<p>Lily P\u00e9rez explic\u00f3 que pidieron iniciar una investigaci\u00f3n a la empresa Chilquinta que permita determinar culpables por este retraso en la reposici\u00f3n del servicio; aplicar la ley de resguardo a los derechos de los consumidores y por supuesto pedir la compensaci\u00f3n econ\u00f3mica correspondiente en las cuentas de cobros de luz de los afectados.<\/p>\n<p>\u201cEs escandaloso que este tipo de empresas cada vez que una personas se demora un d\u00eda en cancelar su cuenta, le caen las penas del infierno; sin embargo esta vez fueron 5 d\u00edas sin contar con el servicio, por lo tanto amerita una compensaci\u00f3n.<\/p>\n<p>\u201cHemos recibido una respuesta positiva por parte del Director del Sernac, as\u00ed es que estamos seguros que los derechos de los consumidores ser\u00e1n resguardados y espero que la Superintendencia de Electricidad y Combustibles aplique las m\u00e1ximas multas a Chilquinta por este mal servicio prestado en la regi\u00f3n de Valpara\u00edso\u201d, agreg\u00f3.<\/p>\n","protected":false},"excerpt":{"rendered":"<p>Junto al Diputado Gaspar Rivas, la Gobernadora Patricia Bofa y la Directora del Sernac Regional, Ximena Olivares, presentaron la denuncia ante el Director Nacional Juan Peribonio. Reci\u00e9n el martes pasado fue repuesto&#8230;<\/p>\n","protected":false},"author":482,"featured_media":18730,"comment_status":"open","ping_status":"closed","sticky":false,"template":"","format":"standard","meta":{"advanced_seo_description":"","jetpack_seo_html_title":"","jetpack_seo_noindex":false,"_jetpack_memberships_contains_paid_content":false,"footnotes":""},"categories":[1],"tags":[],"class_list":["post-18729","post","type-post","status-publish","format-standard","has-post-thumbnail","hentry","category-cronica"],"jetpack_featured_media_url":"https:\/\/i0.wp.com\/eltrabajo.cl\/portal\/wp-content\/uploads\/2012\/06\/Reunion-lily-perez-Sernac.jpg?fit=600%2C400&ssl=1","jetpack_sharing_enabled":true,"jetpack_likes_enabled":true,"jetpack-related-posts":[],"_links":{"self":[{"href":"https:\/\/eltrabajo.cl\/portal\/wp-json\/wp\/v2\/posts\/18729","targetHints":{"allow":["GET"]}}],"collection":[{"href":"https:\/\/eltrabajo.cl\/portal\/wp-json\/wp\/v2\/posts"}],"about":[{"href":"https:\/\/eltrabajo.cl\/portal\/wp-json\/wp\/v2\/types\/post"}],"author":[{"embeddable":true,"href":"https:\/\/eltrabajo.cl\/portal\/wp-json\/wp\/v2\/users\/482"}],"replies":[{"embeddable":true,"href":"https:\/\/eltrabajo.cl\/portal\/wp-json\/wp\/v2\/comments?post=18729"}],"version-history":[{"count":0,"href":"https:\/\/eltrabajo.cl\/portal\/wp-json\/wp\/v2\/posts\/18729\/revisions"}],"wp:featuredmedia":[{"embeddable":true,"href":"https:\/\/eltrabajo.cl\/portal\/wp-json\/wp\/v2\/media\/18730"}],"wp:attachment":[{"href":"https:\/\/eltrabajo.cl\/portal\/wp-json\/wp\/v2\/media?parent=18729"}],"wp:term":[{"taxonomy":"category","embeddable":true,"href":"https:\/\/eltrabajo.cl\/portal\/wp-json\/wp\/v2\/categories?post=18729"},{"taxonomy":"post_tag","embeddable":true,"href":"https:\/\/eltrabajo.cl\/portal\/wp-json\/wp\/v2\/tags?post=18729"}],"curies":[{"name":"wp","href":"https:\/\/api.w.org\/{rel}","templated":true}]}}