{"id":18733,"date":"2012-06-01T09:39:58","date_gmt":"2012-06-01T13:39:58","guid":{"rendered":"http:\/\/www.eltrabajo.cl\/portal\/?p=18733"},"modified":"2012-06-06T11:02:58","modified_gmt":"2012-06-06T15:02:58","slug":"resguardo-animal-realizara-colecta-masiva-en-beneficio-de-animales-abandonados","status":"publish","type":"post","link":"https:\/\/eltrabajo.cl\/portal\/resguardo-animal-realizara-colecta-masiva-en-beneficio-de-animales-abandonados\/","title":{"rendered":"Resguardo Animal realizar\u00e1 colecta masiva en beneficio de animales abandonados"},"content":{"rendered":"<figure id=\"attachment_18734\" aria-describedby=\"caption-attachment-18734\" style=\"width: 600px\" class=\"wp-caption alignnone\"><a href=\"http:\/\/www.eltrabajo.cl\/portal\/2012\/06\/resguardo-animal-realizara-colecta-masiva-en-beneficio-de-animales-abandonados\/grupo1-2\/\" rel=\"attachment wp-att-18734\"><img data-recalc-dims=\"1\" loading=\"lazy\" decoding=\"async\" class=\"size-full wp-image-18734\" title=\"Grupo1\" src=\"https:\/\/i0.wp.com\/www.eltrabajo.cl\/portal\/wp-content\/uploads\/2012\/06\/Grupo1.jpg?resize=600%2C450\" alt=\"\" width=\"600\" height=\"450\" srcset=\"https:\/\/i0.wp.com\/eltrabajo.cl\/portal\/wp-content\/uploads\/2012\/06\/Grupo1.jpg?w=600&amp;ssl=1 600w, https:\/\/i0.wp.com\/eltrabajo.cl\/portal\/wp-content\/uploads\/2012\/06\/Grupo1.jpg?resize=200%2C150&amp;ssl=1 200w, https:\/\/i0.wp.com\/eltrabajo.cl\/portal\/wp-content\/uploads\/2012\/06\/Grupo1.jpg?resize=300%2C225&amp;ssl=1 300w, https:\/\/i0.wp.com\/eltrabajo.cl\/portal\/wp-content\/uploads\/2012\/06\/Grupo1.jpg?resize=150%2C112&amp;ssl=1 150w, https:\/\/i0.wp.com\/eltrabajo.cl\/portal\/wp-content\/uploads\/2012\/06\/Grupo1.jpg?resize=400%2C300&amp;ssl=1 400w\" sizes=\"auto, (max-width: 600px) 100vw, 600px\" \/><\/a><figcaption id=\"caption-attachment-18734\" class=\"wp-caption-text\">Ellos son parte del voluntariado que este s\u00e1bado 2 de junio, desde las diez de la ma\u00f1ana hasta las 14:00 horas, le solicitar\u00e1 alguna moneda en San Felipe.<\/figcaption><\/figure>\n<p>Roberto Gonz\u00e1lez Short &#8211; <a href=\"mailto:rgonzalez@eltrabajo.cl\">rgonzalez@eltrabajo.cl<\/a><\/p>\n<p>\u2018Resguardo Animal\u2019, una de las nuevas organizaciones locales que se dedican al rescate, vacunaci\u00f3n, esterilizaci\u00f3n y adopci\u00f3n de animales en abandono, realizar\u00e1n este s\u00e1bado 2 de junio, una colecta masiva en todo el damero central de San Felipe. Si usted es abordado por j\u00f3venes de camiseta verde y con un tarrito para colectas, no dude en apoyar esta noble causa.<\/p>\n<figure id=\"attachment_18735\" aria-describedby=\"caption-attachment-18735\" style=\"width: 300px\" class=\"wp-caption alignright\"><a href=\"http:\/\/www.eltrabajo.cl\/portal\/2012\/06\/resguardo-animal-realizara-colecta-masiva-en-beneficio-de-animales-abandonados\/colecta1\/\" rel=\"attachment wp-att-18735\"><img data-recalc-dims=\"1\" loading=\"lazy\" decoding=\"async\" class=\"size-medium wp-image-18735\" title=\"Colecta1\" src=\"https:\/\/i0.wp.com\/www.eltrabajo.cl\/portal\/wp-content\/uploads\/2012\/06\/Colecta1-300x213.jpg?resize=300%2C213\" alt=\"\" width=\"300\" height=\"213\" srcset=\"https:\/\/i0.wp.com\/eltrabajo.cl\/portal\/wp-content\/uploads\/2012\/06\/Colecta1.jpg?resize=300%2C213&amp;ssl=1 300w, https:\/\/i0.wp.com\/eltrabajo.cl\/portal\/wp-content\/uploads\/2012\/06\/Colecta1.jpg?resize=200%2C142&amp;ssl=1 200w, https:\/\/i0.wp.com\/eltrabajo.cl\/portal\/wp-content\/uploads\/2012\/06\/Colecta1.jpg?resize=150%2C106&amp;ssl=1 150w, https:\/\/i0.wp.com\/eltrabajo.cl\/portal\/wp-content\/uploads\/2012\/06\/Colecta1.jpg?resize=400%2C284&amp;ssl=1 400w, https:\/\/i0.wp.com\/eltrabajo.cl\/portal\/wp-content\/uploads\/2012\/06\/Colecta1.jpg?w=600&amp;ssl=1 600w\" sizes=\"auto, (max-width: 300px) 100vw, 300px\" \/><\/a><figcaption id=\"caption-attachment-18735\" class=\"wp-caption-text\">Daniela Inostroza y Fanny Reyes, de la protectora Resguardo Animal, explicaron a Diario El Trabajo que los voluntarios facultados para colectar dinero usar\u00e1n una polera verde con el nombre de su agrupaci\u00f3n.<\/figcaption><\/figure>\n<p><strong>\u00bfPOR QU\u00c9 AYUDAR?<\/strong><\/p>\n<p>En virtud de que a\u00fan no existe una normativa nacional o local que regule la tenencia de animales, a los ejemplares que una vez fueron mascotas y que fueron luego abandonados, m\u00e1s los que nacieron en condici\u00f3n de calle, s\u00f3lo les queda para sobrevivir el comer desperdicios e instituciones que se dedican a velar por su bienestar, todos estos esfuerzos, sin apoyo gubernamental.<\/p>\n<p>\u201cAl no contar con apoyo del Gobierno, tambi\u00e9n por ser una ONG muy nueva y que pocas personas saben de nuestra iniciativa a favor de estos animalitos, este s\u00e1bado estaremos colectando dinero en los principales centros comerciales de San Felipe y en la Plaza de Armas\u201d, inform\u00f3 a Diario El Trabajo Daniela Inostroza, Presidente de Resguardo Animal.<\/p>\n<p>&nbsp;<\/p>\n<figure id=\"attachment_18736\" aria-describedby=\"caption-attachment-18736\" style=\"width: 210px\" class=\"wp-caption alignleft\"><a href=\"http:\/\/www.eltrabajo.cl\/portal\/2012\/06\/resguardo-animal-realizara-colecta-masiva-en-beneficio-de-animales-abandonados\/gabriela1\/\" rel=\"attachment wp-att-18736\"><img data-recalc-dims=\"1\" loading=\"lazy\" decoding=\"async\" class=\"size-medium wp-image-18736 \" title=\"Gabriela1\" src=\"https:\/\/i0.wp.com\/www.eltrabajo.cl\/portal\/wp-content\/uploads\/2012\/06\/Gabriela1-300x289.jpg?resize=210%2C202\" alt=\"\" width=\"210\" height=\"202\" srcset=\"https:\/\/i0.wp.com\/eltrabajo.cl\/portal\/wp-content\/uploads\/2012\/06\/Gabriela1.jpg?resize=300%2C289&amp;ssl=1 300w, https:\/\/i0.wp.com\/eltrabajo.cl\/portal\/wp-content\/uploads\/2012\/06\/Gabriela1.jpg?resize=155%2C150&amp;ssl=1 155w, https:\/\/i0.wp.com\/eltrabajo.cl\/portal\/wp-content\/uploads\/2012\/06\/Gabriela1.jpg?resize=150%2C144&amp;ssl=1 150w, https:\/\/i0.wp.com\/eltrabajo.cl\/portal\/wp-content\/uploads\/2012\/06\/Gabriela1.jpg?resize=400%2C386&amp;ssl=1 400w, https:\/\/i0.wp.com\/eltrabajo.cl\/portal\/wp-content\/uploads\/2012\/06\/Gabriela1.jpg?w=600&amp;ssl=1 600w\" sizes=\"auto, (max-width: 210px) 100vw, 210px\" \/><\/a><figcaption id=\"caption-attachment-18736\" class=\"wp-caption-text\">La Dra. Veterinaria Gabriela Pulgar de Los Andes, es una de las profesionales que se uni\u00f3 a esta campa\u00f1a en beneficio de quienes una vez fueron los mimados de la casa.<\/figcaption><\/figure>\n<p>Semanalmente estos voluntarios desarrollan campa\u00f1as de vacunaci\u00f3n y adopci\u00f3n de mascotas en las inmediaciones de la Plaza de Armas. Para lograr estos objetivos, Resguardo Animal estableci\u00f3 alianzas con tres cl\u00ednicas veterinarias de Los Andes y San Felipe.<\/p>\n<p><strong>APOYO PROFESIONAL<\/strong><\/p>\n<p>\u201cUna de las doctoras que nos brinda apoyo en Los Andes es Gabriela Pulgar, ella nos facilita acceso a medicamentos casi regalados para el tratamiento de par\u00e1sitos, esterilizaciones y curaciones para los perros, gatos y hasta gallinas que rescatamos regularmente\u201d, explic\u00f3 Inostroza.<\/p>\n<p>Por su parte la Tesorera de Resguardo Animal, Fanny Reyes, explic\u00f3 c\u00f3mo y por qu\u00e9 har\u00e1n esta colecta.<\/p>\n<figure id=\"attachment_18737\" aria-describedby=\"caption-attachment-18737\" style=\"width: 210px\" class=\"wp-caption alignright\"><a href=\"http:\/\/www.eltrabajo.cl\/portal\/2012\/06\/resguardo-animal-realizara-colecta-masiva-en-beneficio-de-animales-abandonados\/oreja1\/\" rel=\"attachment wp-att-18737\"><img data-recalc-dims=\"1\" loading=\"lazy\" decoding=\"async\" class=\"size-medium wp-image-18737  \" title=\"Oreja1\" src=\"https:\/\/i0.wp.com\/www.eltrabajo.cl\/portal\/wp-content\/uploads\/2012\/06\/Oreja1-300x200.jpg?resize=210%2C140\" alt=\"\" width=\"210\" height=\"140\" srcset=\"https:\/\/i0.wp.com\/eltrabajo.cl\/portal\/wp-content\/uploads\/2012\/06\/Oreja1.jpg?resize=300%2C200&amp;ssl=1 300w, https:\/\/i0.wp.com\/eltrabajo.cl\/portal\/wp-content\/uploads\/2012\/06\/Oreja1.jpg?resize=200%2C133&amp;ssl=1 200w, https:\/\/i0.wp.com\/eltrabajo.cl\/portal\/wp-content\/uploads\/2012\/06\/Oreja1.jpg?resize=150%2C100&amp;ssl=1 150w, https:\/\/i0.wp.com\/eltrabajo.cl\/portal\/wp-content\/uploads\/2012\/06\/Oreja1.jpg?resize=400%2C266&amp;ssl=1 400w, https:\/\/i0.wp.com\/eltrabajo.cl\/portal\/wp-content\/uploads\/2012\/06\/Oreja1.jpg?w=600&amp;ssl=1 600w\" sizes=\"auto, (max-width: 210px) 100vw, 210px\" \/><\/a><figcaption id=\"caption-attachment-18737\" class=\"wp-caption-text\">A este perrito, llamado \u2018Van Gogh\u2019, hubo que amputarle una de sus orejas. La intervenci\u00f3n se realiz\u00f3 gracias al dinero que los sanfelipe\u00f1os donan regularmente a Resguardo Animal.<\/figcaption><\/figure>\n<p>\u201cSabemos que este s\u00e1bado habr\u00e1 f\u00fatbol del bueno, es por ello que estaremos esperando el vuelto, muchos comprar\u00e1n carne para sus asados y esperamos que piensen en los animalitos que pueden ayudar con unas simples monedas, nuestra organizaci\u00f3n apenas contamos con 15.000 pesos en Caja, ojala que alg\u00fan empresario quiera tambi\u00e9n patrocinarnos\u201d, indic\u00f3 Reyes.<\/p>\n","protected":false},"excerpt":{"rendered":"<p>Roberto Gonz\u00e1lez Short &#8211; rgonzalez@eltrabajo.cl \u2018Resguardo Animal\u2019, una de las nuevas organizaciones locales que se dedican al rescate, vacunaci\u00f3n, esterilizaci\u00f3n y adopci\u00f3n de animales en abandono, realizar\u00e1n este s\u00e1bado 2 de junio,&#8230;<\/p>\n","protected":false},"author":482,"featured_media":18734,"comment_status":"open","ping_status":"closed","sticky":false,"template":"","format":"standard","meta":{"advanced_seo_description":"","jetpack_seo_html_title":"","jetpack_seo_noindex":false,"_jetpack_memberships_contains_paid_content":false,"footnotes":""},"categories":[15],"tags":[],"class_list":["post-18733","post","type-post","status-publish","format-standard","has-post-thumbnail","hentry","category-comunidad"],"jetpack_featured_media_url":"https:\/\/i0.wp.com\/eltrabajo.cl\/portal\/wp-content\/uploads\/2012\/06\/Grupo1.jpg?fit=600%2C450&ssl=1","jetpack_sharing_enabled":true,"jetpack_likes_enabled":true,"jetpack-related-posts":[],"_links":{"self":[{"href":"https:\/\/eltrabajo.cl\/portal\/wp-json\/wp\/v2\/posts\/18733","targetHints":{"allow":["GET"]}}],"collection":[{"href":"https:\/\/eltrabajo.cl\/portal\/wp-json\/wp\/v2\/posts"}],"about":[{"href":"https:\/\/eltrabajo.cl\/portal\/wp-json\/wp\/v2\/types\/post"}],"author":[{"embeddable":true,"href":"https:\/\/eltrabajo.cl\/portal\/wp-json\/wp\/v2\/users\/482"}],"replies":[{"embeddable":true,"href":"https:\/\/eltrabajo.cl\/portal\/wp-json\/wp\/v2\/comments?post=18733"}],"version-history":[{"count":0,"href":"https:\/\/eltrabajo.cl\/portal\/wp-json\/wp\/v2\/posts\/18733\/revisions"}],"wp:featuredmedia":[{"embeddable":true,"href":"https:\/\/eltrabajo.cl\/portal\/wp-json\/wp\/v2\/media\/18734"}],"wp:attachment":[{"href":"https:\/\/eltrabajo.cl\/portal\/wp-json\/wp\/v2\/media?parent=18733"}],"wp:term":[{"taxonomy":"category","embeddable":true,"href":"https:\/\/eltrabajo.cl\/portal\/wp-json\/wp\/v2\/categories?post=18733"},{"taxonomy":"post_tag","embeddable":true,"href":"https:\/\/eltrabajo.cl\/portal\/wp-json\/wp\/v2\/tags?post=18733"}],"curies":[{"name":"wp","href":"https:\/\/api.w.org\/{rel}","templated":true}]}}