{"id":18747,"date":"2012-06-01T09:45:32","date_gmt":"2012-06-01T13:45:32","guid":{"rendered":"http:\/\/www.eltrabajo.cl\/portal\/?p=18747"},"modified":"2012-06-01T09:45:32","modified_gmt":"2012-06-01T13:45:32","slug":"vecinos-reclaman-por-montanas-de-basura-en-de-poblacion-san-felipe","status":"publish","type":"post","link":"https:\/\/eltrabajo.cl\/portal\/vecinos-reclaman-por-montanas-de-basura-en-de-poblacion-san-felipe\/","title":{"rendered":"Vecinos reclaman por monta\u00f1as de basura en de poblaci\u00f3n San Felipe"},"content":{"rendered":"<figure id=\"attachment_18748\" aria-describedby=\"caption-attachment-18748\" style=\"width: 600px\" class=\"wp-caption alignnone\"><a href=\"http:\/\/www.eltrabajo.cl\/portal\/2012\/06\/vecinos-reclaman-por-montanas-de-basura-en-de-poblacion-san-felipe\/basural1\/\" rel=\"attachment wp-att-18748\"><img data-recalc-dims=\"1\" loading=\"lazy\" decoding=\"async\" class=\"size-full wp-image-18748\" title=\"Basural1\" src=\"https:\/\/i0.wp.com\/www.eltrabajo.cl\/portal\/wp-content\/uploads\/2012\/06\/Basural1.jpg?resize=600%2C450\" alt=\"\" width=\"600\" height=\"450\" srcset=\"https:\/\/i0.wp.com\/eltrabajo.cl\/portal\/wp-content\/uploads\/2012\/06\/Basural1.jpg?w=600&amp;ssl=1 600w, https:\/\/i0.wp.com\/eltrabajo.cl\/portal\/wp-content\/uploads\/2012\/06\/Basural1.jpg?resize=200%2C150&amp;ssl=1 200w, https:\/\/i0.wp.com\/eltrabajo.cl\/portal\/wp-content\/uploads\/2012\/06\/Basural1.jpg?resize=300%2C225&amp;ssl=1 300w, https:\/\/i0.wp.com\/eltrabajo.cl\/portal\/wp-content\/uploads\/2012\/06\/Basural1.jpg?resize=150%2C112&amp;ssl=1 150w, https:\/\/i0.wp.com\/eltrabajo.cl\/portal\/wp-content\/uploads\/2012\/06\/Basural1.jpg?resize=400%2C300&amp;ssl=1 400w\" sizes=\"auto, (max-width: 600px) 100vw, 600px\" \/><\/a><figcaption id=\"caption-attachment-18748\" class=\"wp-caption-text\">Este grupo de vecinos de la poblaci\u00f3n San Felipe, asegura que desde hace un mes no es atendida su solicitud de limpiar esta plazoleta.<\/figcaption><\/figure>\n<p>Roberto Gonz\u00e1lez Short &#8211; <a href=\"mailto:rgonzalez@eltrabajo.cl\">rgonzalez@eltrabajo.cl<\/a><\/p>\n<figure id=\"attachment_18751\" aria-describedby=\"caption-attachment-18751\" style=\"width: 210px\" class=\"wp-caption alignleft\"><a href=\"http:\/\/www.eltrabajo.cl\/portal\/2012\/06\/vecinos-reclaman-por-montanas-de-basura-en-de-poblacion-san-felipe\/guillermo1\/\" rel=\"attachment wp-att-18751\"><img data-recalc-dims=\"1\" loading=\"lazy\" decoding=\"async\" class=\"size-medium wp-image-18751 \" title=\"Guillermo1\" src=\"https:\/\/i0.wp.com\/www.eltrabajo.cl\/portal\/wp-content\/uploads\/2012\/06\/Guillermo1-300x262.jpg?resize=210%2C183\" alt=\"\" width=\"210\" height=\"183\" srcset=\"https:\/\/i0.wp.com\/eltrabajo.cl\/portal\/wp-content\/uploads\/2012\/06\/Guillermo1.jpg?resize=300%2C262&amp;ssl=1 300w, https:\/\/i0.wp.com\/eltrabajo.cl\/portal\/wp-content\/uploads\/2012\/06\/Guillermo1.jpg?resize=171%2C150&amp;ssl=1 171w, https:\/\/i0.wp.com\/eltrabajo.cl\/portal\/wp-content\/uploads\/2012\/06\/Guillermo1.jpg?resize=150%2C131&amp;ssl=1 150w, https:\/\/i0.wp.com\/eltrabajo.cl\/portal\/wp-content\/uploads\/2012\/06\/Guillermo1.jpg?resize=400%2C350&amp;ssl=1 400w, https:\/\/i0.wp.com\/eltrabajo.cl\/portal\/wp-content\/uploads\/2012\/06\/Guillermo1.jpg?w=600&amp;ssl=1 600w\" sizes=\"auto, (max-width: 210px) 100vw, 210px\" \/><\/a><figcaption id=\"caption-attachment-18751\" class=\"wp-caption-text\">Guillermo Silva, vecino que reclama tambi\u00e9n m\u00e1s consciencia de algunos de sus vecinos.<\/figcaption><\/figure>\n<p>Muy insatisfechos por la poca atenci\u00f3n recibida por parte de la Municipalidad, aseguran estar un grupo de vecinos de la poblaci\u00f3n San Felipe, espec\u00edficamente en Justo Estay con Luis Cereceda, esto en relaci\u00f3n al basural que ha llegado a acumularse en una de las plazoletas del sector.<\/p>\n<figure id=\"attachment_18749\" aria-describedby=\"caption-attachment-18749\" style=\"width: 210px\" class=\"wp-caption alignright\"><a href=\"http:\/\/www.eltrabajo.cl\/portal\/2012\/06\/vecinos-reclaman-por-montanas-de-basura-en-de-poblacion-san-felipe\/gaston1-3\/\" rel=\"attachment wp-att-18749\"><img data-recalc-dims=\"1\" loading=\"lazy\" decoding=\"async\" class=\"size-medium wp-image-18749 \" title=\"Gast\u00f3n1\" src=\"https:\/\/i0.wp.com\/www.eltrabajo.cl\/portal\/wp-content\/uploads\/2012\/06\/Gast%C3%B3n1-300x268.jpg?resize=210%2C188\" alt=\"\" width=\"210\" height=\"188\" srcset=\"https:\/\/i0.wp.com\/eltrabajo.cl\/portal\/wp-content\/uploads\/2012\/06\/Gast%C3%B3n1.jpg?resize=300%2C268&amp;ssl=1 300w, https:\/\/i0.wp.com\/eltrabajo.cl\/portal\/wp-content\/uploads\/2012\/06\/Gast%C3%B3n1.jpg?resize=167%2C150&amp;ssl=1 167w, https:\/\/i0.wp.com\/eltrabajo.cl\/portal\/wp-content\/uploads\/2012\/06\/Gast%C3%B3n1.jpg?resize=150%2C134&amp;ssl=1 150w, https:\/\/i0.wp.com\/eltrabajo.cl\/portal\/wp-content\/uploads\/2012\/06\/Gast%C3%B3n1.jpg?resize=400%2C357&amp;ssl=1 400w, https:\/\/i0.wp.com\/eltrabajo.cl\/portal\/wp-content\/uploads\/2012\/06\/Gast%C3%B3n1.jpg?w=600&amp;ssl=1 600w\" sizes=\"auto, (max-width: 210px) 100vw, 210px\" \/><\/a><figcaption id=\"caption-attachment-18749\" class=\"wp-caption-text\">Gast\u00f3n Hern\u00e1ndez, funcionario de la Dipma, asegura que la Municipalidad est\u00e1 trabajando arduo para solucionar estos problemas en toda la provincia.<\/figcaption><\/figure>\n<p>Aunque los pobladores reconocen que la mayor\u00eda de los desechos de construcci\u00f3n los tiran vecinos cercanos, aseguran que ellos no son los responsables directos del problema.<\/p>\n<p>\u201cHace ya un mes que estamos solicitando una soluci\u00f3n a este eterno problema, en la Municipalidad nos dicen que s\u00ed van a resolver el asunto, sin embargo la realidad es otra, pues las semanas pasan y la monta\u00f1a de escombros y \u00e1rboles secos sigue creciendo\u201d, asegur\u00f3 a Diario El Trabajo Rosa Cruz, una de las afectadas directas.<\/p>\n<p>El grupo de vecinos en cuesti\u00f3n comentaron que la Direcci\u00f3n de Protecci\u00f3n del Medio Ambiente, Dipma, s\u00ed vino a recoger recientemente un basural, pero que se llevaron otro basural y no el que ellos reclamaban fuese retirado. Guillermo Silva, otro vecino afectado, se\u00f1al\u00f3 a nuestro medio su preocupaci\u00f3n.<\/p>\n<figure id=\"attachment_18750\" aria-describedby=\"caption-attachment-18750\" style=\"width: 210px\" class=\"wp-caption alignleft\"><a href=\"http:\/\/www.eltrabajo.cl\/portal\/2012\/06\/vecinos-reclaman-por-montanas-de-basura-en-de-poblacion-san-felipe\/rosa1\/\" rel=\"attachment wp-att-18750\"><img data-recalc-dims=\"1\" loading=\"lazy\" decoding=\"async\" class=\"size-medium wp-image-18750 \" title=\"Rosa1\" src=\"https:\/\/i0.wp.com\/www.eltrabajo.cl\/portal\/wp-content\/uploads\/2012\/06\/Rosa1-300x266.jpg?resize=210%2C186\" alt=\"\" width=\"210\" height=\"186\" srcset=\"https:\/\/i0.wp.com\/eltrabajo.cl\/portal\/wp-content\/uploads\/2012\/06\/Rosa1.jpg?resize=300%2C266&amp;ssl=1 300w, https:\/\/i0.wp.com\/eltrabajo.cl\/portal\/wp-content\/uploads\/2012\/06\/Rosa1.jpg?resize=168%2C150&amp;ssl=1 168w, https:\/\/i0.wp.com\/eltrabajo.cl\/portal\/wp-content\/uploads\/2012\/06\/Rosa1.jpg?resize=150%2C133&amp;ssl=1 150w, https:\/\/i0.wp.com\/eltrabajo.cl\/portal\/wp-content\/uploads\/2012\/06\/Rosa1.jpg?resize=400%2C355&amp;ssl=1 400w, https:\/\/i0.wp.com\/eltrabajo.cl\/portal\/wp-content\/uploads\/2012\/06\/Rosa1.jpg?w=600&amp;ssl=1 600w\" sizes=\"auto, (max-width: 210px) 100vw, 210px\" \/><\/a><figcaption id=\"caption-attachment-18750\" class=\"wp-caption-text\">Rosa Cruz, vecina que reclama mejor atenci\u00f3n de parte del ente municipal.<\/figcaption><\/figure>\n<p>\u201cEsto est\u00e1 muy mal y peligroso, tampoco me parece que otros vecinos cercanos a nuestra alameda no tengan consciencia y hagan de nuestra plazoleta un basurero p\u00fablico, tenemos que ser m\u00e1s cultos\u201d, coment\u00f3 Silva.<\/p>\n<p>Por su parte, Gast\u00f3 Hern\u00e1ndez, de la Dipma, se\u00f1al\u00f3 que si bien es cierto este problema es inc\u00f3modo, la Municipalidad est\u00e1 trabajando en limpiar los muchos mont\u00edculos de \u00e1rboles y basurales que proliferan ahora m\u00e1s que nunca, si se toma en cuenta el temporal que afect\u00f3 la semana pasada nuestra provincia.<\/p>\n<p>Los interesados en coordinar con la Dimpa para que se les colecte esta clase de basurales org\u00e1nicos, pueden llamar al fono: 515927.<\/p>\n","protected":false},"excerpt":{"rendered":"<p>Roberto Gonz\u00e1lez Short &#8211; rgonzalez@eltrabajo.cl Muy insatisfechos por la poca atenci\u00f3n recibida por parte de la Municipalidad, aseguran estar un grupo de vecinos de la poblaci\u00f3n San Felipe, espec\u00edficamente en Justo Estay&#8230;<\/p>\n","protected":false},"author":482,"featured_media":18748,"comment_status":"open","ping_status":"closed","sticky":false,"template":"","format":"standard","meta":{"advanced_seo_description":"","jetpack_seo_html_title":"","jetpack_seo_noindex":false,"_jetpack_memberships_contains_paid_content":false,"footnotes":""},"categories":[15],"tags":[],"class_list":["post-18747","post","type-post","status-publish","format-standard","has-post-thumbnail","hentry","category-comunidad"],"jetpack_featured_media_url":"https:\/\/i0.wp.com\/eltrabajo.cl\/portal\/wp-content\/uploads\/2012\/06\/Basural1.jpg?fit=600%2C450&ssl=1","jetpack_sharing_enabled":true,"jetpack_likes_enabled":true,"jetpack-related-posts":[],"_links":{"self":[{"href":"https:\/\/eltrabajo.cl\/portal\/wp-json\/wp\/v2\/posts\/18747","targetHints":{"allow":["GET"]}}],"collection":[{"href":"https:\/\/eltrabajo.cl\/portal\/wp-json\/wp\/v2\/posts"}],"about":[{"href":"https:\/\/eltrabajo.cl\/portal\/wp-json\/wp\/v2\/types\/post"}],"author":[{"embeddable":true,"href":"https:\/\/eltrabajo.cl\/portal\/wp-json\/wp\/v2\/users\/482"}],"replies":[{"embeddable":true,"href":"https:\/\/eltrabajo.cl\/portal\/wp-json\/wp\/v2\/comments?post=18747"}],"version-history":[{"count":0,"href":"https:\/\/eltrabajo.cl\/portal\/wp-json\/wp\/v2\/posts\/18747\/revisions"}],"wp:featuredmedia":[{"embeddable":true,"href":"https:\/\/eltrabajo.cl\/portal\/wp-json\/wp\/v2\/media\/18748"}],"wp:attachment":[{"href":"https:\/\/eltrabajo.cl\/portal\/wp-json\/wp\/v2\/media?parent=18747"}],"wp:term":[{"taxonomy":"category","embeddable":true,"href":"https:\/\/eltrabajo.cl\/portal\/wp-json\/wp\/v2\/categories?post=18747"},{"taxonomy":"post_tag","embeddable":true,"href":"https:\/\/eltrabajo.cl\/portal\/wp-json\/wp\/v2\/tags?post=18747"}],"curies":[{"name":"wp","href":"https:\/\/api.w.org\/{rel}","templated":true}]}}